{"id":115737,"date":"2025-12-17T17:10:07","date_gmt":"2025-12-17T17:10:07","guid":{"rendered":"https:\/\/www.europesays.com\/no\/115737\/"},"modified":"2025-12-17T17:10:07","modified_gmt":"2025-12-17T17:10:07","slug":"donald-trump-truer-med-a-flytte-norges-vm-kamper-bort-fra-boston-fotball-vm-2026","status":"publish","type":"post","link":"https:\/\/www.europesays.com\/no\/115737\/","title":{"rendered":"Donald Trump truer med \u00e5 flytte Norges VM-kamper bort fra Boston \u2013 Fotball-VM 2026"},"content":{"rendered":"<p><strong>Boston, 5. oktober 2025:<\/strong><\/p>\n<p>Det er natt til s\u00f8ndag. I gatene har over 100 personer samlet seg. De har satt opp biler for \u00e5 blokkere trafikken. N\u00e5 skal de selv kj\u00f8re p\u00e5 de \u00e5pne veiene.<\/p>\n<p>Dette er \u00abstreet takeover\u00bb nummer to denne natta. Politiet rykker ut, men i gatene er folk forberedt. Fyrverkeri blir sendt i alle retninger. Til slutt st\u00e5r en politibil i brann og to unge menn blir arrestert.<\/p>\n<p>Det har skjedd flere slike hendelser f\u00f8r. Men bildet av politibilen i brann kan, i ytterste konsekvens, f\u00e5 konsekvenser for VM-sluttspillet neste sommer.<\/p>\n<p>\u2013 Vi kan ta dem vekk<\/p>\n<p>Donald Trump mener at flere av byene som skal arrangere VM ikke er trygge nok. Noen dager etter hendelsen i Boston nemlig Trump pressen i Det hvite hus. Der fikk han sp\u00f8rsm\u00e5l om politibilen som stod i brann og de kaotiske scenene.<\/p>\n<p><strong>\u2013 Vi kan ta dem vekk. Jeg elsker menneskene i Boston, men borgermesteren er ikke bra. Det er de som er verre enn henne, i det minste er hun intelligent. Hun er intelligent, men hun er en radikal venstrepolitiker, sa Donald Trump p\u00e5 et pressem\u00f8te for under to m\u00e5neder siden.<\/strong><\/p>\n<p><img decoding=\"async\"   src=\"data:image\/gif;base64,R0lGODlhAQABAIAAAAAAAP\/\/\/yH5BAEAAAAALAAAAAABAAEAAAIBRAA7\" loading=\"eager\" alt=\"Donald Trump\" title=\"Foto: Jia Haocheng \/ AP \/ NTB\"\/><\/p>\n<p class=\"\">FREDSPRIS: Donald Trump fikk Fifas fredspris under VM-trekningen. Her p\u00e5 scenen sammen med Gianni Infantino.<\/p>\n<p>Foto: Jia Haocheng \/ AP \/ NTB<\/p>\n<p>N\u00e5r han snakket om \u00e5 \u00abta dem vekk\u00bb, mente han rett og slett \u00e5 flytte VM-kampene som skal arrangeres i Boston neste sommer.<\/p>\n<p>\u2013 Jeg mener hun skader Boston. Svaret er ja, hvis noen gj\u00f8r en d\u00e5rlig jobb og jeg f\u00f8ler det er utrygge forhold vil jeg ringe Gianni Infantino og si at vi m\u00e5 flytte det til en annen by. Han ville gjort det. Han ville ikke elsket \u00e5 gj\u00f8re det, men han ville gjort det veldig enkelt, sa Trump.<\/p>\n<p><img decoding=\"async\"   src=\"data:image\/gif;base64,R0lGODlhAQABAIAAAAAAAP\/\/\/yH5BAEAAAAALAAAAAABAAEAAAIBRAA7\" loading=\"eager\" alt=\"Michelle Wu, borgermester i Boston\" title=\"Foto: SAUL LOEB \/ AFP \/ NTB\"\/><\/p>\n<p class=\"\">BORGERMESTER: Michelle Wu.<\/p>\n<p>Foto: SAUL LOEB \/ AFP \/ NTB<\/p>\n<p>\u2013 Vi kommer til \u00e5 fortsette \u00e5 v\u00e6re de vi er. Det betyr, dessverre, at vi kommer til \u00e5 bli diskutert p\u00e5 en m\u00e5te som angriper verdiene til Boston, <a href=\"https:\/\/www.theguardian.com\/football\/2025\/oct\/15\/boston-mayor-michelle-wu-donald-trump-world-cup-2026\" ec-id=\"https:\/\/www.theguardian.com\/football\/2025\/oct\/15\/boston-mayor-michelle-wu-donald-trump-world-cup-2026\" ec-name=\"svarte borgermester Michelle Wu noen dager senere.\" rel=\"nofollow noopener\" target=\"_blank\">svarte borgermester Michelle Wu noen dager senere.<\/a><\/p>\n<p><strong>Hvis trusselen blir en realitet, betyr det at to av Norges VM-kamper flyttes.<\/strong><\/p>\n<ul class=\"_dh-fotballvm-2026-v1_kamper\">\n<li class=\"_dh-fotballvm-2026-v1_kamp\">\n<\/li>\n<li class=\"_dh-fotballvm-2026-v1_kamp\">\n<p>\n        02:00<br \/>\n        NRK\n      <\/p>\n<p class=\"_dh-fotballvm-2026-v1_kamp--lag\">Norge  \u2013  Senegal<\/p>\n<p class=\"_dh-fotballvm-2026-v1_kamp--sted\">New York<\/p>\n<\/li>\n<li class=\"_dh-fotballvm-2026-v1_kamp\">\n<p>\n        21:00<br \/>\n        NRK\n      <\/p>\n<p class=\"_dh-fotballvm-2026-v1_kamp--lag\">Norge  \u2013  Frankrike<\/p>\n<p class=\"_dh-fotballvm-2026-v1_kamp--sted\">Boston<\/p>\n<\/li>\n<\/ul>\n<p>*FIFA play-off 2: Bolivia, Surinam og Irak. Avgj\u00f8res i mars.<\/p>\n<p>\u2013 Hadde v\u00e6rt veldig forstyrrende<\/p>\n<p>Trump har truet flere av sommerens VM-byer med det samme. San Francisco, Los Angeles og Seattle er blant byene som har blitt utsatt for samme trussel.<\/p>\n<p><strong>Byene har minst \u00e9n ting til felles: De har alle borgermesteren som er demokrater, alts\u00e5 er de politiske motstandere av Trumps republikanske parti.<\/strong><\/p>\n<p>I utgangspunktet har ikke Trump myndighet til \u00e5 flytte kamper, p\u00e5 papiret er det kun Fifa som kan gj\u00f8re det. Det er likevel et stort men. Det disse byene ogs\u00e5 har til felles er at de ikke \u00f8nsker at Trump skal sette inn nasjonalgarden for \u00e5 sl\u00e5 ned p\u00e5 demonstrasjoner og uroligheter. Argumentasjonen til Trump handler derfor om sikkerhet.<\/p>\n<p>\u2013 Hvis den sentrale administrasjonen mener at en by er for progressiv eller ikke er p\u00e5 linje med det Trump vil se i byene, s\u00e5 f\u00f8ler Trump at han har myndigheten til \u00e5 si at han kan ta bort kamper fra de byene. Det skyldes rett og slett forskjellen p\u00e5 disse bl\u00e5 byene og Trumps politikk, sier Jennifer Li til NRK.<\/p>\n<p><strong>Hun er leder av Dignity 2026, en paraplyorganisasjon som jobber for at neste \u00e5rs VM skal ha positive konsekvenser for innbyggerne i USA.<\/strong><\/p>\n<p>Li frykter det motsatte. N\u00e5r hun m\u00f8ter NRK p\u00e5 Manhattan, har hun nettopp hatt et mange timers langt m\u00f8te med arrang\u00f8ren i New York, de som blant annet skal arrangere Norges VM-kamp mot Senegal.<\/p>\n<p><img decoding=\"async\"   src=\"data:image\/gif;base64,R0lGODlhAQABAIAAAAAAAP\/\/\/yH5BAEAAAAALAAAAAABAAEAAAIBRAA7\" loading=\"eager\" alt=\"Jennifer Li i Dignity 2026\" title=\"Foto: Halvor Ekeland \/ NRK\"\/><\/p>\n<p class=\"\">DIGNITY 2026: Jennifer Li er koordinator i nettverket av organisasjoner som jobber for at VM skal gi et positivt avtrykk i USA.<\/p>\n<p>Foto: Halvor Ekeland \/ NRK<\/p>\n<p>Men kan dette faktisk skje? Li er usikker.<\/p>\n<p><strong>\u2013 Jeg tenker at i dagens klima i USA, s\u00e5 er det vanskelig \u00e5 si noe sikkert, men det hadde v\u00e6rt veldig forstyrrende. Det ser Fifa ogs\u00e5. Det f\u00f8les som om brannen er i ferd med \u00e5 slukke, jeg tror de fleste byene f\u00e5r arrangere. Samtidig er det fortsatt litt vent-og-se. Jeg tror det er veldig klart at det ikke kan skje uten gigantiske f\u00f8lger.<\/strong><\/p>\n<p>\u2013 Er trusselen reell eller er det bare et politisk utspill?<\/p>\n<p>\u2013 Hva er forskjellen? For meg er det det samme. Selv om han ikke kan f\u00f8lge opp trusselen, s\u00e5 er det fortsatt skremmende trussel for byene. De f\u00f8ler at uansett om det vil skje eller ikke, s\u00e5 m\u00e5 de f\u00f8ye seg etter det Trump sier.<\/p>\n<p>Kritiserer Fifa<\/p>\n<p>I USA har det s\u00e6rlig v\u00e6rt en heftig debatt knyttet til Trumps kamp mot det han mener er ulovlige flyktninger til landet. ICE er etaten som har f\u00e5tt ansvaret for rett og slett \u00e5 kaste de ulovlige innvandrerne ut av landet. Det har f\u00f8rt til en rekke arrestasjoner og dermed ogs\u00e5 demonstrasjoner mot dem.<\/p>\n<p><strong>Og nettopp disse demonstrasjonene er noe av det Trump vil sl\u00e5 hardt ned p\u00e5 ved, blant annet, \u00e5 sette inn nasjonalgarden.<\/strong><\/p>\n<p><img decoding=\"async\"   src=\"data:image\/gif;base64,R0lGODlhAQABAIAAAAAAAP\/\/\/yH5BAEAAAAALAAAAAABAAEAAAIBRAA7\" loading=\"eager\" alt=\"Daniel Noro\u00f1a i Amnesty USA\" title=\"Foto: Halvor Ekeland \/ NRK\"\/><\/p>\n<p class=\"\">BEKYMRET: Daniel Noro\u00f1a i Amnesty USA.<\/p>\n<p>Foto: Halvor Ekeland \/ NRK<\/p>\n<p>Samtidig er nettopp trusselen fra immigrasjonsmyndighetene noe for eksempel Amnesty frykter.<\/p>\n<p>\u2013 Det jeg frykter mest under VM er at \u00f8kt sikkerhet vil provosere frem flere uberettigede arrestasjoner og at det i praksis kommer til \u00e5 v\u00e6re folk som blir utelukket fra \u00e5 se kampene, sier Daniel Noro\u00f1a, direkt\u00f8r i Amnesty USA, til NRK.<\/p>\n<p>Trump gjentok truslene mot byene s\u00e5 sent som 18 november, p\u00e5 en seanse sammen med Fifa-president Infantino i Det hvite hus. P\u00e5 et tidspunkt snudde han seg mot Fifa-presidenten.<\/p>\n<p>\u2013 Gianni, kan jeg si at vi vil flytte dem? Jeg tror ikke det blir s\u00e5 store problemer, men hvis det blir det s\u00e5 vil vi flytte kampene til et sted de blir verdsatt og trygge.<\/p>\n<p><img decoding=\"async\"   src=\"data:image\/gif;base64,R0lGODlhAQABAIAAAAAAAP\/\/\/yH5BAEAAAAALAAAAAABAAEAAAIBRAA7\" loading=\"eager\" alt=\"Trump og Infantino\" title=\"Foto: AFP\"\/><\/p>\n<p class=\"\">PRESIDENTER: USAs president Donald Trump og Fifa-president Gianni Infantino sammen i det hvite hus.<\/p>\n<p>Foto: AFP<\/p>\n<p>Infantino tok et steg frem og svarte:<\/p>\n<p><strong>\u2013 Ja, jeg mener sikkerhet og trygghet er f\u00f8rsteprioritet for \u00e5 a et suksessfullt VM, sa Infantino f\u00f8r han raskt skiftet tema til alle billettene som er solgt til mesterskapet.<\/strong><\/p>\n<p><img decoding=\"async\"   src=\"data:image\/gif;base64,R0lGODlhAQABAIAAAAAAAP\/\/\/yH5BAEAAAAALAAAAAABAAEAAAIBRAA7\" loading=\"eager\" alt=\"Jennifer Li i Dignity 2026\" title=\"Foto: Halvor Ekeland \/ NRK\"\/><\/p>\n<p class=\"\">KRITISK: Jennifer Li i Dignity 2026.<\/p>\n<p>Foto: Halvor Ekeland \/ NRK<\/p>\n<p>At Infantino ikke tar tydeligere avstand fra Trumps trusler, frustrerer Jennifer Li.<\/p>\n<p>\u2013 Jeg vil si at man m\u00e5 se p\u00e5 hva Fifa gj\u00f8r, ikke hva de sier. De vingler frem og tilbake og de svarer ikke p\u00e5 sp\u00f8rsm\u00e5l fra pressen. Fifa skj\u00f8nner hvor politisk hele dette mesterskapet er blitt. Det er vanskelig for Fifa \u00e5 si at de ikke driver med politikk eller har makt over politikken.<\/p>\n<p>Publisert<\/p>\n<p>17.12.2025, kl. 17.02<\/p>\n<p>Oppdatert<\/p>\n<p>17.12.2025, kl. 17.49<\/p>\n","protected":false},"excerpt":{"rendered":"Boston, 5. oktober 2025: Det er natt til s\u00f8ndag. I gatene har over 100 personer samlet seg. De&hellip;\n","protected":false},"author":2,"featured_media":115738,"comment_status":"","ping_status":"","sticky":false,"template":"","format":"standard","meta":{"footnotes":""},"categories":[10],"tags":[20,21,24,25,15,22,23,13,30,28,29,14,16,26,27],"class_list":{"0":"post-115737","1":"post","2":"type-post","3":"status-publish","4":"format-standard","5":"has-post-thumbnail","7":"category-norge","8":"tag-breaking-news","9":"tag-breakingnews","10":"tag-featured-news","11":"tag-featurednews","12":"tag-headlines","13":"tag-latest-news","14":"tag-latestnews","15":"tag-news","16":"tag-no","17":"tag-norge","18":"tag-norway","19":"tag-nyheter","20":"tag-overskrifter","21":"tag-top-stories","22":"tag-topstories"},"share_on_mastodon":{"url":"https:\/\/pubeurope.com\/@no\/115736020598272058","error":""},"_links":{"self":[{"href":"https:\/\/www.europesays.com\/no\/wp-json\/wp\/v2\/posts\/115737","targetHints":{"allow":["GET"]}}],"collection":[{"href":"https:\/\/www.europesays.com\/no\/wp-json\/wp\/v2\/posts"}],"about":[{"href":"https:\/\/www.europesays.com\/no\/wp-json\/wp\/v2\/types\/post"}],"author":[{"embeddable":true,"href":"https:\/\/www.europesays.com\/no\/wp-json\/wp\/v2\/users\/2"}],"replies":[{"embeddable":true,"href":"https:\/\/www.europesays.com\/no\/wp-json\/wp\/v2\/comments?post=115737"}],"version-history":[{"count":0,"href":"https:\/\/www.europesays.com\/no\/wp-json\/wp\/v2\/posts\/115737\/revisions"}],"wp:featuredmedia":[{"embeddable":true,"href":"https:\/\/www.europesays.com\/no\/wp-json\/wp\/v2\/media\/115738"}],"wp:attachment":[{"href":"https:\/\/www.europesays.com\/no\/wp-json\/wp\/v2\/media?parent=115737"}],"wp:term":[{"taxonomy":"category","embeddable":true,"href":"https:\/\/www.europesays.com\/no\/wp-json\/wp\/v2\/categories?post=115737"},{"taxonomy":"post_tag","embeddable":true,"href":"https:\/\/www.europesays.com\/no\/wp-json\/wp\/v2\/tags?post=115737"}],"curies":[{"name":"wp","href":"https:\/\/api.w.org\/{rel}","templated":true}]}}