{"id":115739,"date":"2025-12-17T17:11:17","date_gmt":"2025-12-17T17:11:17","guid":{"rendered":"https:\/\/www.europesays.com\/no\/115739\/"},"modified":"2025-12-17T17:11:17","modified_gmt":"2025-12-17T17:11:17","slug":"tenaring-ranet-ung-mann-pagrepet","status":"publish","type":"post","link":"https:\/\/www.europesays.com\/no\/115739\/","title":{"rendered":"Ten\u00e5ring ranet \u2013 ung mann p\u00e5grepet"},"content":{"rendered":"\n<p class=\"_lead_o9xde_2 _lead_xtcu6_50 layout-component text-serif-m layout-normal text-serif-l layout-component layout-wide layout-padded _wide_17hqh_1 layout-padded\">En mann i slutten av ten\u00e5rene er p\u00e5grepet etter at en annen mann i ten\u00e5rene ble truet og fraranet flere eiendeler i n\u00e6rheten av \u00c5lg\u00e5rd sentrum natt til onsdag.<\/p>\n<ul aria-hidden=\"true\" class=\"_images_ntbth_112\">\n<li><a class=\"_link_ntbth_117\" href=\"https:\/\/www.vg.no\/forfatter\/ntb\" style=\"z-index:1\" title=\"NTB\" rel=\"nofollow noopener\" target=\"_blank\"><img alt=\"Bilde av NTB\" class=\"_image_ntbth_93\" fetchpriority=\"low\" loading=\"lazy\" decoding=\"async\" itemprop=\"image\"  src=\"https:\/\/www.europesays.com\/no\/wp-content\/uploads\/2025\/12\/1765991476_386_c33980b0-5d07-4027-84a1-813f90a7c8d6\"  width=\"480\"\/><\/a><\/li>\n<\/ul>\n<p> Oppdatert onsdag 17. desember kl. 05:54    <\/p>\n<ul class=\"_list_o9xde_3 _list_64s2r_85 _unordered_o9xde_106 text-sans-m\">\n<li class=\"_item_o9xde_30\">En mann i slutten av ten\u00e5rene er p\u00e5grepet etter et ran ved \u00c5lg\u00e5rd sentrum natt til onsdag.<\/li>\n<li class=\"_item_o9xde_30\">Ransmannen skal ha truet et offer med et v\u00e5pen og fraranet ham flere eiendeler.<\/li>\n<li class=\"_item_o9xde_30\">Politiet p\u00e5grep den mistenkte p\u00e5 en adresse i n\u00e6rheten og beslagla v\u00e5penet.<\/li>\n<\/ul>\n<p>Vis mer <\/p>\n<p class=\"_paragraph_o9xde_4 _paragraph_xtcu6_10 layout-component text-serif-m layout-normal text-serif-m layout-padded\">Politiet fikk melding om hendelsen onsdag klokken 00.50. If\u00f8lge politiet skal den mistenkte ha truet forn\u00e6rmede med et v\u00e5pen for \u00e5 f\u00e5 han til \u00e5 gi fra seg personlige gjenstander.<\/p>\n<p class=\"_paragraph_o9xde_4 _paragraph_xtcu6_10 layout-component text-serif-m layout-normal text-serif-m layout-padded\">\u2013 Det var forn\u00e6rmede som varslet politiet om saken, som hadde skjedd like f\u00f8r, forteller operasjonsleder Roger Litlatun i S\u00f8rvest politidistrikt til NTB.<\/p>\n<p class=\"_paragraph_o9xde_4 _paragraph_xtcu6_10 layout-component text-serif-m layout-normal text-serif-m layout-padded\">Ransofferet kom ikke fysisk til skade.<\/p>\n<p class=\"_paragraph_o9xde_4 _paragraph_xtcu6_10 layout-component text-serif-m layout-normal text-serif-m layout-padded\">\u2013 Opplysninger vi innhentet p\u00e5 stedet f\u00f8rte til at en mistenkt ble lokalisert og p\u00e5grepet p\u00e5 en adresse i n\u00e6rheten. Under ransaking fant politiet et v\u00e5pen som knyttes til saken.<\/p>\n<p class=\"_paragraph_o9xde_4 _paragraph_xtcu6_10 layout-component text-serif-m layout-normal text-serif-m layout-padded\">\u2013 Det er beslaglagt, men vi har ikke unders\u00f8kt det n\u00e6rmere n\u00e5 i natt, sier operasjonslederen.<\/p>\n<p class=\"_paragraph_o9xde_4 _paragraph_xtcu6_10 layout-component text-serif-m layout-normal text-serif-m layout-padded\">Forn\u00e6rmede kjente ikke til den mistenkte ransmannen, som er kjent for politiet for andre forhold. Han sitter natt til onsdag i arresten i p\u00e5vente av avh\u00f8r.<\/p>\n","protected":false},"excerpt":{"rendered":"En mann i slutten av ten\u00e5rene er p\u00e5grepet etter at en annen mann i ten\u00e5rene ble truet og&hellip;\n","protected":false},"author":2,"featured_media":115740,"comment_status":"","ping_status":"","sticky":false,"template":"","format":"standard","meta":{"footnotes":""},"categories":[5],"tags":[12621,20,21,24,25,15,19,22,23,17,18,13,30,28,29,14,16,3878,26,27],"class_list":{"0":"post-115739","1":"post","2":"type-post","3":"status-publish","4":"format-standard","5":"has-post-thumbnail","7":"category-overskrifter","8":"tag-algard","9":"tag-breaking-news","10":"tag-breakingnews","11":"tag-featured-news","12":"tag-featurednews","13":"tag-headlines","14":"tag-hovedoppslag","15":"tag-latest-news","16":"tag-latestnews","17":"tag-main-news","18":"tag-mainnews","19":"tag-news","20":"tag-no","21":"tag-norge","22":"tag-norway","23":"tag-nyheter","24":"tag-overskrifter","25":"tag-ran","26":"tag-top-stories","27":"tag-topstories"},"share_on_mastodon":{"url":"https:\/\/pubeurope.com\/@no\/115736024525796987","error":""},"_links":{"self":[{"href":"https:\/\/www.europesays.com\/no\/wp-json\/wp\/v2\/posts\/115739","targetHints":{"allow":["GET"]}}],"collection":[{"href":"https:\/\/www.europesays.com\/no\/wp-json\/wp\/v2\/posts"}],"about":[{"href":"https:\/\/www.europesays.com\/no\/wp-json\/wp\/v2\/types\/post"}],"author":[{"embeddable":true,"href":"https:\/\/www.europesays.com\/no\/wp-json\/wp\/v2\/users\/2"}],"replies":[{"embeddable":true,"href":"https:\/\/www.europesays.com\/no\/wp-json\/wp\/v2\/comments?post=115739"}],"version-history":[{"count":0,"href":"https:\/\/www.europesays.com\/no\/wp-json\/wp\/v2\/posts\/115739\/revisions"}],"wp:featuredmedia":[{"embeddable":true,"href":"https:\/\/www.europesays.com\/no\/wp-json\/wp\/v2\/media\/115740"}],"wp:attachment":[{"href":"https:\/\/www.europesays.com\/no\/wp-json\/wp\/v2\/media?parent=115739"}],"wp:term":[{"taxonomy":"category","embeddable":true,"href":"https:\/\/www.europesays.com\/no\/wp-json\/wp\/v2\/categories?post=115739"},{"taxonomy":"post_tag","embeddable":true,"href":"https:\/\/www.europesays.com\/no\/wp-json\/wp\/v2\/tags?post=115739"}],"curies":[{"name":"wp","href":"https:\/\/api.w.org\/{rel}","templated":true}]}}