{"id":115741,"date":"2025-12-17T17:16:12","date_gmt":"2025-12-17T17:16:12","guid":{"rendered":"https:\/\/www.europesays.com\/no\/115741\/"},"modified":"2025-12-17T17:16:12","modified_gmt":"2025-12-17T17:16:12","slug":"usa-vil-oke-presset-mot-russland","status":"publish","type":"post","link":"https:\/\/www.europesays.com\/no\/115741\/","title":{"rendered":"USA vil \u00f8ke presset mot Russland"},"content":{"rendered":"\n<p class=\"_lead_o9xde_2 _lead_xtcu6_50 layout-component text-serif-m layout-normal text-serif-l layout-component layout-wide layout-padded _wide_17hqh_1 layout-padded\">\u2013 Det er skjebnedager for Ukraina, sier statsminister Jonas Gahr St\u00f8re (Ap). Han er forberedt p\u00e5 \u00e5 bruke deler av juleferien til \u00e5 jobbe med fredsplanen.<\/p>\n<p><img alt=\"JOBB-JUL: Det kan bli nye Ukraina-m\u00f8ter i juleferien for statsminister Jonas Gahr St\u00f8re. Foto: Helge Mikalsen \/ VG\" class=\"_image_qp4xg_65 layout-component layout-wide\" data-fullscreen- data-track-element-type=\"Article image fullscreen\" data-track-name=\"ImageFullscreen\" fetchpriority=\"high\" decoding=\"sync\" loading=\"eager\" height=\"3592\" itemprop=\"image\"  src=\"https:\/\/www.europesays.com\/no\/wp-content\/uploads\/2025\/12\/9adc7b40-f6b9-4104-9aee-14ad58e70028\"  style=\"object-position:0% 0%\" width=\"5392\"\/>JOBB-JUL: Det kan bli nye Ukraina-m\u00f8ter i juleferien for statsminister Jonas Gahr St\u00f8re. Foto: Helge Mikalsen \/ VG<\/p>\n<ul aria-hidden=\"true\" class=\"_images_ntbth_112\">\n<li><a class=\"_link_ntbth_117\" href=\"https:\/\/www.vg.no\/forfatter\/alf-bjarne-johnsen\" style=\"z-index:2\" title=\"Alf Bjarne Johnsen\" rel=\"nofollow noopener\" target=\"_blank\"><img alt=\"Bilde av Alf Bjarne Johnsen\" class=\"_image_ntbth_93\" fetchpriority=\"low\" loading=\"lazy\" decoding=\"async\" itemprop=\"image\"  src=\"https:\/\/www.europesays.com\/no\/wp-content\/uploads\/2025\/12\/1765991771_243_a8952b63-f4d3-424e-ab5c-93e67076c9b0\"  width=\"480\"\/><\/a><\/li>\n<li><a class=\"_link_ntbth_117\" href=\"https:\/\/www.vg.no\/forfatter\/helge-mikalsen\" style=\"z-index:1\" title=\"Helge Mikalsen (foto)\" rel=\"nofollow noopener\" target=\"_blank\"><img alt=\"Bilde av Helge Mikalsen (foto)\" class=\"_image_ntbth_93\" fetchpriority=\"low\" loading=\"lazy\" decoding=\"async\" itemprop=\"image\"  src=\"https:\/\/www.europesays.com\/no\/wp-content\/uploads\/2025\/12\/1765991771_327_28493d15-65ed-4183-8dac-cf9c125f8eeb\"  width=\"480\"\/><\/a><\/li>\n<\/ul>\n<p> Oppdatert onsdag 17. desember kl. 17:54    <\/p>\n<ul class=\"_list_o9xde_3 _list_64s2r_85 _unordered_o9xde_106 text-sans-m\">\n<li class=\"_item_o9xde_30\">Statsminister Jonas Gahr St\u00f8re forbereder seg p\u00e5 \u00e5 bruke juleferien til \u00e5 jobbe med Ukrainas fredsplan.<\/li>\n<li class=\"_item_o9xde_30\">Han bekrefter det kan komme nye amerikanske sanksjoner mot Russland. <\/li>\n<li class=\"_item_o9xde_30\">St\u00f8re mener presset p\u00e5 Russland m\u00e5 \u00f8kes om de ikke viser vilje til fred.<\/li>\n<li class=\"_item_o9xde_30\">Europeiske ledere, inkludert St\u00f8re, st\u00f8tter Ukrainas rett til selv \u00e5 avgj\u00f8re grensesp\u00f8rsm\u00e5l.<\/li>\n<\/ul>\n<p>Vis mer <\/p>\n<p class=\"_paragraph_o9xde_4 _paragraph_xtcu6_10 layout-component text-serif-m layout-normal text-serif-m layout-padded\">\u2013 Julen for meg blir her i statsministerboligen, opplyste St\u00f8re da han m\u00f8tte pressen onsdag, til sin tradisjonelle f\u00f8rjuls-prat.<\/p>\n<p class=\"_paragraph_o9xde_4 _paragraph_xtcu6_10 layout-component text-serif-m layout-normal text-serif-m layout-padded\">Overfor VG g\u00e5r St\u00f8re langt i \u00e5 bekrefte <a href=\"https:\/\/www.vg.no\/nyheter\/i\/JO1zK4\/usa-forbereder-nye-russland-sanksjoner-hvis-putin-avviser-fred\" data-track-element-type=\"Link\" data-track-id=\"link:JO1zK4\" class=\"_link_o9xde_39\" rel=\"nofollow noopener\" target=\"_blank\">nyhetsmeldinger om at USA forbereder nye sanksjoner mot Russland. <\/a><\/p>\n<p class=\"_paragraph_o9xde_4 _paragraph_xtcu6_10 layout-component text-serif-m layout-normal text-serif-m layout-padded\">\u2013 Det kan komme noe p\u00e5 energi-siden. Jeg tror det er et signal til Russland at amerikanerne mener alvor, sier St\u00f8re til VG.<\/p>\n<p class=\"_paragraph_o9xde_4 _paragraph_xtcu6_10 layout-component text-serif-m layout-normal text-serif-m layout-padded\">\u2013  Har du kunnskap om nye amerikanske sanksjoner?<\/p>\n<p class=\"_paragraph_o9xde_4 _paragraph_xtcu6_10 layout-component text-serif-m layout-normal text-serif-m layout-padded\">\u2013 Jeg tror f\u00f8rst og fremst at USA \u00f8nsker \u00e5 legge et press p\u00e5 at n\u00e5r de n\u00e5 kommer til en slags felles forst\u00e5else med <a href=\"https:\/\/www.vg.no\/tag\/ukraina?utm_source=vg-article&amp;utm_medium=auto-tagger&amp;utm_campaign=8pweJd\" class=\"_link_o9xde_39\" rel=\"nofollow noopener\" target=\"_blank\">Ukraina<\/a> om hvordan denne veien kan g\u00e5 videre, s\u00e5 m\u00e5 Russland ogs\u00e5 v\u00e6re med og bidra konstruktivt, sier St\u00f8re.<\/p>\n<p class=\"_paragraph_o9xde_4 _paragraph_xtcu6_10 layout-component text-serif-m layout-normal text-serif-m layout-padded\">Nyhetsbyr\u00e5et Bloomberg meldte onsdag morgen at <a href=\"https:\/\/www.vg.no\/nyheter\/i\/JO1zK4\/usa-forbereder-nye-russland-sanksjoner-hvis-putin-avviser-fred\" data-track-element-type=\"Link\" data-track-id=\"link:JO1zK4\" class=\"_link_o9xde_39\" rel=\"nofollow noopener\" target=\"_blank\">USA forbereder sanksjoner <\/a>dersom Moskva enda en gang avviser en fredsavtale med USA om Ukraina.<\/p>\n<p><img alt=\"Foto: Helge Mikalsen \/ VG\" class=\"_image_qp4xg_65 layout-component layout-normal\" data-fullscreen- data-track-element-type=\"Article image fullscreen\" data-track-name=\"ImageFullscreen\" decoding=\"async\" loading=\"lazy\" height=\"3592\" itemprop=\"image\"  src=\"https:\/\/www.europesays.com\/no\/wp-content\/uploads\/2025\/12\/70854701-ee9d-47fd-863e-1fa86abacaac\"  style=\"object-position:0% 0%\" width=\"5392\"\/>Foto: Helge Mikalsen \/ VGPresset m\u00e5 \u00f8kes <\/p>\n<p class=\"_paragraph_o9xde_4 _paragraph_xtcu6_10 layout-component text-serif-m layout-normal text-serif-m layout-padded\">St\u00f8re viser til at Senatet i Washington behandler et forslag som vil stemple Russland som <a href=\"https:\/\/www.vg.no\/nyheter\/i\/wgWW91\/stoere-19-000-bortfoerte-barn-kan-paavirke-fredssamtaler\" data-track-element-type=\"Link\" data-track-id=\"link:wgWW91\" class=\"_link_o9xde_39\" rel=\"nofollow noopener\" target=\"_blank\">sponsor av statsterrorisme. <\/a><\/p>\n<p class=\"_paragraph_o9xde_4 _paragraph_xtcu6_10 layout-component text-serif-m layout-normal text-serif-m layout-padded\">\u2013 Der er det et stort flertall i Senatet som \u00f8nsker \u00e5 vedta den resolusjonen, som \u00e5pner for at USA kan innf\u00f8re sanksjoner som f\u00f8lge av det. Og for noen uker sidene innf\u00f8rte USA sanksjoner mot to ledende russiske oljeselskaper, <a href=\"https:\/\/www.vg.no\/nyheter\/i\/yELmXa\/putin-om-sanksjonene-et-forsoek-paa-aa-legge-press\" data-track-element-type=\"Link\" data-track-id=\"link:yELmXa\" class=\"_link_o9xde_39\" rel=\"nofollow noopener\" target=\"_blank\">Lukoil og Rosneft<\/a>. Det var kanskje det mest smertelige sanksjons-tiltaket som har truffet dem i nyere tid, sier han.<\/p>\n<p class=\"_paragraph_o9xde_4 _paragraph_xtcu6_10 layout-component text-serif-m layout-normal text-serif-m layout-padded\"><strong class=\"_strong_o9xde_25\">\u2013 Hvis Russland ikke viser vilje til \u00e5 v\u00e6re med p\u00e5 arbeidet for en fredsl\u00f8sning, s\u00e5 m\u00e5 presset p\u00e5 Russland opprettholdes og om n\u00f8dvendig \u00f8kes, legger St\u00f8re til.<\/strong><\/p>\n<p><img alt=\"SMAKTE P\u00c5 MULTEKREMEN: Statsministeren gikk rett p\u00e5 multekrem-sk\u00e5len f\u00f8r han m\u00f8tte pressen onsdag.   Foto: Helge Mikalsen \/ VG\" class=\"_image_qp4xg_65 layout-component layout-normal\" data-fullscreen- data-track-element-type=\"Article image fullscreen\" data-track-name=\"ImageFullscreen\" decoding=\"async\" loading=\"lazy\" height=\"5504\" itemprop=\"image\"  src=\"https:\/\/www.europesays.com\/no\/wp-content\/uploads\/2025\/12\/79678a58-cfc1-4743-99a6-d450ba7be337\"  style=\"object-position:0% 0%\" width=\"8256\"\/>SMAKTE P\u00c5 MULTEKREMEN: Statsministeren gikk rett p\u00e5 multekrem-sk\u00e5len f\u00f8r han m\u00f8tte pressen onsdag.   Foto: Helge Mikalsen \/ VG<\/p>\n<p class=\"_paragraph_o9xde_4 _paragraph_xtcu6_10 layout-component text-serif-m layout-normal layout-padded\"><strong class=\"_strong_o9xde_25\">Les ogs\u00e5:<\/strong> <a href=\"https:\/\/www.vg.no\/i\/43dpmo\" data-track-element-type=\"Link\" data-track-id=\"link:43dpmo\" class=\"_link_o9xde_39\" rel=\"nofollow noopener\" target=\"_blank\">St\u00f8re om norske soldater til Ukraina: &#8211; Vil ikke utelukke <\/a><\/p>\n<p>Grenser m\u00e5 respekteres<\/p>\n<p class=\"_paragraph_o9xde_4 _paragraph_xtcu6_10 layout-component text-serif-m layout-normal text-serif-m layout-padded\">P\u00e5 pressekonferansen onsdag snakket statsministeren lenge om respekten for grenser mellom land:<\/p>\n<p class=\"_paragraph_o9xde_4 _paragraph_xtcu6_10 layout-component text-serif-m layout-normal text-serif-m layout-padded\">\u2013 I Europa har vi ogs\u00e5 lagt stor vekt p\u00e5 at grenser respekteres. Hvis de endres, m\u00e5 de endres med enighet, sa han i innledningen.<\/p>\n<p class=\"_paragraph_o9xde_4 _paragraph_xtcu6_10 layout-component text-serif-m layout-normal text-serif-m layout-padded\">\u2013 Hva tenker du om USAs respekt for grenser, n\u00e5r USA argumenterer for at Russland kan f\u00e5 beholde store deler av \u00f8st-Ukraina i en fredsavtale? <\/p>\n<p class=\"_paragraph_o9xde_4 _paragraph_xtcu6_10 layout-component text-serif-m layout-normal text-serif-m layout-padded\">\u2013 Sp\u00f8rsm\u00e5l om territorier, frontlinjer, og justering av grenser kan bare avgj\u00f8res av Ukraina. Jeg st\u00e5r veldig fast p\u00e5 prinsippet om at grenser ikke skal kunne endres med makt, sier han. <\/p>\n<p class=\"_paragraph_o9xde_4 _paragraph_xtcu6_10 layout-component text-serif-m layout-normal text-serif-m layout-padded\">\u2013 Historien har mange eksempler p\u00e5 at en frontlinje kan danne utgangspunkt for at en krig slutter. Men her er jeg opptatt av at Ukraina skal f\u00e5 st\u00f8tte i de avgj\u00f8relsene de m\u00e5 ta, og at vi skal v\u00e6re der for \u00e5 gi dem sikkerhet for at kommer det en fredsslutning, s\u00e5 m\u00e5 det v\u00e6re sikkerhetsgarantier som gj\u00f8r at ikke den raskt glir over i ny krig.<\/p>\n<p>   Vil ikke kritisere USA <\/p>\n<p class=\"_paragraph_o9xde_4 _paragraph_xtcu6_10 layout-component text-serif-m layout-normal text-serif-m layout-padded\">Mandag kveld var St\u00f8re i Berlin og <a href=\"https:\/\/www.vg.no\/nyheter\/i\/0pE6X6\/witkoff-mye-framgang-i-ukraina-samtaler\" data-track-element-type=\"Link\" data-track-id=\"link:0pE6X6\" class=\"_link_o9xde_39\" rel=\"nofollow noopener\" target=\"_blank\">m\u00f8tte b\u00e5de Ukrainas president og amerikanske forhandlere <\/a>sammen med andre europeiske ledere. <\/p>\n<p class=\"_paragraph_o9xde_4 _paragraph_xtcu6_10 layout-component text-serif-m layout-normal text-serif-m layout-padded\">\u2013 Har du selv deltatt i presset mot USA for \u00e5 g\u00e5 tilbake p\u00e5 kravet om at Ukraina m\u00e5 gi bort landomr\u00e5der?<\/p>\n<p class=\"_paragraph_o9xde_4 _paragraph_xtcu6_10 layout-component text-serif-m layout-normal text-serif-m layout-padded\">\u2013 Det som er fair \u00e5 si, er at vi har v\u00e6rt blant de som over tid har sterkt oppfordret amerikanerne til \u00e5 sitte ned med ukrainske forhandlere. Og det mener jeg n\u00e5 har skjedd. Det er dialog, forst\u00e5else og en gjensidighet som jeg tror er helt n\u00f8dvendig.<\/p>\n<p class=\"_paragraph_o9xde_4 _paragraph_xtcu6_10 layout-component text-serif-m layout-normal text-serif-m layout-padded\">\u2013 Men USA og de europeiske landene har ikke klart \u00e5 bli enige om grense-sp\u00f8rsm\u00e5l?   <\/p>\n<p class=\"_paragraph_o9xde_4 _paragraph_xtcu6_10 layout-component text-serif-m layout-normal text-serif-m layout-padded\">\u2013 Det er gjort store fremskritt om sikkerhetsgarantiene og om \u00f8konomisk utvikling og gjenoppbyggingsplanen. I 20-punkts planen er man enige om 19 punkter. Punkt 20 er uavklarte sp\u00f8rsm\u00e5l om territorium.<\/p>\n<p class=\"_paragraph_o9xde_4 _paragraph_xtcu6_10 layout-component text-serif-m layout-normal text-serif-m layout-padded\">\u2013 Hva tenker du om det presset som USA n\u00e5 p\u00e5f\u00f8rer Ukraina for \u00e5 gi opp territorier?<\/p>\n<p class=\"_paragraph_o9xde_4 _paragraph_xtcu6_10 layout-component text-serif-m layout-normal text-serif-m layout-padded\">\u2013 Det \u00f8nsker jeg ikke \u00e5 g\u00e5 i detalj om, annet enn \u00e5 si at vi p\u00e5 europeisk side er opptatt av \u00e5 st\u00f8tte at ukrainerne trygger de valgene de tar, sier St\u00f8re. <\/p>\n","protected":false},"excerpt":{"rendered":"\u2013 Det er skjebnedager for Ukraina, sier statsminister Jonas Gahr St\u00f8re (Ap). Han er forberedt p\u00e5 \u00e5 bruke&hellip;\n","protected":false},"author":2,"featured_media":115742,"comment_status":"","ping_status":"","sticky":false,"template":"","format":"standard","meta":{"footnotes":""},"categories":[12],"tags":[20,21,24,25,15,201,22,23,13,30,28,281,29,14,16,188,2003,26,27,489,50,42,43,44,45],"class_list":{"0":"post-115741","1":"post","2":"type-post","3":"status-publish","4":"format-standard","5":"has-post-thumbnail","7":"category-verden","8":"tag-breaking-news","9":"tag-breakingnews","10":"tag-featured-news","11":"tag-featurednews","12":"tag-headlines","13":"tag-jonas-gahr-store","14":"tag-latest-news","15":"tag-latestnews","16":"tag-news","17":"tag-no","18":"tag-norge","19":"tag-norsk-politikk","20":"tag-norway","21":"tag-nyheter","22":"tag-overskrifter","23":"tag-russland","24":"tag-sanksjoner","25":"tag-top-stories","26":"tag-topstories","27":"tag-ukraina","28":"tag-usa","29":"tag-verden","30":"tag-world","31":"tag-world-news","32":"tag-worldnews"},"share_on_mastodon":{"url":"https:\/\/pubeurope.com\/@no\/115736044415805481","error":""},"_links":{"self":[{"href":"https:\/\/www.europesays.com\/no\/wp-json\/wp\/v2\/posts\/115741","targetHints":{"allow":["GET"]}}],"collection":[{"href":"https:\/\/www.europesays.com\/no\/wp-json\/wp\/v2\/posts"}],"about":[{"href":"https:\/\/www.europesays.com\/no\/wp-json\/wp\/v2\/types\/post"}],"author":[{"embeddable":true,"href":"https:\/\/www.europesays.com\/no\/wp-json\/wp\/v2\/users\/2"}],"replies":[{"embeddable":true,"href":"https:\/\/www.europesays.com\/no\/wp-json\/wp\/v2\/comments?post=115741"}],"version-history":[{"count":0,"href":"https:\/\/www.europesays.com\/no\/wp-json\/wp\/v2\/posts\/115741\/revisions"}],"wp:featuredmedia":[{"embeddable":true,"href":"https:\/\/www.europesays.com\/no\/wp-json\/wp\/v2\/media\/115742"}],"wp:attachment":[{"href":"https:\/\/www.europesays.com\/no\/wp-json\/wp\/v2\/media?parent=115741"}],"wp:term":[{"taxonomy":"category","embeddable":true,"href":"https:\/\/www.europesays.com\/no\/wp-json\/wp\/v2\/categories?post=115741"},{"taxonomy":"post_tag","embeddable":true,"href":"https:\/\/www.europesays.com\/no\/wp-json\/wp\/v2\/tags?post=115741"}],"curies":[{"name":"wp","href":"https:\/\/api.w.org\/{rel}","templated":true}]}}