{"id":115750,"date":"2025-12-17T17:31:10","date_gmt":"2025-12-17T17:31:10","guid":{"rendered":"https:\/\/www.europesays.com\/no\/115750\/"},"modified":"2025-12-17T17:31:10","modified_gmt":"2025-12-17T17:31:10","slug":"avslorer-ny-jobb-2","status":"publish","type":"post","link":"https:\/\/www.europesays.com\/no\/115750\/","title":{"rendered":"Avsl\u00f8rer ny jobb"},"content":{"rendered":"<p>Den tidligere sykkelproffen fra Rudsbygd har funnet seg et nytt yrke etter at han parkerte sykkelen for godt i fjor.<\/p>\n<p><a href=\"https:\/\/www.seher.no\/kjendis\/avslorer-ny-jobb\/83941286\" rel=\"nofollow noopener\" target=\"_blank\">I et intervju med Se og H\u00f8r<\/a> forteller Boasson-Hagen at han n\u00e5 jobber som teknisk tegner.<\/p>\n<p> \u2013 Jeg har begynt som teknisk tegner p\u00e5 et arkitektkontor, forteller han.<\/p>\n<p>Han forklarer at tegning har v\u00e6rt en hobby ved siden av idretten i mange \u00e5r.<\/p>\n<p class=\"bold m-bold\" data-lab-font_weight=\"bold\">\u2013 Jeg jobber med \u00e5 tegne nye leiligheter og lage planl\u00f8sninger, og jeg trives veldig godt med det, sier han.<\/p>\n<p>Selv om han n\u00e5 har lagt opp, har ikke tempoet g\u00e5tt ned. Tidligere i \u00e5r ble det kjent at han er med i den 17. sesongen av NRKs \u00abMesterens mester\u00bb.<\/p>\n<p class=\"bold m-bold\" data-lab-font_weight=\"bold\">Men mer reality-TV blir det neppe.<\/p>\n<p>\u2013 Forel\u00f8pig har jeg ingen planer om \u00e5 delta i mer reality, men man skal aldri si aldri. Jeg blir uansett nok ikke noen stor realitystjerne, sier 38-\u00e5ringen.<\/p>\n<p>P\u00e5 sp\u00f8rsm\u00e5l om \u00abSkal vi danse\u00bb kunne v\u00e6rt aktuelt, er svaret kontant:<\/p>\n<p>\u2013 Nei, nei. Det er ganske klart. Jeg kan ikke danse og det egner seg ikke p\u00e5 TV.<\/p>\n<p>Edvald og kona Marlen giftet seg sommeren 2018. De har datteren Hennie (4) sammen.<\/p>\n<p> \u00abMesterens mester\u00bb har premiere 1. januar p\u00e5 NRK. <\/p>\n<p class=\"italic m-italic\" data-lab-italic=\"italic\"> Denne saken er skrevet ved hjelp av kunstig intelligens (KI) og kvalitetssikret av TV 2s journalister.\u00a0<a href=\"https:\/\/hjelp.tv2.no\/info\/artikkel\/slik-jobber-vi-med-ki-i-tv-2\" target=\"_blank\" rel=\"nofollow noopener\">Slik jobber vi med KI.<\/a> <\/p>\n","protected":false},"excerpt":{"rendered":"Den tidligere sykkelproffen fra Rudsbygd har funnet seg et nytt yrke etter at han parkerte sykkelen for godt&hellip;\n","protected":false},"author":2,"featured_media":115751,"comment_status":"","ping_status":"","sticky":false,"template":"","format":"standard","meta":{"footnotes":""},"categories":[10],"tags":[20,21,24,25,15,22,23,13,30,28,29,14,16,26,27],"class_list":{"0":"post-115750","1":"post","2":"type-post","3":"status-publish","4":"format-standard","5":"has-post-thumbnail","7":"category-norge","8":"tag-breaking-news","9":"tag-breakingnews","10":"tag-featured-news","11":"tag-featurednews","12":"tag-headlines","13":"tag-latest-news","14":"tag-latestnews","15":"tag-news","16":"tag-no","17":"tag-norge","18":"tag-norway","19":"tag-nyheter","20":"tag-overskrifter","21":"tag-top-stories","22":"tag-topstories"},"share_on_mastodon":{"url":"https:\/\/pubeurope.com\/@no\/115736103235440836","error":""},"_links":{"self":[{"href":"https:\/\/www.europesays.com\/no\/wp-json\/wp\/v2\/posts\/115750","targetHints":{"allow":["GET"]}}],"collection":[{"href":"https:\/\/www.europesays.com\/no\/wp-json\/wp\/v2\/posts"}],"about":[{"href":"https:\/\/www.europesays.com\/no\/wp-json\/wp\/v2\/types\/post"}],"author":[{"embeddable":true,"href":"https:\/\/www.europesays.com\/no\/wp-json\/wp\/v2\/users\/2"}],"replies":[{"embeddable":true,"href":"https:\/\/www.europesays.com\/no\/wp-json\/wp\/v2\/comments?post=115750"}],"version-history":[{"count":0,"href":"https:\/\/www.europesays.com\/no\/wp-json\/wp\/v2\/posts\/115750\/revisions"}],"wp:featuredmedia":[{"embeddable":true,"href":"https:\/\/www.europesays.com\/no\/wp-json\/wp\/v2\/media\/115751"}],"wp:attachment":[{"href":"https:\/\/www.europesays.com\/no\/wp-json\/wp\/v2\/media?parent=115750"}],"wp:term":[{"taxonomy":"category","embeddable":true,"href":"https:\/\/www.europesays.com\/no\/wp-json\/wp\/v2\/categories?post=115750"},{"taxonomy":"post_tag","embeddable":true,"href":"https:\/\/www.europesays.com\/no\/wp-json\/wp\/v2\/tags?post=115750"}],"curies":[{"name":"wp","href":"https:\/\/api.w.org\/{rel}","templated":true}]}}