{"id":115760,"date":"2025-12-17T17:41:11","date_gmt":"2025-12-17T17:41:11","guid":{"rendered":"https:\/\/www.europesays.com\/no\/115760\/"},"modified":"2025-12-17T17:41:11","modified_gmt":"2025-12-17T17:41:11","slug":"luis-suarez-forlenget-inter-miami-kontrakten","status":"publish","type":"post","link":"https:\/\/www.europesays.com\/no\/115760\/","title":{"rendered":"Luis Su\u00e1rez forlenget Inter Miami-kontrakten"},"content":{"rendered":"\n<p class=\"_lead_o9xde_2 _lead_xtcu6_50 layout-component text-serif-m layout-normal text-serif-l layout-component layout-wide layout-padded _wide_17hqh_1 layout-padded\">Luis Su\u00e1rez (38) er klar for ytterligere ett \u00e5r som Inter Miami-spiller.<\/p>\n<p><img alt=\"Luis Su\u00e1rez fortsetter i Inter Miami.  Foto: Rafiq Maqbool \/ AP \/ NTB\" class=\"_image_qp4xg_65 layout-component layout-wide\" data-fullscreen- data-track-element-type=\"Article image fullscreen\" data-track-name=\"ImageFullscreen\" fetchpriority=\"high\" decoding=\"sync\" loading=\"eager\" height=\"3985\" itemprop=\"image\"  src=\"https:\/\/www.europesays.com\/no\/wp-content\/uploads\/2025\/12\/5b72bb08-dd3a-445f-ac48-0b269a83af7e\"  style=\"object-position:0% 0%\" width=\"5978\"\/>Luis Su\u00e1rez fortsetter i Inter Miami.  Foto: Rafiq Maqbool \/ AP \/ NTB<\/p>\n<ul aria-hidden=\"true\" class=\"_images_ntbth_112\">\n<li><a class=\"_link_ntbth_117\" href=\"https:\/\/www.vg.no\/forfatter\/ntb\" style=\"z-index:1\" title=\"NTB\" rel=\"nofollow noopener\" target=\"_blank\"><img alt=\"Bilde av NTB\" class=\"_image_ntbth_93\" fetchpriority=\"low\" loading=\"lazy\" decoding=\"async\" itemprop=\"image\"  src=\"https:\/\/www.europesays.com\/no\/wp-content\/uploads\/2025\/12\/1765993271_493_c33980b0-5d07-4027-84a1-813f90a7c8d6\"  width=\"480\"\/><\/a><\/li>\n<\/ul>\n<p> Oppdatert onsdag 17. desember kl. 16:38     <\/p>\n<p class=\"_paragraph_o9xde_4 _paragraph_xtcu6_10 layout-component text-serif-m layout-normal text-serif-m layout-padded\"><a href=\"https:\/\/x.com\/InterMiamiCF\/status\/2001311237729116586\" class=\"_link_o9xde_39\" rel=\"nofollow\">MLS-klubben bekrefter <\/a> onsdag forlengelsen partene har blitt enige om.<\/p>\n<p class=\"_paragraph_o9xde_4 _paragraph_xtcu6_10 layout-component text-serif-m layout-normal text-serif-m layout-padded\">Su\u00e1rez kom til Miami i januar 2024 og har scoret 42 m\u00e5l p\u00e5 87 kamper. Uruguayaneren har i klubben dannet et sv\u00e6rt m\u00e5lfarlig angrep sammen med tidligere Barcelona-kompis Lionel Messi.<\/p>\n<p class=\"_paragraph_o9xde_4 _paragraph_xtcu6_10 layout-component text-serif-m layout-normal text-serif-m layout-padded\">Nylig vant Inter Miami MLS-sluttspillet.<\/p>\n<p class=\"_paragraph_o9xde_4 _paragraph_xtcu6_10 layout-component text-serif-m layout-normal text-serif-m layout-padded\">Su\u00e1rez har lang fartstid i klubber som Barcelona, Liverpool, Atl\u00e9tico Madrid og Ajax.<\/p>\n<p class=\"_paragraph_o9xde_4 _paragraph_xtcu6_10 layout-component text-serif-m layout-normal text-serif-m layout-padded\">Han slo gjennom i sistnevnte klubb f\u00f8r han skaffet seg et stort navn i Liverpool, b\u00e5de p\u00e5 godt og vondt.<\/p>\n<p class=\"_paragraph_o9xde_4 _paragraph_xtcu6_10 layout-component text-serif-m layout-normal text-serif-m layout-padded\">38-\u00e5ringen har st\u00e5tt i mange stormer i karrieren. Han ble i september utestengt i seks kamper etter \u00e5 ha spyttet p\u00e5 en i st\u00f8tteapparatet til motstanderlaget Seattle Sounders.<\/p>\n","protected":false},"excerpt":{"rendered":"Luis Su\u00e1rez (38) er klar for ytterligere ett \u00e5r som Inter Miami-spiller. Luis Su\u00e1rez fortsetter i Inter Miami.&hellip;\n","protected":false},"author":2,"featured_media":115761,"comment_status":"","ping_status":"","sticky":false,"template":"","format":"standard","meta":{"footnotes":""},"categories":[59],"tags":[3822,3821,1619,30,28,29,83,82],"class_list":{"0":"post-115760","1":"post","2":"type-post","3":"status-publish","4":"format-standard","5":"has-post-thumbnail","7":"category-sport","8":"tag-inter-miami-cf","9":"tag-luis-suarez","10":"tag-mls","11":"tag-no","12":"tag-norge","13":"tag-norway","14":"tag-sport","15":"tag-sports"},"share_on_mastodon":{"url":"https:\/\/pubeurope.com\/@no\/115736142435158285","error":""},"_links":{"self":[{"href":"https:\/\/www.europesays.com\/no\/wp-json\/wp\/v2\/posts\/115760","targetHints":{"allow":["GET"]}}],"collection":[{"href":"https:\/\/www.europesays.com\/no\/wp-json\/wp\/v2\/posts"}],"about":[{"href":"https:\/\/www.europesays.com\/no\/wp-json\/wp\/v2\/types\/post"}],"author":[{"embeddable":true,"href":"https:\/\/www.europesays.com\/no\/wp-json\/wp\/v2\/users\/2"}],"replies":[{"embeddable":true,"href":"https:\/\/www.europesays.com\/no\/wp-json\/wp\/v2\/comments?post=115760"}],"version-history":[{"count":0,"href":"https:\/\/www.europesays.com\/no\/wp-json\/wp\/v2\/posts\/115760\/revisions"}],"wp:featuredmedia":[{"embeddable":true,"href":"https:\/\/www.europesays.com\/no\/wp-json\/wp\/v2\/media\/115761"}],"wp:attachment":[{"href":"https:\/\/www.europesays.com\/no\/wp-json\/wp\/v2\/media?parent=115760"}],"wp:term":[{"taxonomy":"category","embeddable":true,"href":"https:\/\/www.europesays.com\/no\/wp-json\/wp\/v2\/categories?post=115760"},{"taxonomy":"post_tag","embeddable":true,"href":"https:\/\/www.europesays.com\/no\/wp-json\/wp\/v2\/tags?post=115760"}],"curies":[{"name":"wp","href":"https:\/\/api.w.org\/{rel}","templated":true}]}}