{"id":115764,"date":"2025-12-17T17:48:27","date_gmt":"2025-12-17T17:48:27","guid":{"rendered":"https:\/\/www.europesays.com\/no\/115764\/"},"modified":"2025-12-17T17:48:27","modified_gmt":"2025-12-17T17:48:27","slug":"ulykke-trafikk-batteriet-tok-fyr-forer-til-sykehus-oppland-arbeiderblad","status":"publish","type":"post","link":"https:\/\/www.europesays.com\/no\/115764\/","title":{"rendered":"Ulykke, Trafikk | Batteriet tok fyr \u2013 f\u00f8rer til sykehus &#8211; Oppland Arbeiderblad"},"content":{"rendered":"<ol>\n<li><a href=\"https:\/\/news.google.com\/rss\/articles\/CBMiZ0FVX3lxTE9zdWU5cWoxN1J6NjZ1Qll4WXdRZmdJRU51Yjh0dTdSNHJLS3ZrUG9aaTQyNFhKbldINEVMZTlsU2tab1oyZVdOeUx2WmVLTE5XaGs2VGFuN0tTVGF4eGgyc0pRRVJvaGs?oc=5\" target=\"_blank\" rel=\"nofollow noopener\">Ulykke, Trafikk | Batteriet tok fyr \u2013 f\u00f8rer til sykehus<\/a>&nbsp;&nbsp;Oppland Arbeiderblad<\/li>\n<li><a href=\"https:\/\/news.google.com\/rss\/articles\/CBMiiAFBVV95cUxNNEpjX2pkX0hjTnJPRk1Rd1A0ZkRNMThkWGRVUFcxOUsyODlvSjk3UTZJTEpwZTk0MnRIYkIzeUdvdFE1bnpIZ0lSUzZjZHVCTk9rUzhSUXNjaHpnTFlXLUU2b2U2QWRoX0NIeTJMX0k3alJHaUd5ZDU3OVJLZkZVVS1zV1VGUEdD?oc=5\" target=\"_blank\" rel=\"nofollow noopener\">Nyheter, Trafikkulykke | M\u00e5tte bruke spesial-container: \u2013 Batteriet kan antenne p\u00e5 nytt<\/a>&nbsp;&nbsp;Hadeland<\/li>\n<li><a href=\"https:\/\/news.google.com\/rss\/articles\/CBMilgFBVV95cUxNN3Z5TDdvWmMyRlozcmRGZjlmZHRIZ0dFX0xYZ21EQzQxSFNCbWt4dnNnLW1ueVZwaFZqNjVCNF83XzFsaWZ0Wjh3NjJtelV0c2hPMUxJdFYxcVhTVGNlUFFzd0RWZ1JOWl9MYzFHd3ZoQmJSV09lbmRJZGhCMThqYmN5RzRpM1VTZmhrXy16LUhHd0NkSVE?oc=5\" target=\"_blank\" rel=\"nofollow noopener\">Trafikk, Ulykker | Elbil i brann etter utforkj\u00f8ring: En til sjukehus<\/a>&nbsp;&nbsp;\u00d8stlendingen<\/li>\n<li><a href=\"https:\/\/news.google.com\/rss\/articles\/CBMidEFVX3lxTE9pYzlYRFlXLThjUTZoMHR0NFZKaU9oUUJ3TEp0bDJ3ZkJXR0NoQ0JvajdCdl82SUFFc1Iyd3luOXVycXpQYkJ6T0lQY2xVVGx1cjZVY2xneEx3ZXYyYkNNY2s0bTdNTVlhd3VqdFJvOGlCbVNk?oc=5\" target=\"_blank\" rel=\"nofollow noopener\">Nyheter, Politiet | Bil i brann etter avkj\u00f8rsel, n\u00f8detater er p\u00e5 stedet<\/a>&nbsp;&nbsp;Hadeland<\/li>\n<\/ol>\n","protected":false},"excerpt":{"rendered":"Ulykke, Trafikk | Batteriet tok fyr \u2013 f\u00f8rer til sykehus&nbsp;&nbsp;Oppland Arbeiderblad Nyheter, Trafikkulykke | M\u00e5tte bruke spesial-container: \u2013&hellip;\n","protected":false},"author":2,"featured_media":115765,"comment_status":"","ping_status":"","sticky":false,"template":"","format":"standard","meta":{"footnotes":""},"categories":[10],"tags":[20,21,24,25,15,22,23,13,30,28,29,14,16,26,27],"class_list":{"0":"post-115764","1":"post","2":"type-post","3":"status-publish","4":"format-standard","5":"has-post-thumbnail","7":"category-norge","8":"tag-breaking-news","9":"tag-breakingnews","10":"tag-featured-news","11":"tag-featurednews","12":"tag-headlines","13":"tag-latest-news","14":"tag-latestnews","15":"tag-news","16":"tag-no","17":"tag-norge","18":"tag-norway","19":"tag-nyheter","20":"tag-overskrifter","21":"tag-top-stories","22":"tag-topstories"},"share_on_mastodon":{"url":"https:\/\/pubeurope.com\/@no\/115736169874294994","error":""},"_links":{"self":[{"href":"https:\/\/www.europesays.com\/no\/wp-json\/wp\/v2\/posts\/115764","targetHints":{"allow":["GET"]}}],"collection":[{"href":"https:\/\/www.europesays.com\/no\/wp-json\/wp\/v2\/posts"}],"about":[{"href":"https:\/\/www.europesays.com\/no\/wp-json\/wp\/v2\/types\/post"}],"author":[{"embeddable":true,"href":"https:\/\/www.europesays.com\/no\/wp-json\/wp\/v2\/users\/2"}],"replies":[{"embeddable":true,"href":"https:\/\/www.europesays.com\/no\/wp-json\/wp\/v2\/comments?post=115764"}],"version-history":[{"count":0,"href":"https:\/\/www.europesays.com\/no\/wp-json\/wp\/v2\/posts\/115764\/revisions"}],"wp:featuredmedia":[{"embeddable":true,"href":"https:\/\/www.europesays.com\/no\/wp-json\/wp\/v2\/media\/115765"}],"wp:attachment":[{"href":"https:\/\/www.europesays.com\/no\/wp-json\/wp\/v2\/media?parent=115764"}],"wp:term":[{"taxonomy":"category","embeddable":true,"href":"https:\/\/www.europesays.com\/no\/wp-json\/wp\/v2\/categories?post=115764"},{"taxonomy":"post_tag","embeddable":true,"href":"https:\/\/www.europesays.com\/no\/wp-json\/wp\/v2\/tags?post=115764"}],"curies":[{"name":"wp","href":"https:\/\/api.w.org\/{rel}","templated":true}]}}