{"id":115768,"date":"2025-12-17T17:52:06","date_gmt":"2025-12-17T17:52:06","guid":{"rendered":"https:\/\/www.europesays.com\/no\/115768\/"},"modified":"2025-12-17T17:52:06","modified_gmt":"2025-12-17T17:52:06","slug":"chris-oneill-avslorer-hvorfor-han-takket-nei-til-prinsetittelen","status":"publish","type":"post","link":"https:\/\/www.europesays.com\/no\/115768\/","title":{"rendered":"Chris O&#8217;Neill avsl\u00f8rer hvorfor han takket nei til prinsetittelen"},"content":{"rendered":"<p class=\"kicker \" style=\"\">Chris O&#8217;Neill:<\/p>\n<p>  Chris O&#8217;Neill st\u00e5r fast ved sitt valg om \u00e5 leve uten kongelige forpliktelser.<\/p>\n<p>\n    BARE CHRIS: Selv om de fleste som gifter seg inn i en kongefamilie kan smykke seg med fasjonable titler, har Chris valgt \u00e5 ikke titulere seg. N\u00e5 forklarer han hvorfor. Foto: NTB\n  <\/p>\n<p>Prinsesse Madeleines (43) ektemann Chris O&#8217;Neill (51) har alltid v\u00e6rt opptatt av \u00e5 g\u00e5 sine egne veier.<\/p>\n<p>Det faktum at han er gift med en prinsesse av Sverige spiller ikke s\u00e5 stor rolle for ham &#8211; han har tenkt \u00e5 fortsette med virksomheten sin uansett.<\/p>\n<p>        <img loading=\"lazy\" decoding=\"async\" src=\"https:\/\/www.europesays.com\/no\/wp-content\/uploads\/2025\/12\/83852661.webp\" width=\"667\" height=\"587\" title=\"PRINSESSEN OG CHRIS: Selv om Chris har valgt \u00e5 avst\u00e5 fra prinsetittelen, beholder selvsagt Madeleine sin rojale utmerkelse. Foto: NTB\" alt=\"\" class=\"\" style=\"--aspect-ratio-image: 1.14; \"\/><\/p>\n<p>\n        PRINSESSEN OG CHRIS: Selv om Chris har valgt \u00e5 avst\u00e5 fra prinsetittelen, beholder selvsagt Madeleine sin rojale utmerkelse. Foto: NTB\n    <\/p>\n<p>Dette er noe han har v\u00e6rt tydelig p\u00e5 flere ganger. Da han ble intervjuet av King Magazine for bare noen \u00e5r siden, snakket han om beslutningen om hvorfor han valgte \u00e5 avsl\u00e5 prinsetittelen.<\/p>\n<p class=\"font-weight-bold m-font-weight-bold\" data-lab-font_weight=\"font-weight-bold\">&#8211; Jeg er ikke f\u00f8dt inn i en kongefamilie. Jeg er Christopher O&#8217;Neill, faren min var Paul O&#8217;Neill. Han var en familiemann som hadde sin egen identitet, jobbet hardt og lyktes med det.<\/p>\n<p>        VOKST OPP: Prinsessen er nesten ikke til \u00e5 kjenne igjen i en ny video som er delt av det svenske kongehuset. Reporter: Caroline Vagle. Video: Instagram\/@kungahuset \/ Kine Falch.<\/p>\n<p class=\"font-weight-light m-font-weight-light\" data-lab-font_weight=\"font-weight-light\">Det var nemlig aldri et alternativ for Chris \u00e5 kalle seg prins. Dersom han godtok tittelen, ville dette trolig medf\u00f8rt at han m\u00e5tte delta p\u00e5 flere kongelige oppdrag, noe han aldri har hatt noen direkte interesse av.<\/p>\n<p class=\"font-weight-bold m-font-weight-bold\" data-lab-font_weight=\"font-weight-bold\">&#8211; Jeg synes det har v\u00e6rt viktig \u00e5 opprettholde den samme identiteten som jeg alltid har hatt. Det var mitt valg \u00e5 ikke p\u00e5ta meg noen offentlige oppgaver. Min rolle i slike offisielle settinger er \u00e5 st\u00f8tte kona mi. Det er en oppgave jeg kan h\u00e5ndtere uten en prinsetittel, har Chris tidligere uttalt til King Magazine, if\u00f8lge\u00a0<a href=\"https:\/\/www.svenskdam.se\/kungligt\/chris-nya-utspel-om-prinstiteln-darfor-tackade-han-nej\/11189115\" class=\"\" rel=\"nofollow noopener\" target=\"_blank\">Svensk Damtidning.<\/a><\/p>\n<p>    <a itemprop=\"url\" href=\"https:\/\/www.seher.no\/kongelig\/et-utmerket-sjakktrekk\/83991787\" rel=\"nofollow noopener\" target=\"_blank\"><\/p>\n<p>        <img loading=\"lazy\" decoding=\"async\" src=\"https:\/\/www.europesays.com\/no\/wp-content\/uploads\/2025\/12\/1765993926_569_83994388.webp\" width=\"147\" height=\"98\" title=\"- Et utmerket sjakktrekk\" alt=\"\" class=\"lazyload\" style=\"--aspect-ratio-image: 1.50; \"\/><\/p>\n<p>        &#8211; Et utmerket sjakktrekk<\/p>\n<p>    <\/a><\/p>\n<p>I et nytt intervju med <a href=\"https:\/\/efn.se\/chris-oneill-om-sitt-livs-samsta-investering\" rel=\"nofollow noopener\" target=\"_blank\">EFN <\/a>forteller Chris at han aldri har angret p\u00e5 denne avgj\u00f8relsen. P\u00e5 sp\u00f8rsm\u00e5l om han angrer p\u00e5 beslutningen, svarer han nemlig kort og godt:\u00a0<\/p>\n<p class=\"font-weight-bold m-font-weight-bold\" data-lab-font_weight=\"font-weight-bold\">&#8211; Nei.\u00a0<\/p>\n<p>        TIPS: Kongehusekspert Caroline Vagle oppfordrer den norske kongefamilien \u00e5 la seg inspirere av naboene. Reporter: Caroline Vagle. Video: Instagram\/@prinseparet \/ Kine Falch.<\/p>\n<p class=\"\">Dette kan den svenske kongehuseksperten Sebastian Mattson b\u00e5de forst\u00e5 og st\u00f8tte.<\/p>\n<p>&#8211; At Chris O&#8217;Neill takket nei til prinsetittelen, er en avgj\u00f8relse han har st\u00e5tt fast ved siden han giftet seg med prinsesse Madeleine. For ham handlet det ikke om \u00e5 ta avstand fra monarkiet, men om \u00e5 kunne fortsette \u00e5 jobbe internasjonalt og leve uten de formelle begrensningene som en fyrstetittel inneb\u00e6rer, sier Sebastian til Svensk Dam.<\/p>\n","protected":false},"excerpt":{"rendered":"Chris O&#8217;Neill: Chris O&#8217;Neill st\u00e5r fast ved sitt valg om \u00e5 leve uten kongelige forpliktelser. BARE CHRIS: Selv&hellip;\n","protected":false},"author":2,"featured_media":115769,"comment_status":"","ping_status":"","sticky":false,"template":"","format":"standard","meta":{"footnotes":""},"categories":[58],"tags":[5101,5036,4104,71,76,30,28,29,5100,72],"class_list":{"0":"post-115768","1":"post","2":"type-post","3":"status-publish","4":"format-standard","5":"has-post-thumbnail","7":"category-underholdning","8":"tag-chris-oneill","9":"tag-det-svenske-kongehuset","10":"tag-eksklusivt","11":"tag-entertainment","12":"tag-kongelig","13":"tag-no","14":"tag-norge","15":"tag-norway","16":"tag-prinsesse-madeleine","17":"tag-underholdning"},"share_on_mastodon":{"url":"https:\/\/pubeurope.com\/@no\/115736185821170647","error":""},"_links":{"self":[{"href":"https:\/\/www.europesays.com\/no\/wp-json\/wp\/v2\/posts\/115768","targetHints":{"allow":["GET"]}}],"collection":[{"href":"https:\/\/www.europesays.com\/no\/wp-json\/wp\/v2\/posts"}],"about":[{"href":"https:\/\/www.europesays.com\/no\/wp-json\/wp\/v2\/types\/post"}],"author":[{"embeddable":true,"href":"https:\/\/www.europesays.com\/no\/wp-json\/wp\/v2\/users\/2"}],"replies":[{"embeddable":true,"href":"https:\/\/www.europesays.com\/no\/wp-json\/wp\/v2\/comments?post=115768"}],"version-history":[{"count":0,"href":"https:\/\/www.europesays.com\/no\/wp-json\/wp\/v2\/posts\/115768\/revisions"}],"wp:featuredmedia":[{"embeddable":true,"href":"https:\/\/www.europesays.com\/no\/wp-json\/wp\/v2\/media\/115769"}],"wp:attachment":[{"href":"https:\/\/www.europesays.com\/no\/wp-json\/wp\/v2\/media?parent=115768"}],"wp:term":[{"taxonomy":"category","embeddable":true,"href":"https:\/\/www.europesays.com\/no\/wp-json\/wp\/v2\/categories?post=115768"},{"taxonomy":"post_tag","embeddable":true,"href":"https:\/\/www.europesays.com\/no\/wp-json\/wp\/v2\/tags?post=115768"}],"curies":[{"name":"wp","href":"https:\/\/api.w.org\/{rel}","templated":true}]}}