{"id":115780,"date":"2025-12-17T18:02:34","date_gmt":"2025-12-17T18:02:34","guid":{"rendered":"https:\/\/www.europesays.com\/no\/115780\/"},"modified":"2025-12-17T18:02:34","modified_gmt":"2025-12-17T18:02:34","slug":"blir-sjef-for-3330-ansatte-adressa-no","status":"publish","type":"post","link":"https:\/\/www.europesays.com\/no\/115780\/","title":{"rendered":"Blir sjef for 3330 ansatte &#8211; adressa.no"},"content":{"rendered":"<ol>\n<li><a href=\"https:\/\/news.google.com\/rss\/articles\/CBMifkFVX3lxTFByMnZxTUNqOGVrVGJMa1AzNkNfUGdzUUswbWtwX2w1V2REWXFsX2NIN0hfdEFqM0dFaTJYQmxZMTlPV2FKc3llemQxczVzUVBVM1ZXb0YyRjRPT3FFSFdoVlFUVDIySUpYNFRzU1FUamJzWUNjTGNkemN4NlhRUQ?oc=5\" target=\"_blank\" rel=\"nofollow noopener\">Blir sjef for 3330 ansatte<\/a>&nbsp;&nbsp;adressa.no<\/li>\n<li><a href=\"https:\/\/news.google.com\/rss\/articles\/CBMihgFBVV95cUxOMG11NTBOYlYzb0dIRFY5bGJyLXJFR05WVTRQdW8tVzVCWUtvTVRybjRINEtHNUN0M25fUHBCT29SSXdUTnlqaVhyU1Nhd1BKTUxXTmJrbWRSd0VCS2pzN3NoX0w4LVgyaEFTQk1sU25SdUxHUnVfMkJ5cDZsMF9UTko4bTJ1dw?oc=5\" target=\"_blank\" rel=\"nofollow noopener\">Dagligvaregigant varsler sammensl\u00e5ing<\/a>&nbsp;&nbsp;avisa-st.no<\/li>\n<li><a href=\"https:\/\/news.google.com\/rss\/articles\/CBMilgFBVV95cUxPcmgyWDNsRDVhblVIc3dxZG1oVi1mbHp6ZnVUeWNnQWYwdXdFQVFtOEplazM1WWhaU2d6YWg4ek4tSUdzeVJUOC1KZl9RRDltVDVyTU5sNjg5bDk5SEphRThCNVN3ZG1mako1eGdXcElGQnZmXzhKMmFFalhfYzRYb29MUzZaTnpzM2FXUHF1dHlpV2UxZ0E?oc=5\" target=\"_blank\" rel=\"nofollow noopener\">\u00d8konomi og n\u00e6ringsliv, Alta | Reagerer p\u00e5 fusjonsplanene: \u2013 H\u00e5per de vet hva de gj\u00f8r!<\/a>&nbsp;&nbsp;iFinnmark<\/li>\n<li><a href=\"https:\/\/news.google.com\/rss\/articles\/CBMiZkFVX3lxTE5mRng2eW41cjBjRnFsamdTRG90REtZTGZGR0tKTFN2SnA4ZURVNTczSWtDRU4wSGtVUkJDZEk5SzRNX3R6cG1ZMzNwNEZDYTBFZWdNSEZtVTdlbkM1NU5KYzdhMkRZZw?oc=5\" target=\"_blank\" rel=\"nofollow noopener\">G\u00e5r sammen med Midt-Norge<\/a>&nbsp;&nbsp;S\u00e1gat<\/li>\n<li><a href=\"https:\/\/news.google.com\/rss\/articles\/CBMiigFBVV95cUxQUWxLTmI5VkE4V3VING5PamRHams2S1duX1F2STBTaVdpU3FJOXZuTUhBRXdGbGprY180VndNTWdJd25LLTdJRFRzYUhaRlRvTHktOUpLQm5LZ2RudlAzSl9mWVJVN0RiRkpQTXlfZjVFaFAzMVBKeldOOVA4MWVJNWRQcG9NeXNyLUE?oc=5\" target=\"_blank\" rel=\"nofollow noopener\">N\u00e6ringsliv, Coop | Coop-fusjon \u2013 n\u00e5 f\u00e5r tr\u00f8nderne mer i kj\u00f8peutbytte<\/a>&nbsp;&nbsp;Tr\u00f8nder-Avisa<\/li>\n<\/ol>\n","protected":false},"excerpt":{"rendered":"Blir sjef for 3330 ansatte&nbsp;&nbsp;adressa.no Dagligvaregigant varsler sammensl\u00e5ing&nbsp;&nbsp;avisa-st.no \u00d8konomi og n\u00e6ringsliv, Alta | Reagerer p\u00e5 fusjonsplanene: \u2013 H\u00e5per&hellip;\n","protected":false},"author":2,"featured_media":115781,"comment_status":"","ping_status":"","sticky":false,"template":"","format":"standard","meta":{"footnotes":""},"categories":[56],"tags":[60,1790,1749,14009,4378,61,62,30,28,29,13860],"class_list":{"0":"post-115780","1":"post","2":"type-post","3":"status-publish","4":"format-standard","5":"has-post-thumbnail","7":"category-naeringsliv","8":"tag-business","9":"tag-butikker","10":"tag-coop","11":"tag-coop-midt-norge","12":"tag-dagligvarebransjen","13":"tag-economy","14":"tag-naeringsliv","15":"tag-no","16":"tag-norge","17":"tag-norway","18":"tag-torbjorn-skei"},"share_on_mastodon":{"url":"https:\/\/pubeurope.com\/@no\/115736224923441737","error":""},"_links":{"self":[{"href":"https:\/\/www.europesays.com\/no\/wp-json\/wp\/v2\/posts\/115780","targetHints":{"allow":["GET"]}}],"collection":[{"href":"https:\/\/www.europesays.com\/no\/wp-json\/wp\/v2\/posts"}],"about":[{"href":"https:\/\/www.europesays.com\/no\/wp-json\/wp\/v2\/types\/post"}],"author":[{"embeddable":true,"href":"https:\/\/www.europesays.com\/no\/wp-json\/wp\/v2\/users\/2"}],"replies":[{"embeddable":true,"href":"https:\/\/www.europesays.com\/no\/wp-json\/wp\/v2\/comments?post=115780"}],"version-history":[{"count":0,"href":"https:\/\/www.europesays.com\/no\/wp-json\/wp\/v2\/posts\/115780\/revisions"}],"wp:featuredmedia":[{"embeddable":true,"href":"https:\/\/www.europesays.com\/no\/wp-json\/wp\/v2\/media\/115781"}],"wp:attachment":[{"href":"https:\/\/www.europesays.com\/no\/wp-json\/wp\/v2\/media?parent=115780"}],"wp:term":[{"taxonomy":"category","embeddable":true,"href":"https:\/\/www.europesays.com\/no\/wp-json\/wp\/v2\/categories?post=115780"},{"taxonomy":"post_tag","embeddable":true,"href":"https:\/\/www.europesays.com\/no\/wp-json\/wp\/v2\/tags?post=115780"}],"curies":[{"name":"wp","href":"https:\/\/api.w.org\/{rel}","templated":true}]}}