{"id":115785,"date":"2025-12-17T18:07:18","date_gmt":"2025-12-17T18:07:18","guid":{"rendered":"https:\/\/www.europesays.com\/no\/115785\/"},"modified":"2025-12-17T18:07:18","modified_gmt":"2025-12-17T18:07:18","slug":"kultur-kulturhuset-en-magisk-kveld-med-graceland-gjovik-og-en-flott-hyllest-til-elvis","status":"publish","type":"post","link":"https:\/\/www.europesays.com\/no\/115785\/","title":{"rendered":"Kultur, Kulturhuset | En magisk kveld med Graceland Gj\u00f8vik \u2013 og en flott hyllest til Elvis"},"content":{"rendered":"\n<p>500 publikummere hadde sikret seg billetter til \u00abJul med Elvis \u2013 Vol. 2\u00bb, og Graceland Gj\u00f8vik leverte en konsertopplevelse som overgikk alle forventninger \u2013 st\u00f8rre, varmere og mer stemningsfull enn noen gang.<\/p>\n<p>Fra f\u00f8rste tone var det tydelig at bandet var godt forberedt for det hjemlige publikummet, og har siden oppstarten i 2019 virkelig truffet en nerve med sitt konsept. Med et musikalsk rykte som bare har vokst siden fjor\u00e5rets juleturn\u00e9, framsto Graceland Gj\u00f8vik som en kompakt og samspilt besetning, med en spilleglede som smittet over p\u00e5 publikum.<\/p>\n<p>Det ble levert musikalske perler p\u00e5 rekke og rad som ga g\u00e5sehud og godf\u00f8lelse, og det var en eventyrlig tidsreise gjennom Elvis Presleys karriere \u2013 alt krydret med glimt i \u00f8yet, kjappe replikker og artige fakta som trollbandt salen.<\/p>\n<p>En perfekt start<\/p>\n<p>Lyset ble dimmet, scenen l\u00e5 i halvm\u00f8rke, og en nyutviklet intro satte tonen for en perfekt kveld. Den nye introen var spesialutviklet for kvelden, og var bygget opp som en kortversjon av Elvis\u2019 liv og musikkarv, og satte virkelig stemningen for kvelden.<\/p>\n<p>S\u00e5 braket det l\u00f8s med \u00abAlso Sprach Zarathustra\u00bb, f\u00f8r bandet kastet seg over \u00abSanta Bring My Baby Back To Me\u00bb \u2013 og derfra og ut var det full gass. Settlisten var variert og hentet fra hele Elvis\u2019 katalog, fra juleklassikere som \u00abBlue Christmas\u00bb og \u00abMerry Christmas Baby\u00bb til ikoniske hits som \u00abBurning Love\u00bb, \u00abAlways On My Mind\u00bb og \u00abSuspicious Minds\u00bb.<\/p>\n<p>Publikum t\u00f8rket t\u00e5rer til \u00abPeace In The Valley\u00bb, da far og s\u00f8nn Arnesen leverte en r\u00f8rende duett, og salen ble fylt med lys fra mobiler under \u00abI\u2019ll Be Home For Christmas\u00bb. Thomas, som er en del av grunnbesetningen i bandet, bidro som alltid med humor og glimrende spill p\u00e5 elgitar.<\/p>\n<p>To generasjoner p\u00e5 scenen<\/p>\n<p>Frontfigur Morten Arnesen hadde med seg sine to barn, noe som ga konserten en ekstra dimensjon. Nicklas, som har v\u00e6rt fast inventar i bl\u00e5serrekken siden starten i 2019, leverte som nevnt en r\u00f8rende og flott duett p\u00e5 \u00abPeace In The Valley\u00bb, mens Thea smeltet publikum med sin ungdommelige sjarm p\u00e5 kor og tverrfl\u00f8yte.<\/p>\n<p>Sammen med de andre medkoristene og resten av bl\u00e5serrekka, ble lydbildet krydret med harmonier, juleklokker og strings, og det var tydelig at bandet virkelig hadde strukket seg langt for \u00e5 gjenskape en autentisk julestemning \u2013 akkurat slik man kunne forestille seg at den var langs Mississippi p\u00e5 60 \u2013 og 70-tallet.<\/p>\n<p>Man trengte bare \u00e5 lukke \u00f8ynene, og her var det bare \u00e5 nyte konserten fullt ut.<\/p>\n<p>   <img decoding=\"async\" width=\"1080\" height=\"1466\" fetchpriority=\"low\"  loading=\"lazy\"  src=\"https:\/\/www.europesays.com\/no\/wp-content\/uploads\/2025\/12\/Bilde_1_1_.jpg\" alt=\"\" class=\"brick-c-cFOWSL\" style=\"--brick-image-ratio: 1080 \/ 1466;\"\/><\/p>\n<p>      SAMMEN: Morten og Nicklas Arnesen i en r\u00f8rende duett p\u00e5 \u00abPeace In The Valley\u00bb.<br \/>\n      Foto: Ragnhild Stafseng\n    <\/p>\n<p>  H\u00f8ydepunktet<\/p>\n<p>Sammen med \u00abPeace In The Valley\u00bb, var avslutningen med \u00abAn American Trilogy\u00bb mektig, og var absolutt et h\u00f8ydepunkt p\u00e5 konserten. Sistnevnte viste hvilken kraft og samspill bandet har oppn\u00e5dd.<\/p>\n<p>St\u00e5ende applaus fylte salen, og som prikken over i-en, kom et ekstranummer. Ekstranummer var noe Elvis aldri gjorde, men det var perfekt for denne novemberkvelden p\u00e5 Gj\u00f8vik.<\/p>\n<p>Graceland Gj\u00f8vik har bevist at de ikke bare hyller Elvis \u2013 de feirer han med en lidenskap som gj\u00f8r at musikken lever videre. Dette var en konsert som selv den st\u00f8rste kritiker m\u00e5tte overgi seg til, og som helt klart appellerer til et st\u00f8rre publikum p\u00e5 tvers av generasjoner \u2013 et bredt publikum i alle aldre.<\/p>\n<p>Det var virkelig gledelig \u00e5 se at s\u00e5 mange fra den yngre generasjonen ogs\u00e5 var til stede i salen denne kvelden. Kanskje ble noen nye Graceland Gj\u00f8vik og Elvis fans f\u00f8dt ogs\u00e5?<\/p>\n<p>   <img decoding=\"async\" width=\"4000\" height=\"3000\" fetchpriority=\"low\"  loading=\"lazy\"  src=\"https:\/\/www.europesays.com\/no\/wp-content\/uploads\/2025\/12\/Bilde_2_1_.jpg\" alt=\"\" class=\"brick-c-cFOWSL\" style=\"--brick-image-ratio: 4000 \/ 3000;\"\/><\/p>\n<p>      R\u00c5TT: Graceland Gj\u00f8vik \u2013 samspilte, energiske og med en spilleglede som smittet over p\u00e5 hele salen.<br \/>\n      Foto: Ragnhild Stafseng Christophersen\n    <\/p>\n<p>  Graceland Gj\u00f8vik<\/p>\n<p>Bandet, som er i alderen fra 17 til 67 \u00e5r, besto denne kvelden av: Frank-J\u00f8rgen Vangen p\u00e5 piano, Thomas \u00d8deg\u00e5rd p\u00e5 elgitar, Terje Bakken p\u00e5 bass, Hans Petter Fauchald Taralrud p\u00e5 trommer, Bernt Haakon Danielsson p\u00e5 saksofoner, Nicklas Arnesen p\u00e5 saksofoner, \u00c5ge Mathisen p\u00e5 tromboner, Kristine Sveum p\u00e5 trompet, strings og kor, Judith Van Eckh p\u00e5 kor, Thea Arnesen p\u00e5 kor og fl\u00f8yte og vokalist og ildsjel Morten Arnesen.<\/p>\n<p>Morten styrte som vanlig Graceland Gj\u00f8vik gjennom hele konserten med st\u00f8 h\u00e5nd, og bandt det hele sammen p\u00e5 en profesjonell m\u00e5te. Sluttproduktet ble ikke bare en konsert, men et fullverdig helaftens show. Graceland Gj\u00f8vik leverte virkelig til 20 i stil denne kvelden, og framst\u00e5r som noe av det ypperste Innlandet har \u00e5 by p\u00e5 i \u00f8yeblikket. Det blir spennende \u00e5 f\u00f8lge med p\u00e5 bandets videre utvikling, og det er bare \u00e5 glede seg til neste gang bandet st\u00e5r p\u00e5 en scene i n\u00e6rheten av deg.<\/p>\n<p>   <img decoding=\"async\" width=\"1658\" height=\"868\" fetchpriority=\"low\"  loading=\"lazy\"  src=\"https:\/\/www.europesays.com\/no\/wp-content\/uploads\/2025\/12\/Bilde_3_1_.jpg\" alt=\"\" class=\"brick-c-cFOWSL\" style=\"--brick-image-ratio: 1658 \/ 868;\"\/><\/p>\n<p>      Graceland Gj\u00f8vik \u2013 samspilte, energiske og med en spilleglede som smittet over p\u00e5 hele salen<br \/>\n      Foto: Ragnhild Stafseng Christophersen\n    <\/p>\n","protected":false},"excerpt":{"rendered":"500 publikummere hadde sikret seg billetter til \u00abJul med Elvis \u2013 Vol. 2\u00bb, og Graceland Gj\u00f8vik leverte en&hellip;\n","protected":false},"author":2,"featured_media":115786,"comment_status":"","ping_status":"","sticky":false,"template":"","format":"standard","meta":{"footnotes":""},"categories":[58],"tags":[36,6235,71,1839,14010,410,1180,30,28,29,72],"class_list":{"0":"post-115785","1":"post","2":"type-post","3":"status-publish","4":"format-standard","5":"has-post-thumbnail","7":"category-underholdning","8":"tag-art","9":"tag-elvis","10":"tag-entertainment","11":"tag-feature","12":"tag-graceland","13":"tag-kultur","14":"tag-kulturhuset","15":"tag-no","16":"tag-norge","17":"tag-norway","18":"tag-underholdning"},"share_on_mastodon":{"url":"https:\/\/pubeurope.com\/@no\/115736244831104211","error":""},"_links":{"self":[{"href":"https:\/\/www.europesays.com\/no\/wp-json\/wp\/v2\/posts\/115785","targetHints":{"allow":["GET"]}}],"collection":[{"href":"https:\/\/www.europesays.com\/no\/wp-json\/wp\/v2\/posts"}],"about":[{"href":"https:\/\/www.europesays.com\/no\/wp-json\/wp\/v2\/types\/post"}],"author":[{"embeddable":true,"href":"https:\/\/www.europesays.com\/no\/wp-json\/wp\/v2\/users\/2"}],"replies":[{"embeddable":true,"href":"https:\/\/www.europesays.com\/no\/wp-json\/wp\/v2\/comments?post=115785"}],"version-history":[{"count":0,"href":"https:\/\/www.europesays.com\/no\/wp-json\/wp\/v2\/posts\/115785\/revisions"}],"wp:featuredmedia":[{"embeddable":true,"href":"https:\/\/www.europesays.com\/no\/wp-json\/wp\/v2\/media\/115786"}],"wp:attachment":[{"href":"https:\/\/www.europesays.com\/no\/wp-json\/wp\/v2\/media?parent=115785"}],"wp:term":[{"taxonomy":"category","embeddable":true,"href":"https:\/\/www.europesays.com\/no\/wp-json\/wp\/v2\/categories?post=115785"},{"taxonomy":"post_tag","embeddable":true,"href":"https:\/\/www.europesays.com\/no\/wp-json\/wp\/v2\/tags?post=115785"}],"curies":[{"name":"wp","href":"https:\/\/api.w.org\/{rel}","templated":true}]}}