{"id":115796,"date":"2025-12-17T18:20:14","date_gmt":"2025-12-17T18:20:14","guid":{"rendered":"https:\/\/www.europesays.com\/no\/115796\/"},"modified":"2025-12-17T18:20:14","modified_gmt":"2025-12-17T18:20:14","slug":"halvor-egner-granerud-og-karoline-nilsen-har-giftet-seg","status":"publish","type":"post","link":"https:\/\/www.europesays.com\/no\/115796\/","title":{"rendered":"Halvor Egner Granerud og Karoline Nilsen har giftet seg."},"content":{"rendered":"<p class=\"kicker \" style=\"\">L\u00f8ten-saken:<\/p>\n<p>  G\u00e5rden der levningene til drepte Ole Andreas S\u00f8nstvedt (37) ble funnet, er solgt.<\/p>\n<p>\n    SOLGT: I ukene etter at det ble funnet levninger p\u00e5 g\u00e5rden i L\u00f8ten i Innlandet, jobbet en rekke krimteknikere fra politiet p\u00e5 eiendommen. N\u00e5 er g\u00e5rden solgt. Foto: Bj\u00f8rn Langsem \/ Dagbladet\n  <\/p>\n<p>Etter <a href=\"https:\/\/www.dagbladet.no\/nyheter\/fant-lik-selges\/82055278\" rel=\"nofollow noopener\" target=\"_blank\">over ett \u00e5r p\u00e5 markedet<\/a> har g\u00e5rden i L\u00f8ten blitt solgt. Det bekrefter eiendomsmekler\u00a0Halvor Dahle Meland ved Eiendomsmegler 1 til Dagbladet.<\/p>\n<p><a href=\"https:\/\/www.ostlendingen.no\/na-drapsgarden-i-loten-solgt\/s\/80-69-163622\" rel=\"nofollow noopener\" target=\"_blank\">\u00d8stlendingen <\/a>omtalte salget f\u00f8rst.\u00a0<\/p>\n<p>Eiendommen, p\u00e5 114 m\u00e5l, endte under prisantydningen p\u00e5 4,9 millioner kroner.\u00a0Budet som er akseptert er p\u00e5 4,25 millioner kroner, bekrefter eiendomsmekleren til Dagbladet.\u00a0<\/p>\n<p>    <a itemprop=\"url\" href=\"https:\/\/www.dagbladet.no\/nyheter\/vikler-seg-inn-i-logner\/83247543\" rel=\"nofollow noopener\" target=\"_blank\"><\/p>\n<p>        <img loading=\"lazy\" decoding=\"async\" src=\"https:\/\/www.europesays.com\/no\/wp-content\/uploads\/2025\/12\/1765995611_920_83248291.webp\" width=\"980\" height=\"441\" title=\"- Vikler seg inn i l\u00f8gner\" alt=\"\" class=\"lazyload\" style=\"--aspect-ratio-image: 2.22; \"\/><\/p>\n<p>        &#8211; Vikler seg inn i l\u00f8gner<\/p>\n<p>    <\/a><\/p>\n<p>Drept nytt\u00e5rsaften<\/p>\n<p>24. januar 2024 fant politiet levningene etter det som skulle vise seg \u00e5 v\u00e6re savnede Ole Andreas S\u00f8nstvedt (37), <a href=\"https:\/\/www.dagbladet.no\/nyheter\/veronica-43-domt-for-drap\/83297160\" rel=\"nofollow noopener\" target=\"_blank\">utbrent i en lavvo p\u00e5 g\u00e5rseiendommen i L\u00f8ten i Innlandet.<\/a><\/p>\n<p> P\u00e5talemyndigheten mener at Ole Andreas S\u00f8nstvedt ble drept i 21.50-tida 31. desember 2023 &#8211; f\u00f8r han deretter ble partert og levningene brent i en b\u00e5lpanne i lavvoen p\u00e5 Ebru g\u00e5rd. <\/p>\n<p>        L\u00d8TEN: Nytt\u00e5rsaften 2023 ble Ole Andreas S\u00f8nstvedt (37) drept, partert og brent. N\u00e5 er ekskj\u00e6resten d\u00f8mt for drap og likskjending. Reporter: Trond Markus Gravdal. Video: Hagen\/Moen<\/p>\n<p>G\u00e5rdeieren og ekskj\u00e6resten til S\u00f8nstvedt, Veronica Lystrup (43), ble p\u00e5grepet og siktet for drap. I juni ble\u00a0Lystrup\u00a0<a href=\"https:\/\/www.dagbladet.no\/nyheter\/veronica-43-domt-for-drap\/83297160\" rel=\"nofollow noopener\" target=\"_blank\">d\u00f8mt for drap og likskjending<\/a>.<\/p>\n<p>43-\u00e5ringen har anket dommen.<\/p>\n<p>&#8211; Kjent med oppmerksomheten<\/p>\n<p>If\u00f8lge mekleren har det v\u00e6rt et overraskende lite fokus p\u00e5 hendelsene som har funnet sted p\u00e5 g\u00e5rden under\u00a0salgsprosessen.\u00a0<\/p>\n<p>&#8211; Det er nok fordi forholdene er godt kjent, og de som har vurdert eiendommen er kjent med oppmerksomheten, sier Meland til \u00d8stlendingen.<\/p>\n<p>    <a itemprop=\"url\" href=\"https:\/\/www.dagbladet.no\/nyheter\/veronica-43-domt-for-drap\/83297160\" rel=\"nofollow noopener\" target=\"_blank\"><\/p>\n<p>        <img loading=\"lazy\" decoding=\"async\" src=\"https:\/\/www.europesays.com\/no\/wp-content\/uploads\/2025\/12\/1765995612_703_83303459.webp\" width=\"147\" height=\"98\" title=\"Veronica (43) d\u00f8mt for drap\" alt=\"\" class=\"lazyload\" style=\"--aspect-ratio-image: 1.50; \"\/><\/p>\n<p>        Veronica (43) d\u00f8mt for drap<\/p>\n<p>    <\/a><\/p>\n<p>Meland\u00a0sier til Dagbladet at det var to interessenter for eiendommen under onsdagens budrunde.<\/p>\n<p data-lab-italic=\"italic\" class=\"italic m-italic\">&#8211; Hva synes eieren om salget?<\/p>\n<p>\u00a0&#8211; \u200eJeg oppfatter at eier er tilfreds med salget, da det har v\u00e6rt en ganske langvarig prosess \u00e5 f\u00e5 solgt eiendommen. Den har v\u00e6rt ubebodd i lang tid, som ingen salgsobjekter har godt av, sier Meland, f\u00f8r han fortsetter:<\/p>\n<p>&#8211; Hun kunne sikkert tenkt seg en noe h\u00f8yere sum. Det ligger jo en forventning om at kj\u00f8pesummen skal tilsvare prisantydning.\u00a0<\/p>\n<p>Veronica Lystrups forsvarsadvokat, Svein Holden, sier til Dagbladet at han ikke har snakket med klienten sin. Han har ingen kommentar til salget.<\/p>\n<p> Heidi Ysen er bistandsadvokat for S\u00f8nstvedts etterlatte. Hun sier til Dagbladet at de ikke har noen kommentar til saken.<\/p>\n<p>    <a itemprop=\"url\" href=\"https:\/\/www.dagbladet.no\/nyheter\/mystisk-observasjon-spesiell-gange\/83259737\" rel=\"nofollow noopener\" target=\"_blank\"><\/p>\n<p>        <img loading=\"lazy\" decoding=\"async\" src=\"https:\/\/www.europesays.com\/no\/wp-content\/uploads\/2025\/12\/1765995614_496_83264700.webp\" width=\"980\" height=\"441\" title=\"Mystisk observasjon: - Spesiell gange\" alt=\"\" class=\"lazyload\" style=\"--aspect-ratio-image: 2.22; \"\/><\/p>\n<p>        Mystisk observasjon: &#8211; Spesiell gange<\/p>\n<p>    <\/a><\/p>\n","protected":false},"excerpt":{"rendered":"L\u00f8ten-saken: G\u00e5rden der levningene til drepte Ole Andreas S\u00f8nstvedt (37) ble funnet, er solgt. SOLGT: I ukene etter&hellip;\n","protected":false},"author":2,"featured_media":115797,"comment_status":"","ping_status":"","sticky":false,"template":"","format":"standard","meta":{"footnotes":""},"categories":[10],"tags":[20,21,24,25,12126,15,770,22,23,13,30,28,29,14,16,83,26,27],"class_list":{"0":"post-115796","1":"post","2":"type-post","3":"status-publish","4":"format-standard","5":"has-post-thumbnail","7":"category-norge","8":"tag-breaking-news","9":"tag-breakingnews","10":"tag-featured-news","11":"tag-featurednews","12":"tag-halvor-egner-granerud","13":"tag-headlines","14":"tag-hopp","15":"tag-latest-news","16":"tag-latestnews","17":"tag-news","18":"tag-no","19":"tag-norge","20":"tag-norway","21":"tag-nyheter","22":"tag-overskrifter","23":"tag-sport","24":"tag-top-stories","25":"tag-topstories"},"share_on_mastodon":{"url":"https:\/\/pubeurope.com\/@no\/115736295894820181","error":""},"_links":{"self":[{"href":"https:\/\/www.europesays.com\/no\/wp-json\/wp\/v2\/posts\/115796","targetHints":{"allow":["GET"]}}],"collection":[{"href":"https:\/\/www.europesays.com\/no\/wp-json\/wp\/v2\/posts"}],"about":[{"href":"https:\/\/www.europesays.com\/no\/wp-json\/wp\/v2\/types\/post"}],"author":[{"embeddable":true,"href":"https:\/\/www.europesays.com\/no\/wp-json\/wp\/v2\/users\/2"}],"replies":[{"embeddable":true,"href":"https:\/\/www.europesays.com\/no\/wp-json\/wp\/v2\/comments?post=115796"}],"version-history":[{"count":0,"href":"https:\/\/www.europesays.com\/no\/wp-json\/wp\/v2\/posts\/115796\/revisions"}],"wp:featuredmedia":[{"embeddable":true,"href":"https:\/\/www.europesays.com\/no\/wp-json\/wp\/v2\/media\/115797"}],"wp:attachment":[{"href":"https:\/\/www.europesays.com\/no\/wp-json\/wp\/v2\/media?parent=115796"}],"wp:term":[{"taxonomy":"category","embeddable":true,"href":"https:\/\/www.europesays.com\/no\/wp-json\/wp\/v2\/categories?post=115796"},{"taxonomy":"post_tag","embeddable":true,"href":"https:\/\/www.europesays.com\/no\/wp-json\/wp\/v2\/tags?post=115796"}],"curies":[{"name":"wp","href":"https:\/\/api.w.org\/{rel}","templated":true}]}}