{"id":115798,"date":"2025-12-17T18:21:21","date_gmt":"2025-12-17T18:21:21","guid":{"rendered":"https:\/\/www.europesays.com\/no\/115798\/"},"modified":"2025-12-17T18:21:21","modified_gmt":"2025-12-17T18:21:21","slug":"plan-for-norge-store-regjeringen-stor-stahei-for-ingenting","status":"publish","type":"post","link":"https:\/\/www.europesays.com\/no\/115798\/","title":{"rendered":"Plan for Norge, St\u00f8re-regjeringen | Stor st\u00e5hei for ingenting"},"content":{"rendered":"\n<p>Tiden for plattformer er over. Tiden for Planen er inne. Etter nesten 30 \u00e5r med regjeringsplattformer, skulle Planen v\u00e6re et vannskille. Et visjonsfylt sted der Arbeiderpartiet kunne skinne alene.<\/p>\n<p><b>Nesten fire \u00e5r med forhandlinger med Sp skulle man riste av seg n\u00e5, i alle fall if\u00f8lge PR-kampanjen for Planen. Der stilte Cecilie Myrseth og Kari Nessa Nordtun opp p\u00e5 video for \u00e5 fnyse av det Sp og Ap fikk til i lag.<\/b><\/p>\n<p>I videoene skal statsr\u00e5dene velge mellom Hurdalsplattformen med sine \u00abtusenvis av prioriteringer\u00bb og Planen med \u00e9n prioritering: Tryggheten.<\/p>\n<p>De smiler kokett. Og velger Planen. Klart de gj\u00f8r.<\/p>\n<p>Ouch. Smerten var nesten for mye \u00e5 b\u00e6re for eksene i Sp. Det ble stygt i spaltene. Men s\u00e5nn er det. Sm\u00e5lighet trender for tiden.<\/p>\n<p>Mange i Ap dr\u00f8mte om et brudd med Senterpartiet. Virkeliggj\u00f8ringen av dr\u00f8mmen, og Stoltenbergs tilbakekomst, l\u00f8ftet roseb\u00e6rerne opp og frem p\u00e5 en b\u00f8lge av optimisme i valgkampen.<\/p>\n<p><b>N\u00e5r St\u00f8re s\u00e5 innkalte til en sv\u00e6r pressekonferanse, med stor st\u00e5hei rundt en 13 sider kort pamflett, s\u00e5 var det for \u00e5 snakke til dem. De fikk mer av de samme slagordene fra valgkampen. <\/b><\/p>\n<p>Vi andre fikk content uten innhold. I stedet for en regjeringsplattform f\u00e5r vi en oppsummering av et partiprogram vi kjente fra f\u00f8r.<\/p>\n<p>Det er ingenting konkret vi kan f\u00f8lge opp her. Selv konkrete ting er ikke konkrete. For eksempel: Regjeringen vil at 80 prosent av offentlige virksomheter skal ha tatt i bruk KI i l\u00f8pet av 2025.<\/p>\n<p>Jaha, hvordan? Til \u00e5 lese korrektur eller til \u00e5 danne grunnlag for kreftdiagnoser? Og hvordan har regjeringen tenkt \u00e5 f\u00f8lge opp resultatoppn\u00e5elsen her? Sjekke hvor mange kommuneansatte har en egen ChatGPT-bruker?<\/p>\n<p>De kan starte i Troms\u00f8-kommune. Kremt.<\/p>\n<p>   <img decoding=\"async\" width=\"8192\" height=\"5464\" fetchpriority=\"low\"  loading=\"lazy\"  src=\"https:\/\/www.europesays.com\/no\/wp-content\/uploads\/2025\/12\/Plan+for+Norge+2.jpg\" alt=\"Oslo 20251215. &#10;Finansminister Jens Stoltenberg (f.v.), Solveig Kloppen og arbeids- og inkluderingsminister&#10;Kjersti Stenseng under en live-innspilling av en podkast for \" regjeringens=\"\" plan=\"\" for=\"\" norge=\"\" p=\"\" harlem=\"\" youngstorget.=\"\" foto:=\"\" jonas=\"\" been=\"\" henriksen=\"\" ntb=\"\" class=\"brick-c-cFOWSL\" style=\"--brick-image-ratio: 8192 \/ 5464;\"\/><\/p>\n<p>      PODKAST: Finansminister Jens Stoltenberg (f.v.), Solveig Kloppen og arbeids- og inkluderingsminister<br \/>\nKjersti Stenseng under en live-innspilling av en podkast for &#8216;Regjeringens plan for Norge&#8217; p\u00e5 Harlem p\u00e5 Youngstorget 15. desember.<br \/>\n      Foto: Jonas Been Henriksen, NTB\n    <\/p>\n<p><b>S\u00e6rlig tett skodde siger inn over Planen n\u00e5r nordomr\u00e5dene omtales. Igjen sl\u00e5s det fast at nordomr\u00e5dene er Norges viktigste strategiske satsingsomr\u00e5der. Ja, takk. Det har vi h\u00f8rt f\u00f8r.<\/b><\/p>\n<p>P\u00e5 grunn av den endrede sikkerhetssituasjonen understreker Planen behovet for infrastruktur som i st\u00f8rre grad legger til rette for milit\u00e6r mobilitet. Dette inkluderer evnen til \u00e5 motta og forflytte allierte forsterkningsstyrker.<\/p>\n<p>I Nordomr\u00e5dene, m\u00e5 man formode. Det spesifiseres ikke.<\/p>\n<p>Hva slags infrastruktur det er snakk om, vet vi heller ikke. Men det m\u00e5 v\u00e6re noe som kan revideres \u00e5rlig, fordi Planen skal revideres \u00e5rlig.<\/p>\n<p>Og som kjent kan man ikke revidere investeringer i havner, jernbaner, veier, bruer, tunneler, fiberkabler, str\u00f8mnett, og annet moro en gang i \u00e5ret.<\/p>\n<p><b>Man kan ikke v\u00e6re litt gift med enormt kostbare infrastruktursatsinger. Et dobbeltspor p\u00e5 Ofotbanen er ikke en one night stand.<\/b><\/p>\n<p>Man m\u00e5 v\u00e6re all-in, i gode dager, og i dager med utsikter til usedvanlig avskrekkende \u00f8konomiske overskridelser.<\/p>\n<p>Planen sl\u00e5r fast at livskraftige lokalsamfunn med aktivitet og bosetting i hele landet er avgj\u00f8rende for beredskapen. Avgj\u00f8rende, faktisk. Planen knytter sikring av bosetting i nord direkte til nasjonal sikkerhet og beredskap.<\/p>\n<p><b>Hvordan man skal f\u00e5 folk til \u00e5 helt frivillig bosette seg p\u00e5 steder som er s\u00e6rlig utsatt, svarer ikke Planen p\u00e5.<\/b><\/p>\n<p>De skal kanskje frivillig stille opp for nasjonen, og flytte fra Fornebu til \u00d8st-Finnmark, p\u00e5 bakgrunn av et visjonsdokument som i uforpliktende ordelag lanseres av statsministeren p\u00e5 en pressekonferanse.<\/p>\n<p>Enn s\u00e5 lenge har ikke det fungert. Selv om St\u00f8re er ganske dyktig p\u00e5 visjoner.<\/p>\n<p>Planen peker riktignok p\u00e5 \u00e9n konkret ting, som ogs\u00e5 kanskje kan, eller ikke kan, ang\u00e5 nordomr\u00e5der spesifikt:<\/p>\n<p>Regjeringen skal bygge \u00abrobuste lokalsamfunn som t\u00e5ler kriser bedre\u00bb. Dette skal gj\u00f8res gjennom samarbeid med kommuner, n\u00e6ringsliv og frivillighet for \u00e5 sikre kritisk infrastruktur og \u00f8ve mer p\u00e5 tvers av sektorer.<\/p>\n<p><b>Norge er fremragende p\u00e5 sektortenkning. Vi er kanskje verdensmestere p\u00e5 \u00e5 ikke samarbeide p\u00e5 tvers av sektorer. Planen sier ingenting hvordan Planen skal f\u00e5 oss til \u00e5 slutte med noe vi har drevet til eksellense gjennom generasjoner. <\/b><\/p>\n<p>Lenge leve Planen. En ny og diffus m\u00e5te \u00e5 lede landet og sikre nordomr\u00e5dene p\u00e5.<\/p>\n","protected":false},"excerpt":{"rendered":"Tiden for plattformer er over. Tiden for Planen er inne. Etter nesten 30 \u00e5r med regjeringsplattformer, skulle Planen&hellip;\n","protected":false},"author":2,"featured_media":115799,"comment_status":"","ping_status":"","sticky":false,"template":"","format":"standard","meta":{"footnotes":""},"categories":[5],"tags":[499,36,20,21,24,25,15,19,266,22,23,17,18,13,30,28,29,14,1533,16,13914,568,26,27],"class_list":{"0":"post-115798","1":"post","2":"type-post","3":"status-publish","4":"format-standard","5":"has-post-thumbnail","7":"category-overskrifter","8":"tag-arbeiderpartiet","9":"tag-art","10":"tag-breaking-news","11":"tag-breakingnews","12":"tag-featured-news","13":"tag-featurednews","14":"tag-headlines","15":"tag-hovedoppslag","16":"tag-kommentar","17":"tag-latest-news","18":"tag-latestnews","19":"tag-main-news","20":"tag-mainnews","21":"tag-news","22":"tag-no","23":"tag-norge","24":"tag-norway","25":"tag-nyheter","26":"tag-opinion","27":"tag-overskrifter","28":"tag-plan-for-norge","29":"tag-store-regjeringen","30":"tag-top-stories","31":"tag-topstories"},"share_on_mastodon":{"url":"https:\/\/pubeurope.com\/@no\/115736299844495950","error":""},"_links":{"self":[{"href":"https:\/\/www.europesays.com\/no\/wp-json\/wp\/v2\/posts\/115798","targetHints":{"allow":["GET"]}}],"collection":[{"href":"https:\/\/www.europesays.com\/no\/wp-json\/wp\/v2\/posts"}],"about":[{"href":"https:\/\/www.europesays.com\/no\/wp-json\/wp\/v2\/types\/post"}],"author":[{"embeddable":true,"href":"https:\/\/www.europesays.com\/no\/wp-json\/wp\/v2\/users\/2"}],"replies":[{"embeddable":true,"href":"https:\/\/www.europesays.com\/no\/wp-json\/wp\/v2\/comments?post=115798"}],"version-history":[{"count":0,"href":"https:\/\/www.europesays.com\/no\/wp-json\/wp\/v2\/posts\/115798\/revisions"}],"wp:featuredmedia":[{"embeddable":true,"href":"https:\/\/www.europesays.com\/no\/wp-json\/wp\/v2\/media\/115799"}],"wp:attachment":[{"href":"https:\/\/www.europesays.com\/no\/wp-json\/wp\/v2\/media?parent=115798"}],"wp:term":[{"taxonomy":"category","embeddable":true,"href":"https:\/\/www.europesays.com\/no\/wp-json\/wp\/v2\/categories?post=115798"},{"taxonomy":"post_tag","embeddable":true,"href":"https:\/\/www.europesays.com\/no\/wp-json\/wp\/v2\/tags?post=115798"}],"curies":[{"name":"wp","href":"https:\/\/api.w.org\/{rel}","templated":true}]}}