{"id":115812,"date":"2025-12-17T18:40:20","date_gmt":"2025-12-17T18:40:20","guid":{"rendered":"https:\/\/www.europesays.com\/no\/115812\/"},"modified":"2025-12-17T18:40:20","modified_gmt":"2025-12-17T18:40:20","slug":"stig-inge-bjornebye-fotball-medier-far-jobb-i-britisk-storklubb","status":"publish","type":"post","link":"https:\/\/www.europesays.com\/no\/115812\/","title":{"rendered":"Stig Inge Bj\u00f8rnebye, Fotball | Medier: F\u00e5r jobb i britisk storklubb"},"content":{"rendered":"\n<p><a href=\"https:\/\/www.skysports.com\/football\/news\/11788\/13484771\/stig-inge-bjornebye-rangers-appoint-ex-liverpool-and-blackburn-player-in-football-consultant-and-advisor-role\" rel=\"Follow nofollow noopener\" target=\"_blank\">Sky Sports<\/a> melder onsdag at Bj\u00f8rnebye blir r\u00e5dgiver og konsulent for den skotske storklubben Rangers. Ogs\u00e5 BBC melder dette onsdag ettermiddag. <\/p>\n<p>Han skal if\u00f8lge mediene f\u00e5 en r\u00e5dgivende rolle, og rapportere direkte til klubbens styreleder, forretningsmannen Andrew Cavenagh. <\/p>\n<p>Det skal i denne omgang dreie seg om en avtale med varighet p\u00e5 seks m\u00e5neder. <\/p>\n<p>Den tidligere Liverpool-backen har en fortid i Rosenborg, b\u00e5de som spiller og sportslig leder. Han var sportssjef for RBK i \u00abgull\u00e5rene\u00bb 2015-2019. <\/p>\n<p>Han var inntil nylig sportdirekt\u00f8r i danske AGF. <\/p>\n","protected":false},"excerpt":{"rendered":"Sky Sports melder onsdag at Bj\u00f8rnebye blir r\u00e5dgiver og konsulent for den skotske storklubben Rangers. Ogs\u00e5 BBC melder&hellip;\n","protected":false},"author":2,"featured_media":115813,"comment_status":"","ping_status":"","sticky":false,"template":"","format":"standard","meta":{"footnotes":""},"categories":[59],"tags":[36,92,30,28,29,586,83,82,8117,1510],"class_list":{"0":"post-115812","1":"post","2":"type-post","3":"status-publish","4":"format-standard","5":"has-post-thumbnail","7":"category-sport","8":"tag-art","9":"tag-fotball","10":"tag-no","11":"tag-norge","12":"tag-norway","13":"tag-rbk","14":"tag-sport","15":"tag-sports","16":"tag-stig-inge-bjornebye","17":"tag-story"},"share_on_mastodon":{"url":"https:\/\/pubeurope.com\/@no\/115736374341239851","error":""},"_links":{"self":[{"href":"https:\/\/www.europesays.com\/no\/wp-json\/wp\/v2\/posts\/115812","targetHints":{"allow":["GET"]}}],"collection":[{"href":"https:\/\/www.europesays.com\/no\/wp-json\/wp\/v2\/posts"}],"about":[{"href":"https:\/\/www.europesays.com\/no\/wp-json\/wp\/v2\/types\/post"}],"author":[{"embeddable":true,"href":"https:\/\/www.europesays.com\/no\/wp-json\/wp\/v2\/users\/2"}],"replies":[{"embeddable":true,"href":"https:\/\/www.europesays.com\/no\/wp-json\/wp\/v2\/comments?post=115812"}],"version-history":[{"count":0,"href":"https:\/\/www.europesays.com\/no\/wp-json\/wp\/v2\/posts\/115812\/revisions"}],"wp:featuredmedia":[{"embeddable":true,"href":"https:\/\/www.europesays.com\/no\/wp-json\/wp\/v2\/media\/115813"}],"wp:attachment":[{"href":"https:\/\/www.europesays.com\/no\/wp-json\/wp\/v2\/media?parent=115812"}],"wp:term":[{"taxonomy":"category","embeddable":true,"href":"https:\/\/www.europesays.com\/no\/wp-json\/wp\/v2\/categories?post=115812"},{"taxonomy":"post_tag","embeddable":true,"href":"https:\/\/www.europesays.com\/no\/wp-json\/wp\/v2\/tags?post=115812"}],"curies":[{"name":"wp","href":"https:\/\/api.w.org\/{rel}","templated":true}]}}