{"id":115820,"date":"2025-12-17T18:46:10","date_gmt":"2025-12-17T18:46:10","guid":{"rendered":"https:\/\/www.europesays.com\/no\/115820\/"},"modified":"2025-12-17T18:46:10","modified_gmt":"2025-12-17T18:46:10","slug":"oscar-sjokk-flytter-til-youtube","status":"publish","type":"post","link":"https:\/\/www.europesays.com\/no\/115820\/","title":{"rendered":"Oscar-sjokk: Flytter til Youtube"},"content":{"rendered":"\n<p class=\"_lead_o9xde_2 _lead_xtcu6_50 layout-component text-serif-m layout-normal text-serif-l layout-component layout-wide layout-padded _wide_17hqh_1 layout-padded\">Seremonien der de prestisjetunge Oscar-prisene deles ut vil i 2029 bli flyttet til Youtube, opplyser Academy of Motion Pictures Arts and Sciences. <\/p>\n<p><img alt=\"Fra 2029 vil seremonien der de Oscar-statuettene deles ut bli str\u00f8mmet globalt p\u00e5 Youtube. Her er Kieran Culkin fra \u00e5rets utdeling. Foto: RICHARD HARBAUGH \/ AFP \/ NTB\" class=\"_image_qp4xg_65 layout-component layout-wide\" data-fullscreen- data-track-element-type=\"Article image fullscreen\" data-track-name=\"ImageFullscreen\" fetchpriority=\"high\" decoding=\"sync\" loading=\"eager\" height=\"4032\" itemprop=\"image\"  src=\"https:\/\/www.europesays.com\/no\/wp-content\/uploads\/2025\/12\/e1b64552-fe6e-4473-8b6e-4d385c20e7e6\"  style=\"object-position:0% 0%\" width=\"6048\"\/>Fra 2029 vil seremonien der de Oscar-statuettene deles ut bli str\u00f8mmet globalt p\u00e5 Youtube. Her er Kieran Culkin fra \u00e5rets utdeling. Foto: RICHARD HARBAUGH \/ AFP \/ NTB<\/p>\n<ul aria-hidden=\"true\" class=\"_images_ntbth_112\">\n<li><a class=\"_link_ntbth_117\" href=\"https:\/\/www.vg.no\/forfatter\/elise-kvien\" style=\"z-index:2\" title=\"Elise Kvien\" rel=\"nofollow noopener\" target=\"_blank\"><img alt=\"Bilde av Elise Kvien\" class=\"_image_ntbth_93\" fetchpriority=\"low\" loading=\"lazy\" decoding=\"async\" itemprop=\"image\"  src=\"https:\/\/www.europesays.com\/no\/wp-content\/uploads\/2025\/12\/1765997169_166_e9d71b6f-2a15-4dd1-85be-ea8fb873046c\"  width=\"480\"\/><\/a><\/li>\n<li><a class=\"_link_ntbth_117\" href=\"https:\/\/www.vg.no\/forfatter\/ntb\" style=\"z-index:1\" title=\"NTB\" rel=\"nofollow noopener\" target=\"_blank\"><img alt=\"Bilde av NTB\" class=\"_image_ntbth_93\" fetchpriority=\"low\" loading=\"lazy\" decoding=\"async\" itemprop=\"image\"  src=\"https:\/\/www.europesays.com\/no\/wp-content\/uploads\/2025\/12\/1765997170_213_c33980b0-5d07-4027-84a1-813f90a7c8d6\"  width=\"480\"\/><\/a><\/li>\n<\/ul>\n<p> Oppdatert onsdag 17. desember kl. 19:32     <\/p>\n<p class=\"_paragraph_o9xde_4 _paragraph_xtcu6_10 layout-component text-serif-m layout-normal text-serif-m layout-padded\">Oscar-utdelingen har tradisjonelt blitt vist p\u00e5 TV-kanalen ABC, som har rettighetene til og med 2028. Det blir den 100. Oscar-utdelingen i rekken. <\/p>\n<p class=\"_paragraph_o9xde_4 _paragraph_xtcu6_10 layout-component text-serif-m layout-normal text-serif-m layout-padded\">\u00c5ret etter har imidlertid <a href=\"https:\/\/www.vg.no\/tag\/youtube-2?utm_source=vg-article&amp;utm_medium=auto-tagger&amp;utm_campaign=wrEwjM\" class=\"_link_o9xde_39\" rel=\"nofollow noopener\" target=\"_blank\">Youtube<\/a> sikret seg de globale rettighetene til \u00e5 str\u00f8mme seremonien, i f\u00f8rste omgang til 2033. <\/p>\n<p class=\"_paragraph_o9xde_4 _paragraph_xtcu6_10 layout-component text-serif-m layout-normal text-serif-m layout-padded\">De neste Oscar-nominasjoner blir offentliggjort 22. januar, mens selve prisutdelingen skjer 15. mars. <\/p>\n<p class=\"_paragraph_o9xde_4 _paragraph_xtcu6_10 layout-component text-serif-m layout-normal text-serif-m layout-padded\">Den norske filmen \u00abAffeksjonsverdi\u00bb er p\u00e5 kortlisten til \u00abbeste internasjonale spillefilm\u00bb, mens den norske filmen \u00abDen stygge stes\u00f8steren\u00bb er kortlistet i kategorien beste sminke og h\u00e5r.<\/p>\n<p class=\"_paragraph_o9xde_4 _paragraph_xtcu6_10 layout-component text-serif-m layout-normal text-serif-m layout-padded\">Dette betyr at man kan se selve utdelingen, \u00abbehind the scenes\u00bb og den r\u00f8de l\u00f8peren gratis fra 2029. <\/p>\n","protected":false},"excerpt":{"rendered":"Seremonien der de prestisjetunge Oscar-prisene deles ut vil i 2029 bli flyttet til Youtube, opplyser Academy of Motion&hellip;\n","protected":false},"author":2,"featured_media":115821,"comment_status":"","ping_status":"","sticky":false,"template":"","format":"standard","meta":{"footnotes":""},"categories":[5],"tags":[20,21,24,25,15,19,22,23,17,18,13,30,28,29,14,1052,16,8788,26,27,7712],"class_list":{"0":"post-115820","1":"post","2":"type-post","3":"status-publish","4":"format-standard","5":"has-post-thumbnail","7":"category-overskrifter","8":"tag-breaking-news","9":"tag-breakingnews","10":"tag-featured-news","11":"tag-featurednews","12":"tag-headlines","13":"tag-hovedoppslag","14":"tag-latest-news","15":"tag-latestnews","16":"tag-main-news","17":"tag-mainnews","18":"tag-news","19":"tag-no","20":"tag-norge","21":"tag-norway","22":"tag-nyheter","23":"tag-oscar","24":"tag-overskrifter","25":"tag-prisutdeling","26":"tag-top-stories","27":"tag-topstories","28":"tag-youtube"},"share_on_mastodon":{"url":"https:\/\/pubeurope.com\/@no\/115736398168974377","error":""},"_links":{"self":[{"href":"https:\/\/www.europesays.com\/no\/wp-json\/wp\/v2\/posts\/115820","targetHints":{"allow":["GET"]}}],"collection":[{"href":"https:\/\/www.europesays.com\/no\/wp-json\/wp\/v2\/posts"}],"about":[{"href":"https:\/\/www.europesays.com\/no\/wp-json\/wp\/v2\/types\/post"}],"author":[{"embeddable":true,"href":"https:\/\/www.europesays.com\/no\/wp-json\/wp\/v2\/users\/2"}],"replies":[{"embeddable":true,"href":"https:\/\/www.europesays.com\/no\/wp-json\/wp\/v2\/comments?post=115820"}],"version-history":[{"count":0,"href":"https:\/\/www.europesays.com\/no\/wp-json\/wp\/v2\/posts\/115820\/revisions"}],"wp:featuredmedia":[{"embeddable":true,"href":"https:\/\/www.europesays.com\/no\/wp-json\/wp\/v2\/media\/115821"}],"wp:attachment":[{"href":"https:\/\/www.europesays.com\/no\/wp-json\/wp\/v2\/media?parent=115820"}],"wp:term":[{"taxonomy":"category","embeddable":true,"href":"https:\/\/www.europesays.com\/no\/wp-json\/wp\/v2\/categories?post=115820"},{"taxonomy":"post_tag","embeddable":true,"href":"https:\/\/www.europesays.com\/no\/wp-json\/wp\/v2\/tags?post=115820"}],"curies":[{"name":"wp","href":"https:\/\/api.w.org\/{rel}","templated":true}]}}