{"id":115822,"date":"2025-12-17T18:48:04","date_gmt":"2025-12-17T18:48:04","guid":{"rendered":"https:\/\/www.europesays.com\/no\/115822\/"},"modified":"2025-12-17T18:48:04","modified_gmt":"2025-12-17T18:48:04","slug":"klar-for-la-galaxy","status":"publish","type":"post","link":"https:\/\/www.europesays.com\/no\/115822\/","title":{"rendered":"Klar for LA Galaxy"},"content":{"rendered":"<p>  N\u00e5 truer den russiske presidenten Ukraina med nye angrep om de ikke kommer til enighet under fredssamtalene.\u00a0<\/p>\n<p>\n    KLAR BESKJED: Russlands president Vladimir Putin holdt en tale p\u00e5 det \u00e5rlige styrem\u00f8tet i landets forsvarsdepartement i Moskva, onsdag 17. desember 2025. Foto: Alexander Kazakov \/ AP \/ NTB\n  <\/p>\n<p>Onsdag holdt Russlands president, Vladimir Putin (73), en tale under et utvidet m\u00f8te foran det russiske forsvarsdepartementet.\u00a0<\/p>\n<p>    <a itemprop=\"url\" href=\"https:\/\/borsen.dagbladet.no\/nyheter\/beordrer-blokade\/83994983\" rel=\"nofollow noopener\" target=\"_blank\"><\/p>\n<p>        <img loading=\"lazy\" decoding=\"async\" src=\"https:\/\/www.europesays.com\/no\/wp-content\/uploads\/2025\/12\/1765997281_855_83994994.webp\" width=\"980\" height=\"441\" title=\"Beordrer blokade\" alt=\"\" class=\"lazyload\" style=\"--aspect-ratio-image: 2.22; \"\/><\/p>\n<p>        Beordrer blokade<\/p>\n<p>    <\/a><\/p>\n<p>Han snakket om utsiktene for \u00e5 avslutte krigen i Ukraina &#8211; om hvordan Russland ser for seg veien mot fred.\u00a0<\/p>\n<p>Vil bruke milit\u00e6r makt<\/p>\n<p class=\"font-weight-bold m-font-weight-bold\" data-lab-font_weight=\"font-weight-bold\">Putin beskrev det siste \u00e5ret som et viktig steg i gjennomf\u00f8ringen av \u00abspesialoperasjonens\u00bb m\u00e5l. Han sa at dersom Kyiv nekter \u00e5 g\u00e5 inn i reelle forhandlinger, vil Russland \u00abfrigj\u00f8re territoriene med milit\u00e6r makt\u00bb.<\/p>\n<p>&#8211; Hvis motparten og deres utenlandske st\u00f8ttespillere nekter \u00e5 delta i substansielle diskusjoner, vil Russland oppn\u00e5 frigj\u00f8ringen av sine historiske landomr\u00e5der med milit\u00e6re midler. Oppgaven med \u00e5 skape og utvide en sikkerhetsbuffersone vil ogs\u00e5 bli fulgt opp, sa Putin under m\u00f8tet.\u00a0<\/p>\n<p>Han benyttet ogs\u00e5 anledningen til \u00e5 sende stikk i retning USAs tidligere president Joe Biden og europeiske toppledere.<\/p>\n<p>        F\u00d8RSTE GANG: Ukraina skal ha angrepet en russisk ub\u00e5t med en undervannsdrone for f\u00f8rste gang. Video: SBU. Reporter: Vegard Kr\u00fcger<\/p>\n<p>Han hevdet at Biden-administrasjonen\u00a0\u00abbevisst styrte situasjonen mot en v\u00e6pnet konflikt\u00bb, og la til at Washington trodde Russland kunne svekkes eller til og med \u00f8delegges p\u00e5 kort tid, skriver <a href=\"https:\/\/www.theguardian.com\/world\/live\/2025\/dec\/17\/ukraine-russia-war-eu-european-council-frozen-assets-zelenskyy-europe-live-news\" rel=\"nofollow noopener\" target=\"_blank\">The Guardian<\/a>.\u00a0<\/p>\n<p>Deretter rettet han kraftig skyts mot europeiske ledere og anklaget dem for \u00e5 slutte opp om Joe Bidens administrasjon.\u00a0\u00a0<\/p>\n<p>&#8211; Europas sm\u00e5 griser sluttet seg umiddelbart til arbeidet til den forrige amerikanske administrasjonen i h\u00e5p om \u00e5 tjene p\u00e5 sammenbruddet av landet v\u00e5rt, sa den russiske presidenten.<\/p>\n<p>        <img loading=\"lazy\" decoding=\"async\" src=\"https:\/\/www.europesays.com\/no\/wp-content\/uploads\/2025\/12\/83999493.webp\" width=\"980\" height=\"559\" title=\"HOLDT TALE: Russlands Vladimir Putin fyrte l\u00f8s fra talerstolen under det \u00e5rlige styrem\u00f8te i landets forsvarsdepartement i Moskva onsdag. Foto: Alexander Kazakov \/ Sputnik \/ AP \/ NTB\" alt=\"\" class=\"\" style=\"--aspect-ratio-image: 1.75; \"\/><\/p>\n<p>\n        HOLDT TALE: Russlands Vladimir Putin fyrte l\u00f8s fra talerstolen under det \u00e5rlige styrem\u00f8te i landets forsvarsdepartement i Moskva onsdag. Foto: Alexander Kazakov \/ Sputnik \/ AP \/ NTB\n    <\/p>\n<p>If\u00f8lge 73-\u00e5ringen har den russiske h\u00e6ren tatt kontroll over mer enn 300 tettsteder i Ukraina i l\u00f8pet av \u00e5ret, og styrkene skal ha p\u00e5f\u00f8rt ukrainske enheter store tap &#8211; ogs\u00e5 blant dem som er utstyrt med vestligprodusert milit\u00e6rteknologi.<\/p>\n<p>Putin omtalte ogs\u00e5 deltakelsen til nordkoreanske soldater i Kursk-regionen, som if\u00f8lge ham skal ha utvist \u00abtapperhet under omfattende arbeid med minerydding\u00bb.\u00a0<\/p>\n<p>Han kunngjorde ogs\u00e5 at rakettkomplekset \u00abOresjnik\u00bb skal settes i beredskap f\u00f8r \u00e5rets slutt. Forbedring av de strategiske atomstyrkene er if\u00f8lge Putin en klar prioritet, og utgj\u00f8r \u00abet n\u00f8kkelmoment for landets avskrekkingsevne\u00bb.<\/p>\n<p>Advarer mot styrker fra Nato-land<\/p>\n<p>Ukrainas president Volodymyr Zelenskyj var tidligere i uka i samtaler med amerikanske tjenstepersoner og europeiske ledere for \u00e5 diskutere sikkerhetsgarantier for Ukraina.<\/p>\n<p>De innebar at Ukraina vil kunne f\u00e5 en sikkerhetsgaranti lik den i artikkel 5 i Nato-alliansen,\u00a0skrev\u00a0<a href=\"https:\/\/www.reuters.com\/world\/europe\/ukraine-peace-talks-stretch-into-second-day-start-pivotal-week-europe-2025-12-15\/\" rel=\"nofollow noopener\" target=\"_blank\">Reuters<\/a>. <\/p>\n<p> Artikkel 5 gj\u00f8r det klart at et angrep p\u00e5 et Nato-land er et angrep p\u00e5 alle landene i forsvarsalliansen.\u00a0<\/p>\n<p>S\u00e6rlig elementer fra Berlin-samtalene stikker seg fram:<\/p>\n<ul>\n<li>Ukraina skal f\u00e5 ha en st\u00e5ende h\u00e6r p\u00e5 800 000 soldater<\/li>\n<li>Ukraina kan f\u00e5 sikkerhetsgarantier<\/li>\n<li>Europeiske ledere er enige om en multinasjonal styrke som skal hjelpe til gjenoppbygging av forsvaret, sikre luftrom og sikre trygghet ved kysten<\/li>\n<\/ul>\n<p data-lab-font_weight=\"\">Under onsdagens tale advarte Putin om de mulige konsekvensene dersom elementene fra Berlin-samtalene blir iverksatt.\u00a0<\/p>\n<p>    <a itemprop=\"url\" href=\"https:\/\/borsen.dagbladet.no\/nyheter\/usa-truer-med-gjengjeldelse-mot-eu\/83994626\" rel=\"nofollow noopener\" target=\"_blank\"><\/p>\n<p>        <img loading=\"lazy\" decoding=\"async\" src=\"https:\/\/www.europesays.com\/no\/wp-content\/uploads\/2025\/12\/1765997283_113_83994653.webp\" width=\"980\" height=\"441\" title=\"USA truer med gjengjeldelse mot EU\" alt=\"\" class=\"lazyload\" style=\"--aspect-ratio-image: 2.22; \"\/><\/p>\n<p>        USA truer med gjengjeldelse mot EU<\/p>\n<p>    <\/a><\/p>\n<p class=\"font-weight-bold m-font-weight-bold\" data-lab-font_weight=\"font-weight-bold\">Kreml krever at Ukraina trekker \u00f8nsket om \u00e5 bli medlem av Nato, og advarer om at landet ikke vil akseptere utplassering av styrker fra Nato-land i Ukraina. Slike styrker vil, if\u00f8lge Kreml, bli betraktet som \u00ablegitime m\u00e5l\u00bb, melder <a href=\"https:\/\/apnews.com\/article\/russia-ukraine-war-putin-zelenskyy-trump-4bdd3a5c442838174c6179305d9396c9\" target=\"_blank\" rel=\"nofollow noopener\">AP News<\/a>.\u00a0<\/p>\n<p>Zelenskyj har uttrykt at Ukraina er villig til \u00e5 droppe Nato-s\u00f8knaden dersom USA og andre vestlige land gir Kyiv sikkerhetsgarantier tilsvarende dem NATO-medlemmer har.\u00a0<\/p>\n<p>Samtidig understreker han at Ukrainas klare preferanse fortsatt er medlemskap i alliansen, som anses som den beste garantien mot nye russiske angrep.<\/p>\n<p class=\"font-weight-bold m-font-weight-bold\" data-lab-font_weight=\"font-weight-bold\">Zelenskyj har ogs\u00e5 avvist Moskvas krav om \u00e5 trekke ukrainske styrker tilbake fra omr\u00e5der som Russland ikke har klart \u00e5 ta med makt.<\/p>\n<p data-lab-font_weight=\"\">Han la til at Ukraina og dets allierte st\u00e5r n\u00e6r en avtale om \u00absterke sikkerhetsgarantier\u00bb, men understreket samtidig at det avgj\u00f8rende sp\u00f8rsm\u00e5let om kontroll over territorium fortsatt ikke er l\u00f8st, if\u00f8lge AP News.\u00a0<\/p>\n<p>    <a itemprop=\"url\" href=\"https:\/\/borsen.dagbladet.no\/nyheter\/presses-vil-ikke-svare\/83952733\" rel=\"nofollow noopener\" target=\"_blank\"><\/p>\n<p>        <img loading=\"lazy\" decoding=\"async\" src=\"https:\/\/www.europesays.com\/no\/wp-content\/uploads\/2025\/12\/1765997284_859_83952751.webp\" width=\"980\" height=\"441\" title=\"Presses: - Vil ikke svare\" alt=\"\" class=\"lazyload\" style=\"--aspect-ratio-image: 2.22; \"\/><\/p>\n<p>        Presses: &#8211; Vil ikke svare<\/p>\n<p>    <\/a><\/p>\n","protected":false},"excerpt":{"rendered":"N\u00e5 truer den russiske presidenten Ukraina med nye angrep om de ikke kommer til enighet under fredssamtalene.\u00a0 KLAR&hellip;\n","protected":false},"author":2,"featured_media":115823,"comment_status":"","ping_status":"","sticky":false,"template":"","format":"standard","meta":{"footnotes":""},"categories":[59],"tags":[92,30,28,29,83,82],"class_list":{"0":"post-115822","1":"post","2":"type-post","3":"status-publish","4":"format-standard","5":"has-post-thumbnail","7":"category-sport","8":"tag-fotball","9":"tag-no","10":"tag-norge","11":"tag-norway","12":"tag-sport","13":"tag-sports"},"share_on_mastodon":{"url":"","error":""},"_links":{"self":[{"href":"https:\/\/www.europesays.com\/no\/wp-json\/wp\/v2\/posts\/115822","targetHints":{"allow":["GET"]}}],"collection":[{"href":"https:\/\/www.europesays.com\/no\/wp-json\/wp\/v2\/posts"}],"about":[{"href":"https:\/\/www.europesays.com\/no\/wp-json\/wp\/v2\/types\/post"}],"author":[{"embeddable":true,"href":"https:\/\/www.europesays.com\/no\/wp-json\/wp\/v2\/users\/2"}],"replies":[{"embeddable":true,"href":"https:\/\/www.europesays.com\/no\/wp-json\/wp\/v2\/comments?post=115822"}],"version-history":[{"count":0,"href":"https:\/\/www.europesays.com\/no\/wp-json\/wp\/v2\/posts\/115822\/revisions"}],"wp:featuredmedia":[{"embeddable":true,"href":"https:\/\/www.europesays.com\/no\/wp-json\/wp\/v2\/media\/115823"}],"wp:attachment":[{"href":"https:\/\/www.europesays.com\/no\/wp-json\/wp\/v2\/media?parent=115822"}],"wp:term":[{"taxonomy":"category","embeddable":true,"href":"https:\/\/www.europesays.com\/no\/wp-json\/wp\/v2\/categories?post=115822"},{"taxonomy":"post_tag","embeddable":true,"href":"https:\/\/www.europesays.com\/no\/wp-json\/wp\/v2\/tags?post=115822"}],"curies":[{"name":"wp","href":"https:\/\/api.w.org\/{rel}","templated":true}]}}