{"id":115832,"date":"2025-12-17T18:56:32","date_gmt":"2025-12-17T18:56:32","guid":{"rendered":"https:\/\/www.europesays.com\/no\/115832\/"},"modified":"2025-12-17T18:56:32","modified_gmt":"2025-12-17T18:56:32","slug":"ma-kunne-drikke-ol-til-floyta-gar","status":"publish","type":"post","link":"https:\/\/www.europesays.com\/no\/115832\/","title":{"rendered":"&#8211; M\u00e5 kunne drikke \u00f8l til fl\u00f8yta g\u00e5r"},"content":{"rendered":"<p class=\"kicker text-red color_mobile_text-red\" style=\"\">St\u00f8re:<\/p>\n<p>  Statsminister Jonas Gahr St\u00f8re (Ap) lover at alle skal f\u00e5 drikke \u00f8l helt til fl\u00f8yta g\u00e5r under fotball-VM neste \u00e5r.<\/p>\n<p>\n    St\u00f8re lover at det skal v\u00e6re mulig \u00e5 kj\u00f8pe \u00f8l til fl\u00f8yta g\u00e5r under fotball-VM. Foto: Cornelius Poppe \/ NTB\n  <\/p>\n<p>Norges kamper g\u00e5r om natten norsk tid, noe som i utgangspunktet f\u00f8rer til utfordringer n\u00e5r det gjelder norsk alkohollovgivning.<\/p>\n<p>Men St\u00f8re lover at det skal bli ordning uansett hvor lenge Norge spiller.<\/p>\n<p>\u2013 Poenget er at hvis du sitter p\u00e5 et utested eller ser kampen med venner og bekjente, s\u00e5 skal du f\u00e5 se kampen ferdig, drikke opp \u00f8len og gjerne kj\u00f8pe en til, sier han p\u00e5 Politisk kvarter hos NRK onsdag morgen.<\/p>\n<p class=\"italic m-italic\" data-lab-italic=\"italic\">\u2013 Kj\u00f8pe en til? Etter ekstraomganger og straffespark i 4-tiden?<\/p>\n<p>\u2013 Hvis tiden (\u00a0skjenketiden, journ.anm.\u00a0) g\u00e5r ut ti minutter ut i andre omgang, og det da ikke er mulig \u00e5 kj\u00f8pe en \u00f8l til \u2013 s\u00e5nn kan vi ikke ha det. S\u00e5 det skal vi rette opp i, s\u00e5 skal vi finne m\u00e5ter \u00e5 gj\u00f8re det p\u00e5, slik at du kan gjennomf\u00f8re det p\u00e5 en god m\u00e5te. Det er et stort sosialt fenomen i Norge at vi ser kamper sammen, og det er ogs\u00e5 mulig \u00e5 ta en \u00f8l, og det m\u00e5 du kunne gj\u00f8re til fl\u00f8yta g\u00e5r, sier St\u00f8re.<\/p>\n<p>P\u00e5 sp\u00f8rsm\u00e5l om det kun skal gjelde de norske kampene, presiserer St\u00f8re at man m\u00e5 komme tilbake til detaljene.<\/p>\n<p>Fotball-VM avholdes i Nord-Amerika neste \u00e5r, og Norge har kvalifisert seg for f\u00f8rste gang p\u00e5 27 \u00e5r.<\/p>\n<p>Norge m\u00f8ter Senegal og Frankrike i gruppespillet under VM i USA. Motstander nummer tre blir klar til v\u00e5ren. Den seneste gruppekampen starter klokken 2 p\u00e5 natten norsk tid.<\/p>\n<p>Skjenking av alkohol stenger seneste klokken 3 etter norske lover.<\/p>\n<p>Ap-regjeringen lovet ogs\u00e5 tidligere i desember at de skulle hjelpe utestedene i forbindelse med VM.<\/p>\n","protected":false},"excerpt":{"rendered":"St\u00f8re: Statsminister Jonas Gahr St\u00f8re (Ap) lover at alle skal f\u00e5 drikke \u00f8l helt til fl\u00f8yta g\u00e5r under&hellip;\n","protected":false},"author":2,"featured_media":115833,"comment_status":"","ping_status":"","sticky":false,"template":"","format":"standard","meta":{"footnotes":""},"categories":[59],"tags":[92,30,28,29,14,83,82],"class_list":{"0":"post-115832","1":"post","2":"type-post","3":"status-publish","4":"format-standard","5":"has-post-thumbnail","7":"category-sport","8":"tag-fotball","9":"tag-no","10":"tag-norge","11":"tag-norway","12":"tag-nyheter","13":"tag-sport","14":"tag-sports"},"share_on_mastodon":{"url":"https:\/\/pubeurope.com\/@no\/115736437241830258","error":""},"_links":{"self":[{"href":"https:\/\/www.europesays.com\/no\/wp-json\/wp\/v2\/posts\/115832","targetHints":{"allow":["GET"]}}],"collection":[{"href":"https:\/\/www.europesays.com\/no\/wp-json\/wp\/v2\/posts"}],"about":[{"href":"https:\/\/www.europesays.com\/no\/wp-json\/wp\/v2\/types\/post"}],"author":[{"embeddable":true,"href":"https:\/\/www.europesays.com\/no\/wp-json\/wp\/v2\/users\/2"}],"replies":[{"embeddable":true,"href":"https:\/\/www.europesays.com\/no\/wp-json\/wp\/v2\/comments?post=115832"}],"version-history":[{"count":0,"href":"https:\/\/www.europesays.com\/no\/wp-json\/wp\/v2\/posts\/115832\/revisions"}],"wp:featuredmedia":[{"embeddable":true,"href":"https:\/\/www.europesays.com\/no\/wp-json\/wp\/v2\/media\/115833"}],"wp:attachment":[{"href":"https:\/\/www.europesays.com\/no\/wp-json\/wp\/v2\/media?parent=115832"}],"wp:term":[{"taxonomy":"category","embeddable":true,"href":"https:\/\/www.europesays.com\/no\/wp-json\/wp\/v2\/categories?post=115832"},{"taxonomy":"post_tag","embeddable":true,"href":"https:\/\/www.europesays.com\/no\/wp-json\/wp\/v2\/tags?post=115832"}],"curies":[{"name":"wp","href":"https:\/\/api.w.org\/{rel}","templated":true}]}}