{"id":115836,"date":"2025-12-17T19:00:11","date_gmt":"2025-12-17T19:00:11","guid":{"rendered":"https:\/\/www.europesays.com\/no\/115836\/"},"modified":"2025-12-17T19:00:11","modified_gmt":"2025-12-17T19:00:11","slug":"donald-trump-utvider-reiseforbud-for-senegal-og-elfenbenskysten","status":"publish","type":"post","link":"https:\/\/www.europesays.com\/no\/115836\/","title":{"rendered":"Donald Trump utvider reiseforbud for Senegal og Elfenbenskysten"},"content":{"rendered":"\n<p class=\"_lead_o9xde_2 _lead_xtcu6_50 layout-component text-serif-m layout-normal text-serif-l layout-component layout-wide layout-padded _wide_17hqh_1 layout-padded\">Norges VM-motstander Senegal er ett av to nye land som omfattes av Trumps nye innreisetiltak.<\/p>\n<p><img alt=\" Foto: YURI GRIPAS \/ POOL \/ EPA \/ NTB\" class=\"_image_qp4xg_65 layout-component layout-wide\" data-fullscreen- data-track-element-type=\"Article image fullscreen\" data-track-name=\"ImageFullscreen\" fetchpriority=\"high\" decoding=\"sync\" loading=\"eager\" height=\"2333\" itemprop=\"image\"  src=\"https:\/\/www.europesays.com\/no\/wp-content\/uploads\/2025\/12\/6a0d4890-869c-4987-bbd5-8113b9477c09\"  style=\"object-position:0% 0%\" width=\"3500\"\/> Foto: YURI GRIPAS \/ POOL \/ EPA \/ NTB<\/p>\n<ul aria-hidden=\"true\" class=\"_images_ntbth_112\">\n<li><a class=\"_link_ntbth_117\" href=\"https:\/\/www.vg.no\/forfatter\/sindre-espe\" style=\"z-index:1\" title=\"Sindre Espe\" rel=\"nofollow noopener\" target=\"_blank\"><img alt=\"Bilde av Sindre Espe\" class=\"_image_ntbth_93\" fetchpriority=\"low\" loading=\"lazy\" decoding=\"async\" itemprop=\"image\"  src=\"https:\/\/www.europesays.com\/no\/wp-content\/uploads\/2025\/12\/1765998011_325_5d41d29b-af5f-421d-80e6-42e6d80fe76e\"  width=\"480\"\/><\/a><\/li>\n<\/ul>\n<p> Oppdatert onsdag 17. desember kl. 19:35    <\/p>\n<ul class=\"_list_o9xde_3 _list_64s2r_85 _unordered_o9xde_106 text-sans-m\">\n<li class=\"_item_o9xde_30\">USA utvider reiseforbudet til ogs\u00e5 \u00e5 gjelde Senegal og Elfenbenskysten i fotball-VM.<\/li>\n<li class=\"_item_o9xde_30\">Restriksjonene kan gj\u00f8re det vanskelig for supportere \u00e5 f\u00f8lge landslagene sine.<\/li>\n<li class=\"_item_o9xde_30\">Forbudet skyldes h\u00f8ye overstay-rater p\u00e5 turistvisum.<\/li>\n<\/ul>\n<p>Vis mer <\/p>\n<p class=\"_paragraph_o9xde_4 _paragraph_xtcu6_10 layout-component text-serif-m layout-normal text-serif-m layout-padded\">Tirsdag signerte president Donald Trump en proklamasjonproklamasjonEn offisiell kunngj\u00f8ring eller erkl\u00e6ring fra en myndighetsperson, ofte brukt for \u00e5 innf\u00f8re nye regler eller lover. som utvider USAs reiseforbud til ogs\u00e5 \u00e5 gjelde Senegal og Elfenbenskysten \u2013 to land som skal delta i fotball-VM i 2026.<\/p>\n<p class=\"_paragraph_o9xde_4 _paragraph_xtcu6_10 layout-component text-serif-m layout-normal text-serif-m layout-padded\">Det skriver <a href=\"https:\/\/www.nytimes.com\/athletic\/6894716\/2025\/12\/16\/us-trump-government-travel-bans-senegal-ivory-coast-world-cup\/\" class=\"_link_o9xde_39\" rel=\"nofollow noopener\" target=\"_blank\">The Athletic<\/a> og flere medier.<\/p>\n<p class=\"_paragraph_o9xde_4 _paragraph_xtcu6_10 layout-component text-serif-m layout-normal text-serif-m layout-padded\">If\u00f8lge <a href=\"https:\/\/www.theguardian.com\/football\/2025\/dec\/16\/world-cup-travel-ban-senegal-cote-divoire#:~:text=A%20proclamation%20signed%20by%20President,C%C3%B4te%20d&#039;Ivoire%20and%20Senegal\" class=\"_link_o9xde_39\" rel=\"nofollow noopener\" target=\"_blank\">The Guardian<\/a> f\u00e5r Senegal og Elfenbenskysten s\u00e5kalte \u00abdelvise restriksjoner\u00bb, som er den minst strenge kategorien blant de 39 landene som n\u00e5 er omfattet av forbudet. Haiti og Iran, som ogs\u00e5 skal delta i VM, har allerede de <a href=\"https:\/\/www.vg.no\/sport\/i\/zAvnJK\/iran-faar-ikke-delta-paa-vm-trekningen-nektes-innreise\" data-track-element-type=\"Link\" data-track-id=\"link:zAvnJK\" class=\"_link_o9xde_39\" rel=\"nofollow noopener\" target=\"_blank\">strengeste restriksjonene<\/a>.<\/p>\n<p class=\"_paragraph_o9xde_4 _paragraph_xtcu6_10 layout-component text-serif-m layout-normal text-serif-m layout-padded\">VM 2026 arrangeres i USA, Canada og Mexico og starter 11. juni.<\/p>\n<p class=\"_paragraph_o9xde_4 _paragraph_xtcu6_10 layout-component text-serif-m layout-normal text-serif-m layout-padded\">Forbudet gjelder ogs\u00e5 korttidsbes\u00f8k for turisme, som ville v\u00e6rt n\u00f8dvendig for \u00e5 f\u00f8lge landslaget under VM.<\/p>\n<p class=\"_paragraph_o9xde_4 _paragraph_xtcu6_10 layout-component text-serif-m layout-normal text-serif-m layout-padded\">Senegal er i gruppe I sammen med Norge og Frankrike. <\/p>\n<p class=\"_paragraph_o9xde_4 _paragraph_xtcu6_10 layout-component text-serif-m layout-normal text-serif-m layout-padded\">Kampene mot Frankrike og Norge skal spilles p\u00e5 MetLife Stadium i New Jersey, mens kampen mot enten Irak\/Surinam\/BoliviaIrak\/Surinam\/BoliviaAvgj\u00f8res i mars. spilles i Toronto i Canada \u2013 der fans kan delta som normalt.<\/p>\n<p class=\"_paragraph_o9xde_4 _paragraph_xtcu6_10 layout-component text-serif-m layout-normal text-serif-m layout-padded\">Elfenbenskysten m\u00f8ter Tyskland, Ecuador og Cura\u00e7ao i gruppe E. Kampene mot Ecuador og Cura\u00e7ao spilles i USA, mens Tyskland-kampen g\u00e5r i Canada.<\/p>\n<p class=\"_paragraph_o9xde_4 _paragraph_xtcu6_10 layout-component text-serif-m layout-normal text-serif-m layout-padded\">If\u00f8lge Det hvite hus er begrunnelsen for forbudene h\u00f8ye overstay-rateroverstay-raterEnklere forklart: Prosentandelen av personer som blir i et land lenger enn visumet deres tillater. p\u00e5 turistvisum. Senegal har en rate p\u00e5 4,3 prosent, mens Elfenbenskysten har 8,47 prosent.<\/p>\n<p class=\"_paragraph_o9xde_4 _paragraph_xtcu6_10 layout-component text-serif-m layout-normal text-serif-m layout-padded\">Spillere, st\u00f8tteapparat og n\u00e6rmeste familie f\u00e5r unntak fra reiseforbudene og kan fortsatt delta i mesterskapet. Men for titusener av fans fra de ber\u00f8rte landene skaper de nye reglene store problemer.<\/p>\n<ul class=\"_list_o9xde_3 _list_xtcu6_9 _unordered_o9xde_106 layout-component text-serif-m layout-normal text-serif-m layout-padded\">\n<li class=\"_item_o9xde_30\"><strong class=\"_strong_o9xde_25\">Har du VM-feber? Sett opp dine tips til alle kamper med <a href=\"https:\/\/vglive.vg.no\/profeten\/season\/102\/kamper\" class=\"_link_o9xde_39\" rel=\"nofollow noopener\" target=\"_blank\">VM-profeten<\/a>!<\/strong><\/li>\n<\/ul>\n","protected":false},"excerpt":{"rendered":"Norges VM-motstander Senegal er ett av to nye land som omfattes av Trumps nye innreisetiltak. Foto: YURI GRIPAS&hellip;\n","protected":false},"author":2,"featured_media":115837,"comment_status":"","ping_status":"","sticky":false,"template":"","format":"standard","meta":{"footnotes":""},"categories":[12],"tags":[20,21,55,24,25,4472,8634,15,3163,22,23,13,30,28,29,14,16,14012,26,27,42,43,44,45],"class_list":{"0":"post-115836","1":"post","2":"type-post","3":"status-publish","4":"format-standard","5":"has-post-thumbnail","7":"category-verden","8":"tag-breaking-news","9":"tag-breakingnews","10":"tag-donald-trump","11":"tag-featured-news","12":"tag-featurednews","13":"tag-fotball-vm","14":"tag-fotball-vm-2026","15":"tag-headlines","16":"tag-herrelandslaget-fotball","17":"tag-latest-news","18":"tag-latestnews","19":"tag-news","20":"tag-no","21":"tag-norge","22":"tag-norway","23":"tag-nyheter","24":"tag-overskrifter","25":"tag-senegals-herrelandslag-fotball","26":"tag-top-stories","27":"tag-topstories","28":"tag-verden","29":"tag-world","30":"tag-world-news","31":"tag-worldnews"},"share_on_mastodon":{"url":"https:\/\/pubeurope.com\/@no\/115736453226076310","error":""},"_links":{"self":[{"href":"https:\/\/www.europesays.com\/no\/wp-json\/wp\/v2\/posts\/115836","targetHints":{"allow":["GET"]}}],"collection":[{"href":"https:\/\/www.europesays.com\/no\/wp-json\/wp\/v2\/posts"}],"about":[{"href":"https:\/\/www.europesays.com\/no\/wp-json\/wp\/v2\/types\/post"}],"author":[{"embeddable":true,"href":"https:\/\/www.europesays.com\/no\/wp-json\/wp\/v2\/users\/2"}],"replies":[{"embeddable":true,"href":"https:\/\/www.europesays.com\/no\/wp-json\/wp\/v2\/comments?post=115836"}],"version-history":[{"count":0,"href":"https:\/\/www.europesays.com\/no\/wp-json\/wp\/v2\/posts\/115836\/revisions"}],"wp:featuredmedia":[{"embeddable":true,"href":"https:\/\/www.europesays.com\/no\/wp-json\/wp\/v2\/media\/115837"}],"wp:attachment":[{"href":"https:\/\/www.europesays.com\/no\/wp-json\/wp\/v2\/media?parent=115836"}],"wp:term":[{"taxonomy":"category","embeddable":true,"href":"https:\/\/www.europesays.com\/no\/wp-json\/wp\/v2\/categories?post=115836"},{"taxonomy":"post_tag","embeddable":true,"href":"https:\/\/www.europesays.com\/no\/wp-json\/wp\/v2\/tags?post=115836"}],"curies":[{"name":"wp","href":"https:\/\/api.w.org\/{rel}","templated":true}]}}