{"id":115843,"date":"2025-12-17T19:10:16","date_gmt":"2025-12-17T19:10:16","guid":{"rendered":"https:\/\/www.europesays.com\/no\/115843\/"},"modified":"2025-12-17T19:10:16","modified_gmt":"2025-12-17T19:10:16","slug":"spillet-vinneren-skal-kares-se-bildene-fra-finalefesten","status":"publish","type":"post","link":"https:\/\/www.europesays.com\/no\/115843\/","title":{"rendered":"\u00abSpillet\u00bb-vinneren skal k\u00e5res: Se bildene fra finalefesten"},"content":{"rendered":"<p>  Ukraina advarer n\u00e5 i sterke ordlag om at det kan f\u00e5 alvorlige konsekvenser for Europa dersom EU ikke snart bestemmer seg for \u00e5 bruke de fryste russiske midlene.<\/p>\n<p>\n    VIL HA RUSSISKE PENGER: Iryna Mudra, visesjef for president Zelenskyjs kontor, til h\u00f8yre i bildet. Foto: Piroschka van de Wouw \/ Reuters \/ NTB\n  <\/p>\n<p>Det sier Iryna Mudra, som er visesjef for president Zelenskyjs kontor, i forkant av et toppm\u00f8te for EU-ledere torsdag og fredag i Brussel.<\/p>\n<p class=\"font-weight-bold m-font-weight-bold\" data-lab-font_weight=\"font-weight-bold\">&#8211; Hvis det ikke lykkes \u00e5 treffe en beslutning i morgen, vil det v\u00e6re en katastrofe for enhver europeer, sier Mudra til <a href=\"https:\/\/kyivindependent.com\/ukraine-warns-of-catastrophe-for-every-single-european-if-russian-frozen-asset-plan-fails\/\" rel=\"nofollow noopener\" target=\"_blank\">Kyiv Independent<\/a>. <\/p>\n<p>De europeiske lederne samles f\u00f8r helga, og p\u00e5 agendaen er blant annet de fryste russiske midlene som muligens kan brukes til finansiell st\u00f8tte til Ukraina. <\/p>\n<p>Europeiske land har siden invasjonen av Ukraina i 2022 sanksjonert Russland ved \u00e5 beslaglegge og \u00abfryse\u00bb store midler. I disse dager forhandles det i unionen om muligheten til \u00e5 bruke disse pengene til \u00e5 utbetale et s\u00e5kalt erstatningsl\u00e5n til Ukraina, selv om Slovakia og Ungarn motsetter seg dette. <\/p>\n<p>Russland har reagert kraftig p\u00e5 planene og mener det er snakk om plyndring av russiske statsmidler. De har ogs\u00e5 varslet at de vil g\u00e5 til sak mot unionen. <\/p>\n<p>    <a itemprop=\"url\" href=\"https:\/\/borsen.dagbladet.no\/nyheter\/vurderer-nodparagraf-for-putins-krigskasse\/83963046\" rel=\"nofollow noopener\" target=\"_blank\"><\/p>\n<p>        <img loading=\"lazy\" decoding=\"async\" src=\"https:\/\/www.europesays.com\/no\/wp-content\/uploads\/2025\/12\/1765998615_660_83965245.webp\" width=\"147\" height=\"98\" title=\"Vurderer n\u00f8dparagraf for Putins \u00abkrigskasse\u00bb\" alt=\"\" class=\"lazyload\" style=\"--aspect-ratio-image: 1.50; \"\/><\/p>\n<p>        Vurderer n\u00f8dparagraf for Putins \u00abkrigskasse\u00bb<\/p>\n<p>    <\/a><\/p>\n<p>Mener det haster<\/p>\n<p>S\u00e5 langt utgj\u00f8r de fryste russiske midlene i Europa som omfattes av regelendringen, rundt 210 milliarder euro. Det tilsvarer rundt 2500 milliarder norske kroner. <\/p>\n<p>Videref\u00f8ringen av ordningen om \u00e5 holde tilbake disse midlene, har til n\u00e5 v\u00e6rt avhengig av at alle EU-land enstemmig er enige hver sjette m\u00e5ned. <\/p>\n<p class=\"font-weight-bold m-font-weight-bold\" data-lab-font_weight=\"font-weight-bold\">Men nylig ble det vedtatt \u00e5 fryse midlene p\u00e5 ubestemt tid med grunnlag i en krisemekanisme som gj\u00f8r at det kun trengs flertall, ikke enstemmighet, for ordningen. <\/p>\n<p>Ungarn og Slovakia, som har bedre relasjoner til Russland, er sterkt uenige i at den aktuelle mekanismen kan brukes i denne saken. <\/p>\n<p>Visesjef for president Zelenskyjs kontor, Muldra, mener Ukraina har behov for ny finansiering s\u00e5 raskt som mulig. <\/p>\n<p>&#8211; Dette handler om langt mer enn Ukraina. Det handler om Europas handlekraft, og hvordan vi ser oss selv i framtiden, sier hun. <\/p>\n<p>        F\u00d8RSTE GANG: Ukraina skal ha angrepet en russisk ub\u00e5t med en undervannsdrone for f\u00f8rste gang. Video: SBU. Reporter: Vegard Kr\u00fcger \/ Dagbladet TV<\/p>\n<p>Flere kritiske<\/p>\n<p>Et flertall av EU-landene \u00f8nsker \u00e5 bruke rundt 165 milliarder av de 210 fryste milliardene til \u00e5 gi et l\u00e5n til Ukraina for \u00e5 dekke utgifter til milit\u00e6re og sivile behov i 2026 og 2027. Planen er at l\u00e5net f\u00f8rst skal tilbakebetales n\u00e5r Russland har betalt krigsskadeerstatning til Ukraina. <\/p>\n<p>Belgia har lenge motsatt seg denne l\u00f8sningen ettersom de fleste russiske midlene er plassert i Belgia. Landet frykter et gedigent erstatningss\u00f8ksm\u00e5l fra Russland, og vil at alle de andre landene garanterer for l\u00e5net. <\/p>\n<p>EU har ogs\u00e5 fors\u00f8kt \u00e5 f\u00e5 Norge til \u00e5 garantere for bruken av de russiske midlene, men dette ble nylig nedstemt i Stortinget. <\/p>\n<p>    <a itemprop=\"url\" href=\"https:\/\/www.dagbladet.no\/nyheter\/russland-jubler-over-norsk-nei\/83977094\" rel=\"nofollow noopener\" target=\"_blank\"><\/p>\n<p>        <img loading=\"lazy\" decoding=\"async\" src=\"https:\/\/www.europesays.com\/no\/wp-content\/uploads\/2025\/12\/1765998616_881_83977122.webp\" width=\"147\" height=\"98\" title=\"Russland jubler over norsk nei\" alt=\"\" class=\"lazyload\" style=\"--aspect-ratio-image: 1.50; \"\/><\/p>\n<p>        Russland jubler over norsk nei<\/p>\n<p>    <\/a><\/p>\n<p>Ogs\u00e5 Tsjekkias p\u00e5troppende statsminister Andrej Babis gjorde det l\u00f8rdag klart at hans regjering ikke p\u00e5 noen m\u00e5te vil bidra til noen slike l\u00e5negarantier for Ukraina.<\/p>\n<p class=\"font-weight-bold m-font-weight-bold\" data-lab-font_weight=\"font-weight-bold\">Ogs\u00e5 USA er kritiske til planen, og legger press p\u00e5 EU, if\u00f8lge en h\u00f8ytst\u00e5ende ukrainsk tjenestemann AFP har snakket med.<\/p>\n<p>&#8211; Den amerikanske administrasjonen legger press p\u00e5 europeiske land for \u00e5 f\u00e5 dem til \u00e5 trekke ideen om \u00e5 bruke russiske midler til \u00e5 st\u00f8tte Ukraina, hevder tjenestemannen.<\/p>\n<p>Det jobbes for \u00e5 f\u00e5 en avklaring rundt erstatningsl\u00e5net f\u00f8r jul. Det europeiske r\u00e5d skal m\u00f8tes 18. desember for \u00e5 sluttf\u00f8re detaljene i erstatningsl\u00e5net. <\/p>\n<p>        HYLLES: Ukraina hyller de franske jagerflyene, og pilotene skryter av 98 prosent suksessrate. Video: Ukrainas luftforsvar \/ X. Reporter: Vegard Kr\u00fcger \/ Dagbladet TV<\/p>\n<p>Enige om europeiskledet styrke<\/p>\n<p>I kj\u00f8lvannet av m\u00f8tet som strekker seg til 18. desember, er ogs\u00e5 Norge og flere andre europeiske lands nylige enighet som flere punkter i en plan for \u00e5 ende krigen i Ukraina. Dette ble de enige om i et m\u00f8te i Berlin mandag. <\/p>\n<p>Blant annet er landene enige om en europeiskledet multinasjonal styrke &#8211; st\u00f8ttet av USA &#8211; som skal hjelpe til i gjenoppbygningen av det ukrainske forsvaret, sikre ukrainsk luftform og s\u00f8rge for trygghet ved kysten. <\/p>\n<p>Nyhetsbyr\u00e5et DPA erfarer at Kreml onsdag signaliserte vilje til \u00e5 diskutere mulig utplassering av vestlige styrker i Ukraina. <\/p>\n<p>Kreml-talsperson Dmitrij Peskov understreker imidlertid samtidig at Russlands posisjon n\u00e5r det gjelder utenlandske styrker er \u00abvelkjent og tydelig\u00bb. <\/p>\n","protected":false},"excerpt":{"rendered":"Ukraina advarer n\u00e5 i sterke ordlag om at det kan f\u00e5 alvorlige konsekvenser for Europa dersom EU ikke&hellip;\n","protected":false},"author":2,"featured_media":115844,"comment_status":"","ping_status":"","sticky":false,"template":"","format":"standard","meta":{"footnotes":""},"categories":[10],"tags":[20,21,24,25,14013,15,479,22,23,13,30,28,29,14,16,2398,26,27,4751],"class_list":{"0":"post-115843","1":"post","2":"type-post","3":"status-publish","4":"format-standard","5":"has-post-thumbnail","7":"category-norge","8":"tag-breaking-news","9":"tag-breakingnews","10":"tag-featured-news","11":"tag-featurednews","12":"tag-finalefest","13":"tag-headlines","14":"tag-kjendis","15":"tag-latest-news","16":"tag-latestnews","17":"tag-news","18":"tag-no","19":"tag-norge","20":"tag-norway","21":"tag-nyheter","22":"tag-overskrifter","23":"tag-spillet","24":"tag-top-stories","25":"tag-topstories","26":"tag-vinner"},"share_on_mastodon":{"url":"https:\/\/pubeurope.com\/@no\/115736492638205407","error":""},"_links":{"self":[{"href":"https:\/\/www.europesays.com\/no\/wp-json\/wp\/v2\/posts\/115843","targetHints":{"allow":["GET"]}}],"collection":[{"href":"https:\/\/www.europesays.com\/no\/wp-json\/wp\/v2\/posts"}],"about":[{"href":"https:\/\/www.europesays.com\/no\/wp-json\/wp\/v2\/types\/post"}],"author":[{"embeddable":true,"href":"https:\/\/www.europesays.com\/no\/wp-json\/wp\/v2\/users\/2"}],"replies":[{"embeddable":true,"href":"https:\/\/www.europesays.com\/no\/wp-json\/wp\/v2\/comments?post=115843"}],"version-history":[{"count":0,"href":"https:\/\/www.europesays.com\/no\/wp-json\/wp\/v2\/posts\/115843\/revisions"}],"wp:featuredmedia":[{"embeddable":true,"href":"https:\/\/www.europesays.com\/no\/wp-json\/wp\/v2\/media\/115844"}],"wp:attachment":[{"href":"https:\/\/www.europesays.com\/no\/wp-json\/wp\/v2\/media?parent=115843"}],"wp:term":[{"taxonomy":"category","embeddable":true,"href":"https:\/\/www.europesays.com\/no\/wp-json\/wp\/v2\/categories?post=115843"},{"taxonomy":"post_tag","embeddable":true,"href":"https:\/\/www.europesays.com\/no\/wp-json\/wp\/v2\/tags?post=115843"}],"curies":[{"name":"wp","href":"https:\/\/api.w.org\/{rel}","templated":true}]}}