{"id":115845,"date":"2025-12-17T19:13:36","date_gmt":"2025-12-17T19:13:36","guid":{"rendered":"https:\/\/www.europesays.com\/no\/115845\/"},"modified":"2025-12-17T19:13:36","modified_gmt":"2025-12-17T19:13:36","slug":"det-blir-en-helt-spesiell-jul-i-ar","status":"publish","type":"post","link":"https:\/\/www.europesays.com\/no\/115845\/","title":{"rendered":"\u2013 Det blir en helt spesiell jul i \u00e5r"},"content":{"rendered":"<p class=\"kicker \" style=\"\">Mia Gundersen:<\/p>\n<p>  Mia Gundersen \u00e5pner opp om jula.<\/p>\n<p>\n    Mia Gundersen og Linni Meister p\u00e5 God morgen Norges 30-\u00e5rs jubileum. Foto: Thomas Andersen \/ TV 2\n  <\/p>\n<p>Tidligere i \u00e5r kunne den folkekj\u00e6re sangeren og skuespilleren Mia Gundersen (62) dele nyheten om at hun har blitt bestemor for aller f\u00f8rste gang.\u00a0<\/p>\n<p>Derfor blir denne julen litt ekstra spesiell for henne.\u00a0<\/p>\n<p>\u2013 Den st\u00f8rste gaven har jeg allerede f\u00e5tt, mitt lille barnebarn Simon. F\u00f8lelsen av \u00e5 v\u00e6re bestemor er ubeskrivelige herlig, forteller hun i et intervju med <a href=\"https:\/\/www.klikk.no\/underholdning\/mia-gundersen-min-forste-jul-som-bestemor-7580662\" rel=\"nofollow noopener\" target=\"_blank\">Klikk.no<\/a>.<\/p>\n<p>Og hun legger ikke skjul p\u00e5 at den lille gutten kommer til \u00e5 skjemt bort.\u00a0<\/p>\n<p>        <img loading=\"lazy\" decoding=\"async\" src=\"https:\/\/www.europesays.com\/no\/wp-content\/uploads\/2025\/12\/83987061.webp\" width=\"667\" height=\"741\" title=\"FOTO: Astrid Waller\" alt=\"\" class=\"\" style=\"--aspect-ratio-image: 0.90; \"\/><\/p>\n<p>\n        FOTO: Astrid Waller\n    <\/p>\n<p>\u2013 Han er en skj\u00f8nn, liten gutt som jeg skal skjemme bort med mye varme og kj\u00e6rlighet, forteller hun og legger til:<\/p>\n<p class=\"font-weight-bold m-font-weight-bold\" data-lab-font_weight=\"font-weight-bold\">\u2013 Det blir en helt spesiell jul i \u00e5r.<\/p>\n<p>Mia har s\u00f8nnene Daniel (21) og Georg (29), og det er eldstemann som opplevde \u00e5 bli pappa i sommer, ett \u00e5r etter at han giftet seg med\u00a0kj\u00e6resten Mekdes.<\/p>\n<p>\u2013\u00a0Etter tre pr\u00f8ver\u00f8r tenkte jeg: \u00abJa vel, s\u00e5 skal jeg ikke f\u00e5 egne unger\u00bb\t<\/p>\n<p>I et stort intervju med KK har Mia tidligere \u00e5pnet seg om livet, skilsmisse og det \u00e5 f\u00e5 barn. Det \u00e5 bli mor skulle bli en lang prosess for henne. Hele tre pr\u00f8ver\u00f8rsfors\u00f8k var Mia gjennom f\u00f8r hun og eksmannen bestemte seg for \u00e5 adoptere:<\/p>\n<p>\u2013\u00a0Etter tre pr\u00f8ver\u00f8r tenkte jeg: \u00abJa vel, s\u00e5 skal jeg ikke f\u00e5 egne unger, og ikke f\u00e5 se hvem de ligner p\u00e5, og hvilke talenter de har.\u00bb\u00a0Men s\u00e5 slo det meg at det jo var ren egoisme. Det der betyr jo ingenting. I stedet f\u00e5r du mulighet til \u00e5 ta imot et barn som ikke har noe.<\/p>\n<p>Du kan lese hele intervjuet med henne her:\u00a0<\/p>\n<p>    <a itemprop=\"url\" href=\"https:\/\/www.kk.no\/livet\/jeg-har-funnet-meg-i-litt-for-mye\/76085416\" rel=\"nofollow noopener\" target=\"_blank\"><\/p>\n<p>        <img loading=\"lazy\" decoding=\"async\" src=\"https:\/\/www.europesays.com\/no\/wp-content\/uploads\/2025\/12\/76085511.webp\" width=\"980\" height=\"441\" title=\"\u2013 Jeg har funnet meg i litt for mye\" alt=\"\" class=\"lazyload\" style=\"--aspect-ratio-image: 2.22; \"\/><\/p>\n<p>        \u2013 Jeg har funnet meg i litt for mye<\/p>\n<p>    <\/a><\/p>\n","protected":false},"excerpt":{"rendered":"Mia Gundersen: Mia Gundersen \u00e5pner opp om jula. Mia Gundersen og Linni Meister p\u00e5 God morgen Norges 30-\u00e5rs&hellip;\n","protected":false},"author":2,"featured_media":115846,"comment_status":"","ping_status":"","sticky":false,"template":"","format":"standard","meta":{"footnotes":""},"categories":[58],"tags":[71,2911,30,28,29,72],"class_list":{"0":"post-115845","1":"post","2":"type-post","3":"status-publish","4":"format-standard","5":"has-post-thumbnail","7":"category-underholdning","8":"tag-entertainment","9":"tag-mia-gundersen","10":"tag-no","11":"tag-norge","12":"tag-norway","13":"tag-underholdning"},"share_on_mastodon":{"url":"https:\/\/pubeurope.com\/@no\/115736504449481589","error":""},"_links":{"self":[{"href":"https:\/\/www.europesays.com\/no\/wp-json\/wp\/v2\/posts\/115845","targetHints":{"allow":["GET"]}}],"collection":[{"href":"https:\/\/www.europesays.com\/no\/wp-json\/wp\/v2\/posts"}],"about":[{"href":"https:\/\/www.europesays.com\/no\/wp-json\/wp\/v2\/types\/post"}],"author":[{"embeddable":true,"href":"https:\/\/www.europesays.com\/no\/wp-json\/wp\/v2\/users\/2"}],"replies":[{"embeddable":true,"href":"https:\/\/www.europesays.com\/no\/wp-json\/wp\/v2\/comments?post=115845"}],"version-history":[{"count":0,"href":"https:\/\/www.europesays.com\/no\/wp-json\/wp\/v2\/posts\/115845\/revisions"}],"wp:featuredmedia":[{"embeddable":true,"href":"https:\/\/www.europesays.com\/no\/wp-json\/wp\/v2\/media\/115846"}],"wp:attachment":[{"href":"https:\/\/www.europesays.com\/no\/wp-json\/wp\/v2\/media?parent=115845"}],"wp:term":[{"taxonomy":"category","embeddable":true,"href":"https:\/\/www.europesays.com\/no\/wp-json\/wp\/v2\/categories?post=115845"},{"taxonomy":"post_tag","embeddable":true,"href":"https:\/\/www.europesays.com\/no\/wp-json\/wp\/v2\/tags?post=115845"}],"curies":[{"name":"wp","href":"https:\/\/api.w.org\/{rel}","templated":true}]}}