{"id":115857,"date":"2025-12-17T19:29:01","date_gmt":"2025-12-17T19:29:01","guid":{"rendered":"https:\/\/www.europesays.com\/no\/115857\/"},"modified":"2025-12-17T19:29:01","modified_gmt":"2025-12-17T19:29:01","slug":"unrwa-far-tre-nye-ar-pa-tross-av-israelsk-og-amerikansk-motstand","status":"publish","type":"post","link":"https:\/\/www.europesays.com\/no\/115857\/","title":{"rendered":"UNRWA f\u00e5r tre nye \u00e5r p\u00e5 tross av israelsk og amerikansk motstand"},"content":{"rendered":"<p>\n        FORTSETTER, MEN HVORDAN? En av UNRWAs skoler i \u00d8st-Jerusalem tidligere i \u00e5r. UNRWA har mot Israel og USAs vilje f\u00e5tt fornyet mandat med tre \u00e5r.<br \/>\n        Mahmoud Illean \/ AP \/ NTB\n    <\/p>\n<p>    FN-organisasjonen har ansvaret for palestinske flyktninger. Israel har tidligere vedtatt lov mot organisasjonen.<\/p>\n<p>FNs hovedforsamling har nylig fornyet mandatet til UNRWA med<br \/>\ntre nye \u00e5r. Organisasjonen, som p\u00e5 norsk heter FNs hjelpeorganisasjon for<br \/>\npalestinske flyktninger i Midt\u00f8sten, ble opprettet av FN i 1949.<\/p>\n<p>Ved etableringen i etterkant av Israels uavhengighetskrig<br \/>\nvar hensikten at organisasjonen skulle ta seg av palestinske flyktninger i en<br \/>\nperiode for to til tre \u00e5r. Den gang var det tent at man skulle f\u00e5 flyktninger i<br \/>\narbeid, og p\u00e5 sikt innlemme dem i deres nye hjemland. <\/p>\n<p>Det var stor motstand mot dette i de respektive arabiske<br \/>\nstater hvor flyktningene var kommet. Den gang var det til Gazastripen, som var<br \/>\nunder Egypt, Vestbredden, som var under jordansk herred\u00f8mme. <\/p>\n","protected":false},"excerpt":{"rendered":"FORTSETTER, MEN HVORDAN? En av UNRWAs skoler i \u00d8st-Jerusalem tidligere i \u00e5r. UNRWA har mot Israel og USAs&hellip;\n","protected":false},"author":2,"featured_media":115858,"comment_status":"","ping_status":"","sticky":false,"template":"","format":"standard","meta":{"footnotes":""},"categories":[12],"tags":[20,21,24,25,15,22,23,13,30,28,29,14,16,26,27,42,43,44,45],"class_list":{"0":"post-115857","1":"post","2":"type-post","3":"status-publish","4":"format-standard","5":"has-post-thumbnail","7":"category-verden","8":"tag-breaking-news","9":"tag-breakingnews","10":"tag-featured-news","11":"tag-featurednews","12":"tag-headlines","13":"tag-latest-news","14":"tag-latestnews","15":"tag-news","16":"tag-no","17":"tag-norge","18":"tag-norway","19":"tag-nyheter","20":"tag-overskrifter","21":"tag-top-stories","22":"tag-topstories","23":"tag-verden","24":"tag-world","25":"tag-world-news","26":"tag-worldnews"},"share_on_mastodon":{"url":"https:\/\/pubeurope.com\/@no\/115736567123718952","error":""},"_links":{"self":[{"href":"https:\/\/www.europesays.com\/no\/wp-json\/wp\/v2\/posts\/115857","targetHints":{"allow":["GET"]}}],"collection":[{"href":"https:\/\/www.europesays.com\/no\/wp-json\/wp\/v2\/posts"}],"about":[{"href":"https:\/\/www.europesays.com\/no\/wp-json\/wp\/v2\/types\/post"}],"author":[{"embeddable":true,"href":"https:\/\/www.europesays.com\/no\/wp-json\/wp\/v2\/users\/2"}],"replies":[{"embeddable":true,"href":"https:\/\/www.europesays.com\/no\/wp-json\/wp\/v2\/comments?post=115857"}],"version-history":[{"count":0,"href":"https:\/\/www.europesays.com\/no\/wp-json\/wp\/v2\/posts\/115857\/revisions"}],"wp:featuredmedia":[{"embeddable":true,"href":"https:\/\/www.europesays.com\/no\/wp-json\/wp\/v2\/media\/115858"}],"wp:attachment":[{"href":"https:\/\/www.europesays.com\/no\/wp-json\/wp\/v2\/media?parent=115857"}],"wp:term":[{"taxonomy":"category","embeddable":true,"href":"https:\/\/www.europesays.com\/no\/wp-json\/wp\/v2\/categories?post=115857"},{"taxonomy":"post_tag","embeddable":true,"href":"https:\/\/www.europesays.com\/no\/wp-json\/wp\/v2\/tags?post=115857"}],"curies":[{"name":"wp","href":"https:\/\/api.w.org\/{rel}","templated":true}]}}