{"id":115859,"date":"2025-12-17T19:30:21","date_gmt":"2025-12-17T19:30:21","guid":{"rendered":"https:\/\/www.europesays.com\/no\/115859\/"},"modified":"2025-12-17T19:30:21","modified_gmt":"2025-12-17T19:30:21","slug":"nar-en-darlig-nyhet-etterfolges-av-en-god","status":"publish","type":"post","link":"https:\/\/www.europesays.com\/no\/115859\/","title":{"rendered":"N\u00e5r en d\u00e5rlig nyhet etterf\u00f8lges av en god"},"content":{"rendered":"<p>Det forteller Caroline Olsen Plassen (35), som har seks t\u00f8ffe m\u00e5neder med kreftbehandling bak seg.<\/p>\n<p>I juni fikk hun beskjed om at hun hadde brystkreft med spredning. Beskjeden kom som lyn fra klar himmel. Fra den ene dagen til den andre gikk hun fra \u00e5 v\u00e6re en frisk sm\u00e5barnsmor til \u00e5 v\u00e6re alvorlig syk.<\/p>\n<p>Legen la opp en plan for henne. Cellegift, str\u00e5ling og operasjon. Hvordan holder man motet oppe gjennom noe s\u00e5nt?<\/p>\n<p>Ganske raskt etter at Caroline fikk beskjed om at hun hadde brystkreft med spredning, kunne legen fortelle at hun kom til \u00e5 bli frisk. Den d\u00e5rlige nyheten fikk ikke st\u00e5 alene. Den ble etterfulgt av en god nyhet. Dette var sv\u00e6rt viktig for at Caroline skulle klare \u00e5 holde motet oppe gjennom en t\u00f8ff behandling.<\/p>\n<p>Hvordan kunne legen s\u00e5pass raskt konkludere med at Caroline ville bli frisk? Forskning.<\/p>\n<p>I l\u00f8pet av desember f\u00e5r rundt 3000 personer i Norge beskjed om at de har kreft. Det er 90 hver dag. I likhet med Caroline trenger disse 3000 et h\u00e5p \u00e5 klamre seg til.<\/p>\n<p><a href=\"https:\/\/www.fvn.no\/nyheter\/lokalt\/i\/PpW12J\/han-droeyde-med-aa-gaa-til-legen\" rel=\"nofollow noopener\" target=\"_blank\"> <img decoding=\"async\" src=\"data:image\/gif;base64,R0lGODlhEAAJAIAAAP\/\/\/wAAACH5BAEAAAAALAAAAAAQAAkAAAIKhI+py+0Po5yUFQA7\" alt=\"\"\/>   Han dr\u00f8yde med \u00e5 g\u00e5 til legen  <\/a> <\/p>\n<p>Det er forsket mye p\u00e5 kreft, men hvor mye det er forsket p\u00e5 de ulike kreftformene, varierer. Derfor m\u00e5 vi fortsette. N\u00e5r du f\u00f8rst f\u00e5r en d\u00e5rlig nyhet, vil vi at flere skal f\u00e5 oppleve at den blir etterfulgt av en god nyhet.<\/p>\n<p>H\u00e5pet ligger i forskningen. Det er derfor Kreftforeningens juleaksjon henger opp julestjerner p\u00e5 sykehus og sykehjem rundt om i landet. Disse er donert av folk fra hele landet som vil bidra til \u00e5 gi h\u00e5p gjennom st\u00f8tte til kreftforskning.<\/p>\n<p>Forskning er helt avgj\u00f8rende for at flere skal komme hjem til jul, nytt\u00e5r og alle andre dager i \u00e5ret.<\/p>\n<p>For Caroline blir det en annerledes jul. Neste steg for henne er operasjon \u2013 kanskje allerede f\u00f8r jul. Caroline velger likevel \u00e5 v\u00e6re positiv og leve i h\u00e5pet om \u00e5 snart v\u00e6re kreftfri.<\/p>\n<p><a href=\"https:\/\/www.fvn.no\/mening\/kommentar\/i\/KMOrXy\/i-fjor-paa-denne-tida-var-jeg-redd-for-aa-doe-i-dag-feirer-jeg-livet\" rel=\"nofollow noopener\" target=\"_blank\"> <img decoding=\"async\" src=\"data:image\/gif;base64,R0lGODlhEAAJAIAAAP\/\/\/wAAACH5BAEAAAAALAAAAAAQAAkAAAIKhI+py+0Po5yUFQA7\" alt=\"\"\/>   I fjor p\u00e5 denne tida var jeg redd for \u00e5 d\u00f8. I dag feirer jeg livet.  <\/a> <\/p>\n","protected":false},"excerpt":{"rendered":"Det forteller Caroline Olsen Plassen (35), som har seks t\u00f8ffe m\u00e5neder med kreftbehandling bak seg. I juni fikk&hellip;\n","protected":false},"author":2,"featured_media":115860,"comment_status":"","ping_status":"","sticky":false,"template":"","format":"standard","meta":{"footnotes":""},"categories":[10],"tags":[20,21,2138,24,25,11339,15,5593,14014,1401,8798,22,23,13,30,28,29,14,16,26,27],"class_list":{"0":"post-115859","1":"post","2":"type-post","3":"status-publish","4":"format-standard","5":"has-post-thumbnail","7":"category-norge","8":"tag-breaking-news","9":"tag-breakingnews","10":"tag-brystkreft","11":"tag-featured-news","12":"tag-featurednews","13":"tag-hap","14":"tag-headlines","15":"tag-jul","16":"tag-julestjerne","17":"tag-kreft","18":"tag-kreftforskning","19":"tag-latest-news","20":"tag-latestnews","21":"tag-news","22":"tag-no","23":"tag-norge","24":"tag-norway","25":"tag-nyheter","26":"tag-overskrifter","27":"tag-top-stories","28":"tag-topstories"},"share_on_mastodon":{"url":"https:\/\/pubeurope.com\/@no\/115736571212089540","error":""},"_links":{"self":[{"href":"https:\/\/www.europesays.com\/no\/wp-json\/wp\/v2\/posts\/115859","targetHints":{"allow":["GET"]}}],"collection":[{"href":"https:\/\/www.europesays.com\/no\/wp-json\/wp\/v2\/posts"}],"about":[{"href":"https:\/\/www.europesays.com\/no\/wp-json\/wp\/v2\/types\/post"}],"author":[{"embeddable":true,"href":"https:\/\/www.europesays.com\/no\/wp-json\/wp\/v2\/users\/2"}],"replies":[{"embeddable":true,"href":"https:\/\/www.europesays.com\/no\/wp-json\/wp\/v2\/comments?post=115859"}],"version-history":[{"count":0,"href":"https:\/\/www.europesays.com\/no\/wp-json\/wp\/v2\/posts\/115859\/revisions"}],"wp:featuredmedia":[{"embeddable":true,"href":"https:\/\/www.europesays.com\/no\/wp-json\/wp\/v2\/media\/115860"}],"wp:attachment":[{"href":"https:\/\/www.europesays.com\/no\/wp-json\/wp\/v2\/media?parent=115859"}],"wp:term":[{"taxonomy":"category","embeddable":true,"href":"https:\/\/www.europesays.com\/no\/wp-json\/wp\/v2\/categories?post=115859"},{"taxonomy":"post_tag","embeddable":true,"href":"https:\/\/www.europesays.com\/no\/wp-json\/wp\/v2\/tags?post=115859"}],"curies":[{"name":"wp","href":"https:\/\/api.w.org\/{rel}","templated":true}]}}