{"id":115861,"date":"2025-12-17T19:31:38","date_gmt":"2025-12-17T19:31:38","guid":{"rendered":"https:\/\/www.europesays.com\/no\/115861\/"},"modified":"2025-12-17T19:31:38","modified_gmt":"2025-12-17T19:31:38","slug":"nrk-skjonner-ikke-kritikken-av-nrk","status":"publish","type":"post","link":"https:\/\/www.europesays.com\/no\/115861\/","title":{"rendered":"NRK skj\u00f8nner ikke kritikken av NRK"},"content":{"rendered":"<p><strong>Omleggingen av NRKs musikksatsing<\/strong> p\u00e5 radio vekker masse harme. Fra lyttere. Fra musikere. Fra konsertarrang\u00f8rer. Fra lydteknikere. Fra ansatte i platebutikker. Fra journalister og redakt\u00f8rer. Fra ledere i bransjeorganisasjoner. Fra veteraner i plateselskapene. Fra folk som bryr seg om musikk. Eller \u00abfolk flest\u00bb, som det s\u00e5 popul\u00e6rt heter.<\/p>\n<p><strong>Nedlegging og flytting <\/strong>av sendeflater for etablerte program, \u00f8kt formatering med spillelister og standardisert kuratering av det som blir spilt. Forflatning av det musikalske mangfoldet, \u00f8kt kommersialisering og stadig mindre og f\u00e6rre muligheter for sm\u00e5 og uavhengige band og artister til \u00e5 bli eksponert for et st\u00f8rre publikum. Musikere og musikkbransjen fortviler. Lyttere f\u00f8ler seg undervurdert og sviktet.<\/p>\n<p><strong>NRK selv er s\u00e5re forn\u00f8yde. <\/strong>Det hele minner om <a href=\"https:\/\/en.wikipedia.org\/wiki\/File:This_is_fine_from_On_Fire_strip_by_KC_Green.jpg#mw-jump-to-license\" rel=\"noopener nofollow\" target=\"_blank\">K.C. Greens virale meme<\/a> av en hund som sitter midt inne i et rom der huset rundt er i full fyr, til snakkebobla \u00abThis is fine\u00bb.<\/p>\n<p><strong>NRK er s\u00e5 lite lydh\u00f8r<\/strong> for kritikken mot dem, at flere og flere stiller seg sp\u00f8rsm\u00e5let om vi virkelig trenger en allmennkringkaster. Da burde varsellampene tennes internt. I stedet m\u00f8tes all kritikken med t\u00e5keprat og det som ser ut som KI-genererte bortforklaringer fra en rekke mellomledere, dette stadig voksende leddet av folk som ikke lager redaksjonelt innhold selv, men heller sitter i m\u00f8ter og lager \u00abstrategier\u00bb og \u00abendringstiltak\u00bb.<\/p>\n<p><strong>Radiosjef Cathinka Rondan<\/strong> og kringkastingssjef Vibeke F\u00fcrst Haugen er attp\u00e5til tausere enn de legendariske pausefiskene som var ansatt av dem f\u00f8r i tiden.<\/p>\n<p><strong>Kort oppsummert:<\/strong> Kritikken g\u00e5r p\u00e5 at NRK har lagt ned den rene musikkanalen P13, der flere programposter legges ned (og flere skal avvikles i 2026), og at de s\u00f8rgelige restene sluses inn i et blandingsprodukt av dette og en ungdomskanal, med navnet P3 Musikk. Forklaringen er at NRK sliter med \u00e5 rekruttere unge lyttere. De m\u00e5 v\u00e6re \u00abfreshe og relevante\u00bb. Valget ble da \u00e5 vanne ut det ene produktet som faktisk funket.<\/p>\n<p><strong>De repeterer at endring <\/strong>er den nye vinen, at endring i seg selv er en dyd, og svaret p\u00e5 all lykke og fremtid. Krokodillet\u00e5rene fosser nedover kinnene deres, mens de sier at \u00abdet er vemodig n\u00e5r et program legges ned\u00bb, og \u00e5penbart ikke tar innover seg det store bildet; at det de holder p\u00e5 med oppfattes som en kulturpolitisk rasering, med en sinnssyk h\u00f8y sum skattepenger i potten. 7,8 milliarder for kalender\u00e5ret 2026, for \u00e5 v\u00e6re mer n\u00f8yaktig.<\/p>\n<p><strong>Derfor er folk forbanna. <\/strong>Fordi NRK legger seg p\u00e5 en mer og mer markedstilpasset strategi, der de blir stadig mer lik de kommersielle akt\u00f8rene, alts\u00e5 det motsatte av hva en allmennkringkaster var ment \u00e5 v\u00e6re.<\/p>\n<p><strong>Parallelt med at de <\/strong>forsvarer den upopul\u00e6re strategien sin med nebb og kl\u00f8r og unnvikende t\u00e5keprat, kommer tidenes tsunamib\u00f8lge av ironi og skyller over dem, s\u00e5 argumentene knuses til pinneved.<\/p>\n<p><strong>I et innspill til Medietilsynets <\/strong>vurdering av NRKs styringssignaler for de fire neste \u00e5rene, rettet P4-gruppen (som er Norges st\u00f8rste kommersielle radiohus), av alle, nylig skarp kritikk til NRK.<\/p>\n<p><strong>De er bekymret<\/strong> for musikkutviklingen hos Krinken i det norske radiomarkedet, og mener de blir mer og mer lik de kommersielle akt\u00f8rene \u2013 b\u00e5de i form og innhold. P4 kritiserer alts\u00e5 NRK for \u00e5 spille for markedstilpasset musikk. Smatt p\u00e5 det og les det \u00e9n gang til.<\/p>\n<p><strong>Det er som om Frp<\/strong> skulle kritisere Natur og Ungdom for ikke \u00e5 ta klimakrisa p\u00e5 alvor.<\/p>\n<p><strong>Kritikken fra allmuen <\/strong>er heller ikke bare en \u00ablytterstorm\u00bb, et begrep man tidligere brukte n\u00e5r 23 s\u00f8rlendinger hadde ringt NRKs sentralbord for \u00e5 klage p\u00e5 at noen hadde bannet p\u00e5 riksdekkende radio. Denne gangen er kritikken massiv, og den kommer fra de aller fleste hold, der musikk betyr noe mer enn bare \u00e5 v\u00e6re et middel til \u00e5 kvele stillhet. Og den er voldsom, s\u00e5nn p\u00e5 ordentlig.<\/p>\n<p><strong>Et firesifret antall,<\/strong> som stadig vokser, har allerede signert oppropet \u00ab<a href=\"https:\/\/www.opprop.net\/stopp_forfallet_i_nrk_musikkradio\" rel=\"noopener nofollow\" target=\"_blank\">Stopp forfallet i NRK musikk!<\/a>\u00bb, herunder mange av de aller st\u00f8rste artistene i landet. Oppropet ble startet av artistleddet selv.<\/p>\n<p><strong>I l\u00f8pet av de siste <\/strong>dagene har ogs\u00e5 flere av programlederne selv tatt bladet fra munnen ved \u00e5 slippe frustrasjonen l\u00f8s i offentligheten og la seg intervjue i VG om det samme forfallet. F\u00f8rst den forhenv\u00e6rende musikksjefen og levende radiolegenden i nedlagte P13, <a href=\"https:\/\/www.vg.no\/rampelys\/i\/V6lBpl\/kristin-winsents-mistet-sjefstittel-i-nrk-organisering-ikke-en-gjeng-bitterfitter\" rel=\"noopener nofollow\" target=\"_blank\">Kristin Winsents<\/a>. Dernest musikkarkeologen og programlederen i over to ti\u00e5r, <a href=\"https:\/\/www.vg.no\/rampelys\/i\/RjxEWx\/thomas-felberg-raser-mot-nrk-de-har-kuppet-hele-redaksjonen\" rel=\"noopener nofollow\" target=\"_blank\">Thomas Felberg<\/a>. Begge er n\u00e5del\u00f8se i sine betraktninger fra innsiden.<\/p>\n<p><strong>De er selv rammet <\/strong>av omleggingen. De f\u00f8ler seg ogs\u00e5 d\u00e5rlig behandlet. Kritikken deres er likevel ingen hulking for sin syke mor, men heller en rakrygget og konkret problematisering av hva i helvete de musikkansvarlige i NRK holder p\u00e5 med, og hvilke f\u00f8lger dette kan f\u00e5. Ikke for dem selv, men for norsk musikkliv.<\/p>\n<p><strong>Svarene p\u00e5 kritikken<\/strong> fra en gjeng mellomledere er episk bortforklarende, t\u00e5kete og ufrivillig komiske. De har blant annet p\u00e5pekt at de ikke har brutt arbeidsmilj\u00f8loven i noen prosesser. Vel, det er mye som ikke er juridisk straffbart, som vi likevel anser som b\u00e5de feilaktig, uetisk og kritikkverdig.<\/p>\n<p><strong>Ingerid Nordstrand,<\/strong> kulturredakt\u00f8r i NRK, sier blant annet f\u00f8lgende til VG, n\u00e5r hun konfronteres med kritikken fra Felberg og Winsents: \u00abI det siste har det v\u00e6rt viktig \u00e5 tydeliggj\u00f8re bakgrunnen for endringene vi n\u00e5 gj\u00f8r, og derfor har det ogs\u00e5 v\u00e6rt ekstra mye strategi p\u00e5 m\u00f8tene v\u00e5re\u00bb.<\/p>\n<p><strong>Musikksjefen over alle musikksjefer<\/strong> i NRK, Mats Borch Bugge, bidrar ogs\u00e5 godt med den verbale t\u00e5keluren. I et tilsvar til undertegnedes kommentar <a href=\"https:\/\/www.itromso.no\/meninger\/i\/xmx648\/nrks-aktive-doedshjelp-til-forfallet\" rel=\"noopener nofollow\" target=\"_blank\">NRKs aktive d\u00f8dshjelp til forfallet<\/a> (24.11.2025) skriver han f\u00f8lgende (under den fengende overskriften <a href=\"https:\/\/www.itromso.no\/meninger\/i\/5pJrP1\/nrk-toppen-svarer-egon-endring-er-den-nye-normalen\" rel=\"noopener nofollow\" target=\"_blank\">\u00abEndring er den nye normalen\u00bb<\/a>): \u00abLa oss bare sl\u00e5 det fast enda en gang: NRK blir aldri ferdig med \u00e5 endre\u00bb.<\/p>\n<p><strong>\u00abVi endrer, alts\u00e5 er vi\u00bb,<\/strong> later til \u00e5 v\u00e6re det f\u00f8rende mantraet.<\/p>\n<p><strong>Ida Eline Tangen, <\/strong>med den fjonge tittelen redaksjonsleder for musikk i Innholdsdivisjonen, ble ansatt i stillingen i februar, der hun, sammen med kulturredakt\u00f8ren sin, lovte at \u00abN\u00e5 skal alle musikkavdelingene i NRK g\u00e5 i samme takt under en felles ledelse\u00bb, til nettstedet <a href=\"https:\/\/www.kampanje.com\/medier\/blir-ny-musikksjef-i-nrk-kommer-alle-sjangere-til-gode\/779131\" rel=\"noopener nofollow\" target=\"_blank\">Kampanje<\/a>.<\/p>\n<p><strong>Etter dette har kritikken<\/strong> piplet ytterligere ut i sosiale medier. Flere av Norges mest profilerte artister (det er for mange til \u00e5 navngi alle) har uttrykt sin harme og frustrasjon og g\u00e5tt rett i strupen p\u00e5 dem med hardtsl\u00e5ende og saklige argument, uten at det heller har vekket selvinnsikten nevneverdig hos NRK.<\/p>\n<p><strong>N\u00e5r musikkdekningen stadig<\/strong> forvitrer i dagspressen, er behovet for en ansvarlig allmennkringkaster st\u00f8rre enn noensinne. NRK har b\u00e5de \u00f8konomiske muskler, journalistisk kompetanse og mye bedre tid enn alle de andre mediehusene, de som er helt pokka n\u00f8dt til \u00e5 forholde seg til den kommersielle n\u00e5del\u00f8sheten som r\u00e5r 24\/7.<\/p>\n<p><strong>Da m\u00e5 man kunne forvente<\/strong> at de tar st\u00f8rre ansvar, tenker mer langsiktig, at de er t\u00f8ffere og viser st\u00f8rre mot, enn bare sakte \u00e5 gli over til \u00e5 bli en statsfinansiert kopi av sine kommersielle ekvivalenter. Det er dette de f\u00e5r penger fra oss \u2013 folket \u2013 for ikke \u00e5 v\u00e6re. Det er selve grunnen til at nasjonen tar seg r\u00e5d til \u00e5 ha en allmennkringkaster.<\/p>\n<p><strong>Det evinnelige gn\u00e5let<\/strong> om \u00e5 n\u00e5 unge lyttere burde kanskje ogs\u00e5 tones litt ned. De unge har ogs\u00e5 krav p\u00e5 kvalitet. Og de trenger ikke bare program ledet av unge som spiller musikk laget av unge musikere, akkurat som at barne-TV og NRK Super ikke automatisk blir bedre om det lages av barn.<\/p>\n<p><strong>Det er i dag cirka 3.300 ansatte<\/strong> i NRK. Kanskje man da skulle satse litt mer p\u00e5 det leddet med erfarne og kompetente folk som lager redaksjonelt innhold, rendyrke dem og l\u00f8fte dem opp, og heller kutte ned p\u00e5 antall mellomledere som g\u00e5r i takt og roper i kor. Bare et vennlig, gratis, kostnadsbesparende tips her, alts\u00e5, p\u00e5 tampen av \u00e5ret.<\/p>\n","protected":false},"excerpt":{"rendered":"Omleggingen av NRKs musikksatsing p\u00e5 radio vekker masse harme. Fra lyttere. Fra musikere. Fra konsertarrang\u00f8rer. Fra lydteknikere. Fra&hellip;\n","protected":false},"author":2,"featured_media":115862,"comment_status":"","ping_status":"","sticky":false,"template":"","format":"standard","meta":{"footnotes":""},"categories":[5],"tags":[20,21,2799,24,25,15,19,266,22,23,17,18,221,13,30,28,29,787,14,16,26,27,11317],"class_list":{"0":"post-115861","1":"post","2":"type-post","3":"status-publish","4":"format-standard","5":"has-post-thumbnail","7":"category-overskrifter","8":"tag-breaking-news","9":"tag-breakingnews","10":"tag-egon-holstad","11":"tag-featured-news","12":"tag-featurednews","13":"tag-headlines","14":"tag-hovedoppslag","15":"tag-kommentar","16":"tag-latest-news","17":"tag-latestnews","18":"tag-main-news","19":"tag-mainnews","20":"tag-musikk","21":"tag-news","22":"tag-no","23":"tag-norge","24":"tag-norway","25":"tag-nrk","26":"tag-nyheter","27":"tag-overskrifter","28":"tag-top-stories","29":"tag-topstories","30":"tag-vibeke-furst-haugen"},"share_on_mastodon":{"url":"https:\/\/pubeurope.com\/@no\/115736574889091976","error":""},"_links":{"self":[{"href":"https:\/\/www.europesays.com\/no\/wp-json\/wp\/v2\/posts\/115861","targetHints":{"allow":["GET"]}}],"collection":[{"href":"https:\/\/www.europesays.com\/no\/wp-json\/wp\/v2\/posts"}],"about":[{"href":"https:\/\/www.europesays.com\/no\/wp-json\/wp\/v2\/types\/post"}],"author":[{"embeddable":true,"href":"https:\/\/www.europesays.com\/no\/wp-json\/wp\/v2\/users\/2"}],"replies":[{"embeddable":true,"href":"https:\/\/www.europesays.com\/no\/wp-json\/wp\/v2\/comments?post=115861"}],"version-history":[{"count":0,"href":"https:\/\/www.europesays.com\/no\/wp-json\/wp\/v2\/posts\/115861\/revisions"}],"wp:featuredmedia":[{"embeddable":true,"href":"https:\/\/www.europesays.com\/no\/wp-json\/wp\/v2\/media\/115862"}],"wp:attachment":[{"href":"https:\/\/www.europesays.com\/no\/wp-json\/wp\/v2\/media?parent=115861"}],"wp:term":[{"taxonomy":"category","embeddable":true,"href":"https:\/\/www.europesays.com\/no\/wp-json\/wp\/v2\/categories?post=115861"},{"taxonomy":"post_tag","embeddable":true,"href":"https:\/\/www.europesays.com\/no\/wp-json\/wp\/v2\/tags?post=115861"}],"curies":[{"name":"wp","href":"https:\/\/api.w.org\/{rel}","templated":true}]}}