{"id":115873,"date":"2025-12-17T19:44:19","date_gmt":"2025-12-17T19:44:19","guid":{"rendered":"https:\/\/www.europesays.com\/no\/115873\/"},"modified":"2025-12-17T19:44:19","modified_gmt":"2025-12-17T19:44:19","slug":"politiet-mener-de-har-funnet-arsaken-til-dodsulykka-pa-bjornfjell","status":"publish","type":"post","link":"https:\/\/www.europesays.com\/no\/115873\/","title":{"rendered":"Politiet mener de har funnet \u00e5rsaken til d\u00f8dsulykka p\u00e5 Bj\u00f8rnfjell"},"content":{"rendered":"<p>Det melder Nordland politidistrikt i en pressemelding.<\/p>\n<p>Arion Octavian Lind og Odin Hansen Skaugerud fra Harstad omkom i ulykken.<\/p>\n<p>Politiet skriver at etterforskningen har v\u00e6rt omfattende, fordi de har unders\u00f8kt ulike mulige forklaringer p\u00e5 at bilen havnet utenfor veien.<\/p>\n<p>Flere etterforskningsskritt har v\u00e6rt gjennomf\u00f8rt, i tillegg til kriminaltekniske unders\u00f8kelser.<\/p>\n<p>Statens vegvesens sakkyndige rapport, som politiet n\u00e5 har mottatt, har v\u00e6rt viktig i etterforskningen, skriver politiet videre.<\/p>\n<p>Noen av hovedpunktene fra rapporten er if\u00f8lge politiet:<\/p>\n<ul class=\"List\">\n<li>\n<p>Unders\u00f8kelsen har ikke p\u00e5vist noen tekniske feil eller mangler ved bilen.<\/p>\n<\/li>\n<li>\n<p>Det er ikke funnet feil eller mangler ved selve veien p\u00e5 stedet.<\/p>\n<\/li>\n<li>\n<p>Det har ikke v\u00e6rt mulig \u00e5 hente ut informasjon fra navigasjonsenheten i bilen.<\/p>\n<\/li>\n<\/ul>\n<p><strong>\u2013 Simuleringer gjort av Statens vegvesen viser at bilen har holdt fart langt over fartsgrensen, n\u00e5r en unders\u00f8ker avstanden mellom stedet der bilen forlot veien til der bilen stanset i vannet, skriver politiadvokat Runar Mellem Robertsen.<\/strong><\/p>\n<p>Rapporten viser videre at f\u00f8reren har f\u00e5tt problemer med \u00e5 kontrollere kj\u00f8ret\u00f8yet, grunnet h\u00f8y fart.<\/p>\n<p>P\u00e5 bakgrunn av rapporten og egen etterforskning, legger politiet til grunn at \u00e5rsaken til ulykken er for h\u00f8y fart som gjorde at f\u00f8reren ikke klarte \u00e5 kontrollere kj\u00f8ret\u00f8yet.<\/p>\n<p>Gjennom etterforskningen har politiet fors\u00f8kt \u00e5 kartlegge hvem som kj\u00f8rte bilen. Funnene tyder klart p\u00e5 at eier av bilen ogs\u00e5 var f\u00f8rer, skriver politiet. P\u00e5 grunn av at f\u00f8reren omkom, har politiet valgt \u00e5 henlegge saken.<\/p>\n","protected":false},"excerpt":{"rendered":"Det melder Nordland politidistrikt i en pressemelding. Arion Octavian Lind og Odin Hansen Skaugerud fra Harstad omkom i&hellip;\n","protected":false},"author":2,"featured_media":115874,"comment_status":"","ping_status":"","sticky":false,"template":"","format":"standard","meta":{"footnotes":""},"categories":[12],"tags":[20,21,24,25,370,15,22,23,13,30,28,29,14,16,26,27,42,43,44,45],"class_list":{"0":"post-115873","1":"post","2":"type-post","3":"status-publish","4":"format-standard","5":"has-post-thumbnail","7":"category-verden","8":"tag-breaking-news","9":"tag-breakingnews","10":"tag-featured-news","11":"tag-featurednews","12":"tag-harstad","13":"tag-headlines","14":"tag-latest-news","15":"tag-latestnews","16":"tag-news","17":"tag-no","18":"tag-norge","19":"tag-norway","20":"tag-nyheter","21":"tag-overskrifter","22":"tag-top-stories","23":"tag-topstories","24":"tag-verden","25":"tag-world","26":"tag-world-news","27":"tag-worldnews"},"share_on_mastodon":{"url":"https:\/\/pubeurope.com\/@no\/115736626287718345","error":""},"_links":{"self":[{"href":"https:\/\/www.europesays.com\/no\/wp-json\/wp\/v2\/posts\/115873","targetHints":{"allow":["GET"]}}],"collection":[{"href":"https:\/\/www.europesays.com\/no\/wp-json\/wp\/v2\/posts"}],"about":[{"href":"https:\/\/www.europesays.com\/no\/wp-json\/wp\/v2\/types\/post"}],"author":[{"embeddable":true,"href":"https:\/\/www.europesays.com\/no\/wp-json\/wp\/v2\/users\/2"}],"replies":[{"embeddable":true,"href":"https:\/\/www.europesays.com\/no\/wp-json\/wp\/v2\/comments?post=115873"}],"version-history":[{"count":0,"href":"https:\/\/www.europesays.com\/no\/wp-json\/wp\/v2\/posts\/115873\/revisions"}],"wp:featuredmedia":[{"embeddable":true,"href":"https:\/\/www.europesays.com\/no\/wp-json\/wp\/v2\/media\/115874"}],"wp:attachment":[{"href":"https:\/\/www.europesays.com\/no\/wp-json\/wp\/v2\/media?parent=115873"}],"wp:term":[{"taxonomy":"category","embeddable":true,"href":"https:\/\/www.europesays.com\/no\/wp-json\/wp\/v2\/categories?post=115873"},{"taxonomy":"post_tag","embeddable":true,"href":"https:\/\/www.europesays.com\/no\/wp-json\/wp\/v2\/tags?post=115873"}],"curies":[{"name":"wp","href":"https:\/\/api.w.org\/{rel}","templated":true}]}}