{"id":115881,"date":"2025-12-17T20:02:03","date_gmt":"2025-12-17T20:02:03","guid":{"rendered":"https:\/\/www.europesays.com\/no\/115881\/"},"modified":"2025-12-17T20:02:03","modified_gmt":"2025-12-17T20:02:03","slug":"arets-beste-boker","status":"publish","type":"post","link":"https:\/\/www.europesays.com\/no\/115881\/","title":{"rendered":"\u00c5rets beste b\u00f8ker"},"content":{"rendered":"<p class=\"font-weight-bold m-font-weight-bold\" data-lab-font_weight=\"font-weight-bold\">Bokanmelder Cathrine Kr\u00f8gers anbefalinger:\u00a0<\/p>\n<p>      <img loading=\"lazy\" decoding=\"async\" src=\"https:\/\/www.europesays.com\/no\/wp-content\/uploads\/2025\/12\/83966159.webp\" width=\"265\" height=\"422\" title=\"\" alt=\"\" class=\"\" style=\"--aspect-ratio-image: 0.63; \"\/><\/p>\n<p>\n          Forlag:<\/p>\n<p>          <strong class=\"review-publisher\">Cappelen Damm<\/strong>\n        <\/p>\n<p>\n          Utgivelses\u00e5r:<\/p>\n<p>          <strong class=\"review-publish-date\">2025<\/strong>\n        <\/p>\n<blockquote><p>\u00abIntens smertefull lesning\u00bb<\/p><\/blockquote>\n<p>  <a href=\"https:\/\/www.dagbladet.no\/bok\/bokanmeldelser\" class=\"external-link\" rel=\"nofollow noopener\" target=\"_blank\">Se alle anmeldelser<\/a><\/p>\n<p class=\"font-weight-bold m-font-weight-bold\" data-lab-font_weight=\"font-weight-bold\">\u00a0\u00abPepperspray, bla\u030amerker, sla\u030asskamp, ha\u030andjern,<br \/>\nisolat uten kl\u00e6r, kroppsvisitasjoner\u00bb. Vi snakker ikke om en forbryter, men om<br \/>\npsykolog Johanne Rogndal som forteller om sine halvannet \u00e5r p\u00e5 psykiatrisk<br \/>\nsykehus som ten\u00e5ring.\u00a0<\/p>\n<p class=\"font-weight-bold m-font-weight-bold\" data-lab-font_weight=\"font-weight-bold\">Det er intens smertefull lesning &#8211; og burde v\u00e6re et must<br \/>\nfor alle som jobber i helsevesenet. Andre ogs\u00e5 for den del.<\/p>\n<p>    <a itemprop=\"url\" href=\"https:\/\/www.dagbladet.no\/bok\/skremmer-vettet-av-deg\/82518623\" rel=\"nofollow noopener\" target=\"_blank\"><\/p>\n<p>        <img loading=\"lazy\" decoding=\"async\" src=\"https:\/\/www.europesays.com\/no\/wp-content\/uploads\/2025\/12\/82518667.webp\" width=\"980\" height=\"441\" title=\"Skremmer vettet av deg\" alt=\"\" class=\"lazyload\" style=\"--aspect-ratio-image: 2.22; \"\/><\/p>\n<p>        Skremmer vettet av deg<\/p>\n<p>    <\/a><\/p>\n<p>      <img loading=\"lazy\" decoding=\"async\" src=\"https:\/\/www.europesays.com\/no\/wp-content\/uploads\/2025\/12\/83966167.webp\" width=\"265\" height=\"390\" title=\"\" alt=\"\" class=\"\" style=\"--aspect-ratio-image: 0.68; \"\/><\/p>\n<p>      Sakprosa<\/p>\n<p>\n          Forlag:<\/p>\n<p>          <strong class=\"review-publisher\">Cappelen Damm<\/strong>\n        <\/p>\n<p>\n          Utgivelses\u00e5r:<\/p>\n<p>          <strong class=\"review-publish-date\">2025<\/strong>\n        <\/p>\n<blockquote><p>\u00abEt nydelig portrett\u00bb<\/p><\/blockquote>\n<p>  <a href=\"https:\/\/www.dagbladet.no\/bok\/bokanmeldelser\" class=\"external-link\" rel=\"nofollow noopener\" target=\"_blank\">Se alle anmeldelser<\/a><\/p>\n<p>Forfatter og forlagsmann Anders<br \/>\nHeger har skrevet om sin mor Wanda. Det har blitt en eksepsjonell og mangfoldig familiefortelling om<br \/>\ntysk adel, ihuga nazister, krigsfanger og krigshelter.\u00a0<\/p>\n<p>Samt et nydelig portrett<br \/>\nav en nitti\u00e5rings siste \u00e5r p\u00e5 jorden. <\/p>\n<p>      <img loading=\"lazy\" decoding=\"async\" src=\"https:\/\/www.europesays.com\/no\/wp-content\/uploads\/2025\/12\/83966203.webp\" width=\"265\" height=\"411\" title=\"\" alt=\"\" class=\"\" style=\"--aspect-ratio-image: 0.64; \"\/><\/p>\n<p>      Krim<\/p>\n<p>\n          Forlag:<\/p>\n<p>          <strong class=\"review-publisher\">Gyldendal<\/strong>\n        <\/p>\n<p>\n          Utgivelses\u00e5r:<\/p>\n<p>          <strong class=\"review-publish-date\">2025<\/strong>\n        <\/p>\n<blockquote><p>\u00abOriginal og eksistensielt dyptloddende krim\u00bb<\/p><\/blockquote>\n<p>  <a href=\"https:\/\/www.dagbladet.no\/bok\/bokanmeldelser\" class=\"external-link\" rel=\"nofollow noopener\" target=\"_blank\">Se alle anmeldelser<\/a><\/p>\n<p class=\"font-weight-bold m-font-weight-bold\" data-lab-font_weight=\"font-weight-bold\">Har<br \/>\nvi en plikt til \u00e5 drepe de virkelig onde, sp\u00f8r H\u00e5kon Nesser i denne niende boka<br \/>\nom den eksentriske politietterforskeren Barbarotti. Barbarotti svarer<br \/>\nselv: Trump. Putin. Bolsonaro. Erdogan, Lavrov.<\/p>\n<p>En original og eksistensielt<br \/>\ndyptloddende krim av en av mine favorittforfattere.<\/p>\n<p>    <a itemprop=\"url\" href=\"https:\/\/www.dagbladet.no\/bok\/arets-beste-paskekrim\/82938477\" rel=\"nofollow noopener\" target=\"_blank\"><\/p>\n<p>        <img loading=\"lazy\" decoding=\"async\" src=\"https:\/\/www.europesays.com\/no\/wp-content\/uploads\/2025\/12\/82938746.webp\" width=\"980\" height=\"441\" title=\"\u00c5rets beste p\u00e5skekrim\" alt=\"\" class=\"lazyload\" style=\"--aspect-ratio-image: 2.22; \"\/><\/p>\n<p>        \u00c5rets beste p\u00e5skekrim<\/p>\n<p>    <\/a><\/p>\n<p class=\"font-weight-bold m-font-weight-bold\" data-lab-font_weight=\"font-weight-bold\">Bokanmelder Maya<br \/>\nTroberg Djuves anbefalinger:<\/p>\n<p>      <img loading=\"lazy\" decoding=\"async\" src=\"https:\/\/www.europesays.com\/no\/wp-content\/uploads\/2025\/12\/83957976.webp\" width=\"265\" height=\"409\" title=\"\" alt=\"\" class=\"\" style=\"--aspect-ratio-image: 0.65; \"\/><\/p>\n<p>      Roman<\/p>\n<p>\n          Forlag:<\/p>\n<p>          <strong class=\"review-publisher\">Oktober<\/strong>\n        <\/p>\n<p>\n          Oversetter:<\/p>\n<p>          <strong class=\"review-translator\">Bj\u00f8rn Alex Herrman<\/strong>\n        <\/p>\n<p>\n          Utgivelses\u00e5r:<\/p>\n<p>          <strong class=\"review-publish-date\">2025<\/strong>\n        <\/p>\n<blockquote><p>\u00abEt skittenrealistisk kraftverk av en roman\u00bb<\/p><\/blockquote>\n<p>  <a href=\"https:\/\/www.dagbladet.no\/bok\/bokanmeldelser\" class=\"external-link\" rel=\"nofollow noopener\" target=\"_blank\">Se alle anmeldelser<\/a><\/p>\n<p class=\"font-weight-normal m-font-weight-normal\" data-lab-font_weight=\"font-weight-normal\">F\u00e5 skriver s\u00e5 steinhardt om den svenske<br \/>\nlandsbygda, bygdejustis og omsorgsudyktige folk. I dette universet er det<br \/>\nguttas lov som gjelder, traumene florerer, og de sjeldne blaffene av n\u00e6rhet<br \/>\nmellom menneskene beveger.\u00a0<\/p>\n<p class=\"font-weight-normal m-font-weight-normal\" data-lab-font_weight=\"font-weight-normal\">Et skittenrealistisk kraftverk av en roman, skrevet med r\u00f8rende \u00f8mhet for de utsatte. <\/p>\n<p>    <a itemprop=\"url\" href=\"https:\/\/www.dagbladet.no\/bok\/ra-og-omhjertet-bygdehorror\/82511368\" rel=\"nofollow noopener\" target=\"_blank\"><\/p>\n<p>        <img loading=\"lazy\" decoding=\"async\" src=\"https:\/\/www.europesays.com\/no\/wp-content\/uploads\/2025\/12\/82511379.webp\" width=\"980\" height=\"441\" title=\"R\u00e5 og \u00f8mhjertet bygdehorror\" alt=\"\" class=\"lazyload\" style=\"--aspect-ratio-image: 2.22; \"\/><\/p>\n<p>        R\u00e5 og \u00f8mhjertet bygdehorror<\/p>\n<p>    <\/a><\/p>\n<p>      <img loading=\"lazy\" decoding=\"async\" src=\"https:\/\/www.europesays.com\/no\/wp-content\/uploads\/2025\/12\/83958004.webp\" width=\"265\" height=\"411\" title=\"\" alt=\"\" class=\"\" style=\"--aspect-ratio-image: 0.64; \"\/><\/p>\n<p>      Roman<\/p>\n<p>\n          Forlag:<\/p>\n<p>          <strong class=\"review-publisher\">Oktober<\/strong>\n        <\/p>\n<p>\n          Oversetter:<\/p>\n<p>          <strong class=\"review-translator\">Ingeborg Fossest\u00f8l<\/strong>\n        <\/p>\n<p>\n          Utgivelses\u00e5r:<\/p>\n<p>          <strong class=\"review-publish-date\">2025<\/strong>\n        <\/p>\n<blockquote><p>\u00abRystende og poetisk\u00bb<\/p><\/blockquote>\n<p>  <a href=\"https:\/\/www.dagbladet.no\/bok\/bokanmeldelser\" class=\"external-link\" rel=\"nofollow noopener\" target=\"_blank\">Se alle anmeldelser<\/a><\/p>\n<p class=\"font-weight-normal m-font-weight-normal\" data-lab-font_weight=\"font-weight-normal\">En moderne, tyrkisk klassiker om frihetsdr\u00f8mmer,<br \/>\ngalskap, og sex. Det personlige og politiske er tett sammenvevd i romanen, som er et rystende og poetisk konsentrat av et kort og vanskelig liv &#8211; forfatterens eget.<\/p>\n<p>    <a itemprop=\"url\" href=\"https:\/\/www.dagbladet.no\/bok\/rystende-og-desperat-moderne-klassiker\/82903426\" rel=\"nofollow noopener\" target=\"_blank\"><\/p>\n<p>        <img loading=\"lazy\" decoding=\"async\" src=\"https:\/\/www.europesays.com\/no\/wp-content\/uploads\/2025\/12\/82903490.webp\" width=\"980\" height=\"441\" title=\"Rystende og desperat moderne klassiker\" alt=\"\" class=\"lazyload\" style=\"--aspect-ratio-image: 2.22; \"\/><\/p>\n<p>        Rystende og desperat moderne klassiker<\/p>\n<p>    <\/a><\/p>\n<p>      <img loading=\"lazy\" decoding=\"async\" src=\"https:\/\/www.europesays.com\/no\/wp-content\/uploads\/2025\/12\/83958245.webp\" width=\"265\" height=\"406\" title=\"\" alt=\"\" class=\"\" style=\"--aspect-ratio-image: 0.65; \"\/><\/p>\n<p>      Roman<\/p>\n<p>\n          Forlag:<\/p>\n<p>          <strong class=\"review-publisher\">Bonnier<\/strong>\n        <\/p>\n<p>\n          Utgivelses\u00e5r:<\/p>\n<p>          <strong class=\"review-publish-date\">2025<\/strong>\n        <\/p>\n<blockquote><p>\u00abEn sterk roman\u00bb<\/p><\/blockquote>\n<p>  <a href=\"https:\/\/www.dagbladet.no\/bok\/bokanmeldelser\" class=\"external-link\" rel=\"nofollow noopener\" target=\"_blank\">Se alle anmeldelser<\/a><\/p>\n<p>En s\u00f8nn tar med seg sin demente far ut i<br \/>\nhavgapet for \u00e5 gi ham bedre dager. Skildringen av samv\u00e6ret er breddfull av<br \/>\nkj\u00e6rlighet, men rommer ogs\u00e5 ubehag og store sp\u00f8rsm\u00e5l: Hvem bestemmer hva som er<br \/>\nbest for oss, og kan et menneske miste sin verdi?\u00a0<\/p>\n<p> En sterk roman fra Trom\u00f8ya nest st\u00f8rste s\u00f8nn.<\/p>\n<p>    <a itemprop=\"url\" href=\"https:\/\/www.dagbladet.no\/bok\/veldig-usikre-mennesker\/83346986\" rel=\"nofollow noopener\" target=\"_blank\"><\/p>\n<p>        <img loading=\"lazy\" decoding=\"async\" src=\"https:\/\/www.europesays.com\/no\/wp-content\/uploads\/2025\/12\/83346993.webp\" width=\"980\" height=\"441\" title=\"- Veldig usikre mennesker\" alt=\"\" class=\"lazyload\" style=\"--aspect-ratio-image: 2.22; \"\/><\/p>\n<p>        &#8211; Veldig usikre mennesker<\/p>\n<p>    <\/a><\/p>\n<p class=\"font-weight-bold m-font-weight-bold\" data-lab-font_weight=\"font-weight-bold\">Bokanmelder Joakim Tj\u00f8stheims anbefalinger:\u00a0<\/p>\n<p>      <img loading=\"lazy\" decoding=\"async\" src=\"https:\/\/www.europesays.com\/no\/wp-content\/uploads\/2025\/12\/83958323.webp\" width=\"265\" height=\"417\" title=\"\" alt=\"\" class=\"\" style=\"--aspect-ratio-image: 0.64; \"\/><\/p>\n<p>      Roman<\/p>\n<p>\n          Forlag:<\/p>\n<p>          <strong class=\"review-publisher\">Samlaget<\/strong>\n        <\/p>\n<p>\n          Utgivelses\u00e5r:<\/p>\n<p>          <strong class=\"review-publish-date\">2025<\/strong>\n        <\/p>\n<blockquote><p>\u00abGir leseren alt\u00bb<\/p><\/blockquote>\n<p>  <a href=\"https:\/\/www.dagbladet.no\/bok\/bokanmeldelser\" class=\"external-link\" rel=\"nofollow noopener\" target=\"_blank\">Se alle anmeldelser<\/a><\/p>\n<p>Enkelte b\u00f8ker gir leseren alt: Bekjentskap med karakterer med varmt blod i \u00e5rene, og en fortelling tett p\u00e5 livet &#8211; som til og med gir kunnskap og litt \u00e5 undre over. J\u00f8rgen Norheims kontrafaktiske roman \u00abOlga Bjoners plass\u00bb er en slik bok.\u00a0<\/p>\n<p>Forfatteren tar leseren med gjennom et nazistyrt Norge anno 1967, og reisen er alt annet enn ubehagelig.<\/p>\n<p>    <a itemprop=\"url\" href=\"https:\/\/www.dagbladet.no\/bok\/et-ballespark\/83584961\" rel=\"nofollow noopener\" target=\"_blank\"><\/p>\n<p>        <img loading=\"lazy\" decoding=\"async\" src=\"https:\/\/www.europesays.com\/no\/wp-content\/uploads\/2025\/12\/83585067.webp\" width=\"980\" height=\"441\" title=\"- Et ballespark\" alt=\"\" class=\"lazyload\" style=\"--aspect-ratio-image: 2.22; \"\/><\/p>\n<p>        &#8211; Et ballespark<\/p>\n<p>    <\/a><\/p>\n<p>      <img loading=\"lazy\" decoding=\"async\" src=\"https:\/\/www.europesays.com\/no\/wp-content\/uploads\/2025\/12\/83958357.webp\" width=\"265\" height=\"414\" title=\"\" alt=\"\" class=\"\" style=\"--aspect-ratio-image: 0.64; \"\/><\/p>\n<p>      Noveller<\/p>\n<p>\n          Forlag:<\/p>\n<p>          <strong class=\"review-publisher\">Samlaget<\/strong>\n        <\/p>\n<p>\n          Utgivelses\u00e5r:<\/p>\n<p>          <strong class=\"review-publish-date\">2025<\/strong>\n        <\/p>\n<blockquote><p>\u00abSkriver djevelsk godt\u00bb<\/p><\/blockquote>\n<p>  <a href=\"https:\/\/www.dagbladet.no\/bok\/bokanmeldelser\" class=\"external-link\" rel=\"nofollow noopener\" target=\"_blank\">Se alle anmeldelser<\/a><\/p>\n<p>Erlend Kaasa skriver djevelsk godt om gud og bursdager og det meste imellom i novellene i \u00ab(44)\u00bb. Noveller med en dragningskraft som disse er det sjelden en kommer over.\u00a0<\/p>\n<p>Kassa skriver s\u00e5 gjenkjennelig at det knapt har noe \u00e5 si for lesingen om en blir, er eller har fylt 44 selv.<\/p>\n<p>    <a itemprop=\"url\" href=\"https:\/\/www.dagbladet.no\/bok\/knapt-til-a-tro\/82670888\" rel=\"nofollow noopener\" target=\"_blank\"><\/p>\n<p>        <img loading=\"lazy\" decoding=\"async\" src=\"https:\/\/www.europesays.com\/no\/wp-content\/uploads\/2025\/12\/82670898.webp\" width=\"980\" height=\"441\" title=\"Knapt til \u00e5 tro\" alt=\"\" class=\"lazyload\" style=\"--aspect-ratio-image: 2.22; \"\/><\/p>\n<p>        Knapt til \u00e5 tro<\/p>\n<p>    <\/a><\/p>\n<p>      <img loading=\"lazy\" decoding=\"async\" src=\"https:\/\/www.europesays.com\/no\/wp-content\/uploads\/2025\/12\/83958388.webp\" width=\"265\" height=\"422\" title=\"\" alt=\"\" class=\"\" style=\"--aspect-ratio-image: 0.63; \"\/><\/p>\n<p>      Roman<\/p>\n<p>\n          Forlag:<\/p>\n<p>          <strong class=\"review-publisher\">Oktober<\/strong>\n        <\/p>\n<p>\n          Utgivelses\u00e5r:<\/p>\n<p>          <strong class=\"review-publish-date\">2025<\/strong>\n        <\/p>\n<blockquote><p>\u00abBare \u00e5 ta av seg hatten\u00bb<\/p><\/blockquote>\n<p>  <a href=\"https:\/\/www.dagbladet.no\/bok\/bokanmeldelser\" class=\"external-link\" rel=\"nofollow noopener\" target=\"_blank\">Se alle anmeldelser<\/a><\/p>\n<p>Sexen kunne glidd bedre, er nitten\u00e5ringen Rubys erfaring i April Alexandersdottirs \u00abRuby Baby\u00bb. Alexandersdottir skriver uanstrengt og reflektert om begj\u00e6r, det mannlige blikket og \u00f8nsket om \u00e5 bli bekreftet.<\/p>\n<p>Det er bare \u00e5 ta av seg hatten: \u00abRuby Baby\u00bb er en knallsterk debut.<\/p>\n<p>    <a itemprop=\"url\" href=\"https:\/\/www.dagbladet.no\/bok\/til-a-grosse-av\/83379081\" rel=\"nofollow noopener\" target=\"_blank\"><\/p>\n<p>        <img loading=\"lazy\" decoding=\"async\" src=\"https:\/\/www.europesays.com\/no\/wp-content\/uploads\/2025\/12\/83379097.webp\" width=\"980\" height=\"441\" title=\"Til \u00e5 gr\u00f8sse av\" alt=\"\" class=\"lazyload\" style=\"--aspect-ratio-image: 2.22; \"\/><\/p>\n<p>        Til \u00e5 gr\u00f8sse av<\/p>\n<p>    <\/a><\/p>\n<p>Bokanmelder Inger Bentzruds anbefalinger:\u00a0<\/p>\n<p>      <img loading=\"lazy\" decoding=\"async\" src=\"https:\/\/www.europesays.com\/no\/wp-content\/uploads\/2025\/12\/83958494.webp\" width=\"265\" height=\"406\" title=\"\" alt=\"\" class=\"\" style=\"--aspect-ratio-image: 0.65; \"\/><\/p>\n<p>      Roman<\/p>\n<p>\n          Forlag:<\/p>\n<p>          <strong class=\"review-publisher\">Press<\/strong>\n        <\/p>\n<p>\n          Oversetter:<\/p>\n<p>          <strong class=\"review-translator\">Tone Myklebost<\/strong>\n        <\/p>\n<p>\n          Utgivelses\u00e5r:<\/p>\n<p>          <strong class=\"review-publish-date\">2025<\/strong>\n        <\/p>\n<blockquote><p>\u00abTragisk, brutalt og vakkert fortalt\u00bb<\/p><\/blockquote>\n<p>  <a href=\"https:\/\/www.dagbladet.no\/bok\/bokanmeldelser\" class=\"external-link\" rel=\"nofollow noopener\" target=\"_blank\">Se alle anmeldelser<\/a><\/p>\n<p>Den som<br \/>\nlengter etter en stormfull roman om havet, d\u00f8den og kj\u00e6rligheten, vil finne<br \/>\ndrama i overflod hos islandske J\u00f3n Kalman Stef\u00e1nsson. \u00c5rets roman bygger p\u00e5<br \/>\nhistoriske hendelser fra 1600-tallets Island, da en gruppe forulykkede baskiske<br \/>\nsj\u00f8menn ble massakrert av lokalbefolkningen.\u00a0<\/p>\n<p>Tragisk, brutalt og vakkert<br \/>\nfortalt.<\/p>\n<p>      <img loading=\"lazy\" decoding=\"async\" src=\"https:\/\/www.europesays.com\/no\/wp-content\/uploads\/2025\/12\/83958503.webp\" width=\"265\" height=\"427\" title=\"\" alt=\"\" class=\"\" style=\"--aspect-ratio-image: 0.62; \"\/><\/p>\n<p>      Sakprosa<\/p>\n<p>\n          Forlag:<\/p>\n<p>          <strong class=\"review-publisher\">Cappelen Damm<\/strong>\n        <\/p>\n<p>\n          Utgivelses\u00e5r:<\/p>\n<p>          <strong class=\"review-publish-date\">2025<\/strong>\n        <\/p>\n<blockquote><p>\u00abUhyre velskrevet\u00bb<\/p><\/blockquote>\n<p>  <a href=\"https:\/\/www.dagbladet.no\/bok\/bokanmeldelser\" class=\"external-link\" rel=\"nofollow noopener\" target=\"_blank\">Se alle anmeldelser<\/a><\/p>\n<p>Som en<br \/>\nuforferdet og ekte sannhetss\u00f8kende journalist har \u00c5sne Seierstad opps\u00f8kt folk<br \/>\np\u00e5 \u00abdypet\u00bb i den russiske hverdagen, preget av fyll, fattigdom og krig.\u00a0<\/p>\n<p>Hun lot<br \/>\nseg inspirere av den s\u00e5kalte Wagner-desert\u00f8ren som flyktet til Norge, og har levert<br \/>\nen uhyre velskrevet bok med personlige inntrykk fra livet under Putins autorit\u00e6re<br \/>\njernh\u00e5nd.<\/p>\n<p>    <a itemprop=\"url\" href=\"https:\/\/www.dagbladet.no\/bok\/vold-varme-og-vodka\/83636464\" rel=\"nofollow noopener\" target=\"_blank\"><\/p>\n<p>        <img loading=\"lazy\" decoding=\"async\" src=\"https:\/\/www.europesays.com\/no\/wp-content\/uploads\/2025\/12\/83636568.webp\" width=\"980\" height=\"441\" title=\"Vold, varme og vodka\" alt=\"\" class=\"lazyload\" style=\"--aspect-ratio-image: 2.22; \"\/><\/p>\n<p>        Vold, varme og vodka<\/p>\n<p>    <\/a><\/p>\n<p>      <img loading=\"lazy\" decoding=\"async\" src=\"https:\/\/www.europesays.com\/no\/wp-content\/uploads\/2025\/12\/83958556.webp\" width=\"265\" height=\"435\" title=\"\" alt=\"\" class=\"\" style=\"--aspect-ratio-image: 0.61; \"\/><\/p>\n<p>      Sakprosa<\/p>\n<p>\n          Forlag:<\/p>\n<p>          <strong class=\"review-publisher\">Oktober<\/strong>\n        <\/p>\n<p>\n          Utgivelses\u00e5r:<\/p>\n<p>          <strong class=\"review-publish-date\">2025<\/strong>\n        <\/p>\n<blockquote><p>\u00ab\u00c5rets morsomste overraskelse\u00bb<\/p><\/blockquote>\n<p>  <a href=\"https:\/\/www.dagbladet.no\/bok\/bokanmeldelser\" class=\"external-link\" rel=\"nofollow noopener\" target=\"_blank\">Se alle anmeldelser<\/a><\/p>\n<p>\u00c5rets<br \/>\nmorsomste overraskelse er Marte Michelets anti-biografi om sin far, avd\u00f8de Jon<br \/>\nMichelet. Det er selvsagt ikke noe helteportrett, men en erindringsbok skrevet<br \/>\nunder mottoet \u00abHva ville JM ha gjort?\u00bb, der hun \u00ablaiver\u00bb farens utskeielser.\u00a0<\/p>\n<p>Hun utleverer ham n\u00e5del\u00f8st, men boka er samtidig gjennomstr\u00f8mmet av varme f\u00f8lelser.<\/p>\n<p>    <a itemprop=\"url\" href=\"https:\/\/www.dagbladet.no\/bok\/hva-ville-marte-michelet-ha-gjort\/83715918\" rel=\"nofollow noopener\" target=\"_blank\"><\/p>\n<p>        <img loading=\"lazy\" decoding=\"async\" src=\"https:\/\/www.europesays.com\/no\/wp-content\/uploads\/2025\/12\/83716305.webp\" width=\"980\" height=\"441\" title=\"Dristig vandring\" alt=\"\" class=\"lazyload\" style=\"--aspect-ratio-image: 2.22; \"\/><\/p>\n<p>        Dristig vandring<\/p>\n<p>    <\/a><\/p>\n<p class=\"font-weight-bold m-font-weight-bold\" data-lab-font_weight=\"font-weight-bold\">Bokanmelder Espen Gr\u00f8nlies anbefalinger:<\/p>\n<p>      <img loading=\"lazy\" decoding=\"async\" src=\"https:\/\/www.europesays.com\/no\/wp-content\/uploads\/2025\/12\/83958581.webp\" width=\"265\" height=\"414\" title=\"\" alt=\"\" class=\"\" style=\"--aspect-ratio-image: 0.64; \"\/><\/p>\n<p>      Roman<\/p>\n<p>\n          Forlag:<\/p>\n<p>          <strong class=\"review-publisher\">Flamme<\/strong>\n        <\/p>\n<p>\n          Utgivelses\u00e5r:<\/p>\n<p>          <strong class=\"review-publish-date\">2025<\/strong>\n        <\/p>\n<blockquote><p>\u00abTroverdig oppvekstskildring\u00bb<\/p><\/blockquote>\n<p>  <a href=\"https:\/\/www.dagbladet.no\/bok\/bokanmeldelser\" class=\"external-link\" rel=\"nofollow noopener\" target=\"_blank\">Se alle anmeldelser<\/a><\/p>\n<p>En roman fra Risvollan borettslag i Nardo bydel i Trondheim, skildret som en slags\u00a0favela, der oppr\u00f8rske ungdommer viser fingeren til myndighetene og finner ut av ting p\u00e5 egen h\u00e5nd. En troverdig oppvekstskildring.\u00a0<\/p>\n<p>      <img loading=\"lazy\" decoding=\"async\" src=\"https:\/\/www.europesays.com\/no\/wp-content\/uploads\/2025\/12\/83958625.webp\" width=\"265\" height=\"409\" title=\"\" alt=\"\" class=\"\" style=\"--aspect-ratio-image: 0.65; \"\/><\/p>\n<p>      Lyrikk<\/p>\n<p>\n          Forlag:<\/p>\n<p>          <strong class=\"review-publisher\">Samlaget<\/strong>\n        <\/p>\n<p>\n          Utgivelses\u00e5r:<\/p>\n<p>          <strong class=\"review-publish-date\">2025<\/strong>\n        <\/p>\n<blockquote><p>\u00abPolitisk diktning som svinger\u00bb<\/p><\/blockquote>\n<p>  <a href=\"https:\/\/www.dagbladet.no\/bok\/bokanmeldelser\" class=\"external-link\" rel=\"nofollow noopener\" target=\"_blank\">Se alle anmeldelser<\/a><\/p>\n<p>Dette\u00a0er ikke bare et dikt om St\u00f8re. Det er like mye en p\u00e5stand om at statsministeren selv er oppdiktet.\u00a0Navnet\u00a0Jonas Gahr St\u00f8re er\u00a0bare et tomt skall, uten substans, som spytter ut \u00abbl\u00e5russprat \/ om kroner og \u00f8re\u00bb. Dette er politisk diktning som svinger.\u00a0<\/p>\n<p>    <a itemprop=\"url\" href=\"https:\/\/www.dagbladet.no\/bok\/den-som-lyver-far-se\/82933686\" rel=\"nofollow noopener\" target=\"_blank\"><\/p>\n<p>        <img loading=\"lazy\" decoding=\"async\" src=\"https:\/\/www.europesays.com\/no\/wp-content\/uploads\/2025\/12\/82933730.webp\" width=\"980\" height=\"441\" title=\"Den som lyver, f\u00e5r se\" alt=\"\" class=\"lazyload\" style=\"--aspect-ratio-image: 2.22; \"\/><\/p>\n<p>        Den som lyver, f\u00e5r se<\/p>\n<p>    <\/a><\/p>\n<p>      <img loading=\"lazy\" decoding=\"async\" src=\"https:\/\/www.europesays.com\/no\/wp-content\/uploads\/2025\/12\/83958642.webp\" width=\"265\" height=\"414\" title=\"\" alt=\"\" class=\"\" style=\"--aspect-ratio-image: 0.64; \"\/><\/p>\n<p>      Lyrikk<\/p>\n<p>\n          Forlag:<\/p>\n<p>          <strong class=\"review-publisher\">Samlaget<\/strong>\n        <\/p>\n<p>\n          Utgivelses\u00e5r:<\/p>\n<p>          <strong class=\"review-publish-date\">2025<\/strong>\n        <\/p>\n<blockquote><p>\u00abLeken og l\u00e6rd poesi\u00bb<\/p><\/blockquote>\n<p>  <a href=\"https:\/\/www.dagbladet.no\/bok\/bokanmeldelser\" class=\"external-link\" rel=\"nofollow noopener\" target=\"_blank\">Se alle anmeldelser<\/a><\/p>\n<p>Som leser av poesi er jeg opptatt av litteraturens klanglige elementer. I denne boka finner jeg b\u00e5de rytme og melodi. Dessuten mye \u00e5 tenke over. For eksempel hvorfor\u00a0implikasjon\u00a0regnes som et fremmedord, n\u00e5r det er sm\u00e5ord som\u00a0\u00e5st\u00a0og\u00a0v\u00e5\u00a0som er fremmede for oss i dag. Dette er leken og l\u00e6rd poesi.\u00a0<\/p>\n<p class=\"font-weight-bold m-font-weight-bold\" data-lab-font_weight=\"font-weight-bold\">Bokanmelder Jon Rognliens anbefalinger:\u00a0<\/p>\n<p>      <img loading=\"lazy\" decoding=\"async\" src=\"https:\/\/www.europesays.com\/no\/wp-content\/uploads\/2025\/12\/83958721.webp\" width=\"265\" height=\"411\" title=\"\" alt=\"\" class=\"\" style=\"--aspect-ratio-image: 0.64; \"\/><\/p>\n<p>      Sakprosa<\/p>\n<p>\n          Forlag:<\/p>\n<p>          <strong class=\"review-publisher\">Siri Lindstad forlag<\/strong>\n        <\/p>\n<p>\n          Utgivelses\u00e5r:<\/p>\n<p>          <strong class=\"review-publish-date\">2025<\/strong>\n        <\/p>\n<blockquote><p>\u00abEt knippe godt skrevne, interessante historier\u00bb<\/p><\/blockquote>\n<p>  <a href=\"https:\/\/www.dagbladet.no\/bok\/bokanmeldelser\" class=\"external-link\" rel=\"nofollow noopener\" target=\"_blank\">Se alle anmeldelser<\/a><\/p>\n<p>Et<br \/>\nknippe godt skrevne, interessante historier om skeive kunstnere p\u00e5 1940- og 1950-tallet, s\u00e6rlig i Paris.\u00a0<\/p>\n<p>Vi m\u00f8ter blant andre Tove Jansson, Gidske Anderson, James<br \/>\nBaldwin og paret Hofmo\/Tollefsen. Sterke viljer som trosset fordommer og sikret<br \/>\nseg egen verdighet.<\/p>\n<p>      <img loading=\"lazy\" decoding=\"async\" src=\"https:\/\/www.europesays.com\/no\/wp-content\/uploads\/2025\/12\/83958760.webp\" width=\"265\" height=\"411\" title=\"\" alt=\"\" class=\"\" style=\"--aspect-ratio-image: 0.64; \"\/><\/p>\n<p>      Roman<\/p>\n<p>\n          Forlag:<\/p>\n<p>          <strong class=\"review-publisher\">Gyldendal<\/strong>\n        <\/p>\n<p>\n          Utgivelses\u00e5r:<\/p>\n<p>          <strong class=\"review-publish-date\">2025<\/strong>\n        <\/p>\n<blockquote><p>\u00abDrivende god satire\u00bb<\/p><\/blockquote>\n<p>  <a href=\"https:\/\/www.dagbladet.no\/bok\/bokanmeldelser\" class=\"external-link\" rel=\"nofollow noopener\" target=\"_blank\">Se alle anmeldelser<\/a><\/p>\n<p>En<br \/>\nburlesk og drivende god satire over kunstverdenens forvandlinger og museenes<br \/>\nkamp mot overfloden. Hva gj\u00f8r man med all kunsten som allerede finnes for \u00e5<br \/>\nsikre plass til nye kunstneres uttrykk? Finboruds l\u00f8sning p\u00e5 problemet er en<br \/>\ndyster latterbombe.<\/p>\n<p>    <a itemprop=\"url\" href=\"https:\/\/www.dagbladet.no\/bok\/en-spinnvill-konstruksjon\/83144594\" rel=\"nofollow noopener\" target=\"_blank\"><\/p>\n<p>        <img loading=\"lazy\" decoding=\"async\" src=\"https:\/\/www.europesays.com\/no\/wp-content\/uploads\/2025\/12\/83145165.webp\" width=\"980\" height=\"441\" title=\"En spinnvill konstruksjon\" alt=\"\" class=\"lazyload\" style=\"--aspect-ratio-image: 2.22; \"\/><\/p>\n<p>        En spinnvill konstruksjon<\/p>\n<p>    <\/a><\/p>\n<p>      <img loading=\"lazy\" decoding=\"async\" src=\"https:\/\/www.europesays.com\/no\/wp-content\/uploads\/2025\/12\/83958787.webp\" width=\"265\" height=\"409\" title=\"\" alt=\"\" class=\"\" style=\"--aspect-ratio-image: 0.65; \"\/><\/p>\n<p>      Roman<\/p>\n<p>\n          Forlag:<\/p>\n<p>          <strong class=\"review-publisher\">Cappelen Damm<\/strong>\n        <\/p>\n<p>\n          Oversetter:<\/p>\n<p>          <strong class=\"review-translator\">Birgit Owe Svihus<\/strong>\n        <\/p>\n<p>\n          Utgivelses\u00e5r:<\/p>\n<p>          <strong class=\"review-publish-date\">2025<\/strong>\n        <\/p>\n<blockquote><p>\u00abBind 2 i en fantastisk 5-binds roman\u00bb<\/p><\/blockquote>\n<p>  <a href=\"https:\/\/www.dagbladet.no\/bok\/bokanmeldelser\" class=\"external-link\" rel=\"nofollow noopener\" target=\"_blank\">Se alle anmeldelser<\/a><\/p>\n<p>Bind 2 i den fantastiske 5-binds romanen som l\u00f8fter fram<br \/>\nmennesket Mussolini i all sin gru og stakkarslighet gjennom brutalitet og<br \/>\nmotgang, erotiske besettelser og slu politikk. Viktige begivenheter blir<br \/>\nskildret gjennom kl\u00f8ktige iscenesettelser.<\/p>\n<p>    <a itemprop=\"url\" href=\"https:\/\/www.dagbladet.no\/bok\/demokratiets-lynraske-kollaps\/82847166\" rel=\"nofollow noopener\" target=\"_blank\"><\/p>\n<p>        <img loading=\"lazy\" decoding=\"async\" src=\"https:\/\/www.europesays.com\/no\/wp-content\/uploads\/2025\/12\/82847207.webp\" width=\"980\" height=\"441\" title=\"Demokratiets lynraske kollaps\" alt=\"\" class=\"lazyload\" style=\"--aspect-ratio-image: 2.22; \"\/><\/p>\n<p>        Demokratiets lynraske kollaps<\/p>\n<p>    <\/a><\/p>\n<p>Bokanmelder Marius Wulfsbergs anbefalinger:<\/p>\n<p>      <img loading=\"lazy\" decoding=\"async\" src=\"https:\/\/www.europesays.com\/no\/wp-content\/uploads\/2025\/12\/83958828.webp\" width=\"265\" height=\"409\" title=\"\" alt=\"\" class=\"\" style=\"--aspect-ratio-image: 0.65; \"\/><\/p>\n<p>      Roman<\/p>\n<p>\n          Forlag:<\/p>\n<p>          <strong class=\"review-publisher\">Aschehoug<\/strong>\n        <\/p>\n<p>\n          Utgivelses\u00e5r:<\/p>\n<p>          <strong class=\"review-publish-date\">2025<\/strong>\n        <\/p>\n<blockquote><p>\u00abEn debut helt utenom det vanlige\u00bb<\/p><\/blockquote>\n<p>  <a href=\"https:\/\/www.dagbladet.no\/bok\/bokanmeldelser\" class=\"external-link\" rel=\"nofollow noopener\" target=\"_blank\">Se alle anmeldelser<\/a><\/p>\n<p>En gl\u00f8dende skildring av \u00e5 vokse opp i fattigdom, rus og hjeml\u00f8shet i et stadig rikere Norge. P\u00e5 samme tid en kaotisk selvbiografi og en reflektert studie av livet p\u00e5 bunnen av Oslo.\u00a0<\/p>\n<p>Maleren Torgersen har levert en r\u00e5 og energisk debut helt utenom det vanlige.<\/p>\n<p>    <a itemprop=\"url\" href=\"https:\/\/www.dagbladet.no\/bok\/fattig-full-og-hjemlos\/82881612\" rel=\"nofollow noopener\" target=\"_blank\"><\/p>\n<p>        <img loading=\"lazy\" decoding=\"async\" src=\"https:\/\/www.europesays.com\/no\/wp-content\/uploads\/2025\/12\/82881726.webp\" width=\"980\" height=\"441\" title=\"Fattig, full og hjeml\u00f8s\" alt=\"\" class=\"lazyload\" style=\"--aspect-ratio-image: 2.22; \"\/><\/p>\n<p>        Fattig, full og hjeml\u00f8s <\/p>\n<p>    <\/a><\/p>\n<p>      <img loading=\"lazy\" decoding=\"async\" src=\"https:\/\/www.europesays.com\/no\/wp-content\/uploads\/2025\/12\/83958825.webp\" width=\"265\" height=\"401\" title=\"\" alt=\"\" class=\"\" style=\"--aspect-ratio-image: 0.66; \"\/><\/p>\n<p>      Sakprosa<\/p>\n<p>\n          Forlag:<\/p>\n<p>          <strong class=\"review-publisher\">Press<\/strong>\n        <\/p>\n<p>\n          Utgivelses\u00e5r:<\/p>\n<p>          <strong class=\"review-publish-date\">2025<\/strong>\n        <\/p>\n<blockquote><p>\u00abEt referanseverk for alle som vil forst\u00e5\u00bb<\/p><\/blockquote>\n<p>  <a href=\"https:\/\/www.dagbladet.no\/bok\/bokanmeldelser\" class=\"external-link\" rel=\"nofollow noopener\" target=\"_blank\">Se alle anmeldelser<\/a><\/p>\n<p>Den f\u00f8rste brede framstillingen av Holocaust i Europa p\u00e5 norsk, er en bok av internasjonalt format.\u00a0<\/p>\n<p>Med utgangspunkt i \u00f8yenvitneskildringer, dagb\u00f8ker og memoarer gir Helland stemme til ofrene. Et referanseverk for alle som vil forst\u00e5 nazistenes fors\u00f8k p\u00e5 \u00e5 utslette de europeiske j\u00f8dene.<\/p>\n<p>    <a itemprop=\"url\" href=\"https:\/\/www.dagbladet.no\/bok\/storverk-om-holocaust\/83486348\" rel=\"nofollow noopener\" target=\"_blank\"><\/p>\n<p>        <img loading=\"lazy\" decoding=\"async\" src=\"https:\/\/www.europesays.com\/no\/wp-content\/uploads\/2025\/12\/83486877.webp\" width=\"980\" height=\"441\" title=\"Storverk om Holocaust\" alt=\"\" class=\"lazyload\" style=\"--aspect-ratio-image: 2.22; \"\/><\/p>\n<p>        Storverk om Holocaust<\/p>\n<p>    <\/a><\/p>\n<p>      <img loading=\"lazy\" decoding=\"async\" src=\"https:\/\/www.europesays.com\/no\/wp-content\/uploads\/2025\/12\/83958808.webp\" width=\"265\" height=\"422\" title=\"\" alt=\"\" class=\"\" style=\"--aspect-ratio-image: 0.63; \"\/><\/p>\n<p>      Roman<\/p>\n<p>\n          Forlag:<\/p>\n<p>          <strong class=\"review-publisher\">Oktober<\/strong>\n        <\/p>\n<p>\n          Utgivelses\u00e5r:<\/p>\n<p>          <strong class=\"review-publish-date\">2025<\/strong>\n        <\/p>\n<blockquote><p>\u00abVakkert, underfundig og skarpt\u00bb<\/p><\/blockquote>\n<p>  <a href=\"https:\/\/www.dagbladet.no\/bok\/bokanmeldelser\" class=\"external-link\" rel=\"nofollow noopener\" target=\"_blank\">Se alle anmeldelser<\/a><\/p>\n<p>V\u00e5r tids st\u00f8rste norske forfatter avslutter sitt forfatterskap med \u00e5 f\u00f8ye et fascinerende kapittel til sin selvbiografi. I en roman om sitt forhold til sin syke far og en dansk kommunist tar Solstad oss tilbake til oppveksten i Sandefjord.\u00a0<\/p>\n<p>S\u00e5 vakkert, underfundig og skarpt at man f\u00e5r lyst til \u00e5 lese hele forfatterskapet p\u00e5 nytt.<\/p>\n<p>    <a itemprop=\"url\" href=\"https:\/\/www.dagbladet.no\/bok\/dodens-ar\/83609826\" rel=\"nofollow noopener\" target=\"_blank\"><\/p>\n<p>        <img loading=\"lazy\" decoding=\"async\" src=\"https:\/\/www.europesays.com\/no\/wp-content\/uploads\/2025\/12\/83610155.webp\" width=\"980\" height=\"441\" title=\"D\u00f8dens \u00e5r\" alt=\"\" class=\"lazyload\" style=\"--aspect-ratio-image: 2.22; \"\/><\/p>\n<p>        D\u00f8dens \u00e5r<\/p>\n<p>    <\/a><\/p>\n<p> Bokanmelder Andreas Wieses anbefalinger: <\/p>\n<p>      <img loading=\"lazy\" decoding=\"async\" src=\"https:\/\/www.europesays.com\/no\/wp-content\/uploads\/2025\/12\/83961576.webp\" width=\"265\" height=\"414\" title=\"\" alt=\"\" class=\"\" style=\"--aspect-ratio-image: 0.64; \"\/><\/p>\n<p>      Sakprosa<\/p>\n<p>\n          Forlag:<\/p>\n<p>          <strong class=\"review-publisher\">Gyldendal<\/strong>\n        <\/p>\n<p>\n          Utgivelses\u00e5r:<\/p>\n<p>          <strong class=\"review-publish-date\">2025<\/strong>\n        <\/p>\n<blockquote><p>\u00abEn maktdemonstrasjon\u00bb<\/p><\/blockquote>\n<p>  <a href=\"https:\/\/www.dagbladet.no\/bok\/bokanmeldelser\" class=\"external-link\" rel=\"nofollow noopener\" target=\"_blank\">Se alle anmeldelser<\/a><\/p>\n<p class=\"font-weight-normal m-font-weight-normal\" data-lab-font_weight=\"font-weight-normal\">V\u00e5re norske vikingkonger er gjerne innhyllet i en slags<br \/>\ndobbel t\u00e5ke: Dels er det mye vi bare ikke vet om dem, dels er det vi tror vi vet<br \/>\nikke helt til \u00e5 stole p\u00e5.\u00a0<\/p>\n<p class=\"font-weight-normal m-font-weight-normal\" data-lab-font_weight=\"font-weight-normal\">Tore Skeie er historikeren som lykkes i \u00e5 vikle v\u00e5re<br \/>\nkonger ut av denne t\u00e5ka. I \u00e5r med boka om Harald Hardr\u00e5de, halvbroren til Olav<br \/>\nden Hellige, leiesoldaten fra Konstantinopel. Boka er en maktdemonstrasjon fra<br \/>\nSkeie. Det han lykkes med er \u00e5 kombinere historisk forskning med uanstrengt<br \/>\nfortellerkunst.\u00a0<\/p>\n<p class=\"font-weight-normal m-font-weight-normal\" data-lab-font_weight=\"font-weight-normal\">Advarsel: Dersom en historieinteressert leser begynner \u00e5 bla i<br \/>\ndenne boka i jula, m\u00e5 du regne med \u00e5 miste kontakten med vedkommende i et par<br \/>\ndager.<\/p>\n<p>    <a itemprop=\"url\" href=\"https:\/\/www.dagbladet.no\/bok\/en-maktdemonstrasjon\/83912864\" rel=\"nofollow noopener\" target=\"_blank\"><\/p>\n<p>        <img loading=\"lazy\" decoding=\"async\" src=\"https:\/\/www.europesays.com\/no\/wp-content\/uploads\/2025\/12\/1766001719_402_83913002.webp\" width=\"980\" height=\"441\" title=\"- En maktdemonstrasjon\" alt=\"\" class=\"lazyload\" style=\"--aspect-ratio-image: 2.22; \"\/><\/p>\n<p>        &#8211; En maktdemonstrasjon<\/p>\n<p>    <\/a><\/p>\n<p>      <img loading=\"lazy\" decoding=\"async\" src=\"https:\/\/www.europesays.com\/no\/wp-content\/uploads\/2025\/12\/83961816.webp\" width=\"265\" height=\"417\" title=\"\" alt=\"\" class=\"\" style=\"--aspect-ratio-image: 0.64; \"\/><\/p>\n<p>      Sakprosa<\/p>\n<p>\n          Forlag:<\/p>\n<p>          <strong class=\"review-publisher\">Cappelen Damm<\/strong>\n        <\/p>\n<p>\n          Utgivelses\u00e5r:<\/p>\n<p>          <strong class=\"review-publish-date\">2025<\/strong>\n        <\/p>\n<blockquote><p>\u00abEn glimrende penn\u00bb<\/p><\/blockquote>\n<p>  <a href=\"https:\/\/www.dagbladet.no\/bok\/bokanmeldelser\" class=\"external-link\" rel=\"nofollow noopener\" target=\"_blank\">Se alle anmeldelser<\/a><\/p>\n<p>Russland har angrepet Ukraina i det som er blitt en blodig<br \/>\nutmattelseskrig. Norge og v\u00e5re allierte st\u00f8tter Ukrainas forsvarskamp. Det er<br \/>\nvirkeligheten n\u00e5r \u00c5sne Seierstad klarer \u00e5 komme seg inn i Russland for \u00e5<br \/>\nfortelle oss historien om menneskene der.\u00a0<\/p>\n<p>Med en glimrende penn og en<br \/>\ninnlevelse like presis som usentimental klarer Seierstad \u00e5 skildre folket p\u00e5<br \/>\nden andre siden, enten de er demonstrantene, medl\u00f8perne eller overl\u00f8perne. Alle<br \/>\nsamler de arr i Putins krig.\u00a0<\/p>\n<p>Seierstad gj\u00f8r oss simpelthen klokere p\u00e5 det n\u00e6rmest<br \/>\nuforst\u00e5elige.<\/p>\n<p>    <a itemprop=\"url\" href=\"https:\/\/www.dagbladet.no\/bok\/blitt-mye-mer-brutalt\/83603718\" rel=\"nofollow noopener\" target=\"_blank\"><\/p>\n<p>        <img loading=\"lazy\" decoding=\"async\" src=\"https:\/\/www.europesays.com\/no\/wp-content\/uploads\/2025\/12\/83618800.webp\" width=\"980\" height=\"441\" title=\"- Blitt mye mer brutalt\" alt=\"\" class=\"lazyload\" style=\"--aspect-ratio-image: 2.22; \"\/><\/p>\n<p>        &#8211; Blitt mye mer brutalt<\/p>\n<p>    <\/a><\/p>\n<p>      <img loading=\"lazy\" decoding=\"async\" src=\"https:\/\/www.europesays.com\/no\/wp-content\/uploads\/2025\/12\/83961833.webp\" width=\"265\" height=\"422\" title=\"\" alt=\"\" class=\"\" style=\"--aspect-ratio-image: 0.63; \"\/><\/p>\n<p>      Sakprosa<\/p>\n<p>\n          Forlag:<\/p>\n<p>          <strong class=\"review-publisher\">Oktober<\/strong>\n        <\/p>\n<p>\n          Utgivelses\u00e5r:<\/p>\n<p>          <strong class=\"review-publish-date\">2025<\/strong>\n        <\/p>\n<blockquote><p>\u00abBefriende og faenivoldsk annerledes\u00bb<\/p><\/blockquote>\n<p>  <a href=\"https:\/\/www.dagbladet.no\/bok\/bokanmeldelser\" class=\"external-link\" rel=\"nofollow noopener\" target=\"_blank\">Se alle anmeldelser<\/a><\/p>\n<p>F\u00f8rst: Habiltetsvarsel. Marte Michelet og jeg var gode<br \/>\nkolleger i mange \u00e5r i Dagbladet. Uansett er jeg langt fra den eneste som<br \/>\nanbefaler boka hun har skrevet om sin far og forholdet til ham.\u00a0<\/p>\n<p>Det<br \/>\ner en bok som overrasker, nettopp fordi den den er s\u00e5 befriende og faenivoldsk<br \/>\nannerledes.\u00a0<\/p>\n<p>Forfatteren Jon Michelet var b\u00e5de machomann og karismatroll, og<br \/>\ndenne boka er s\u00e5r p\u00e5 en smart m\u00e5te, alvorlig morsom og like uventet i sitt grep<br \/>\nsom \u00e6rlig i sitt prosjekt. For \u00e5 si det slik: Du finner ikke bedre b\u00f8ker i<br \/>\nutlandet.<\/p>\n<p>    <a itemprop=\"url\" href=\"https:\/\/www.dagbladet.no\/bok\/hva-ville-marte-michelet-ha-gjort\/83715918\" rel=\"nofollow noopener\" target=\"_blank\"><\/p>\n<p>        <img loading=\"lazy\" decoding=\"async\" src=\"https:\/\/www.europesays.com\/no\/wp-content\/uploads\/2025\/12\/83716305.webp\" width=\"980\" height=\"441\" title=\"Dristig vandring\" alt=\"\" class=\"lazyload\" style=\"--aspect-ratio-image: 2.22; \"\/><\/p>\n<p>        Dristig vandring<\/p>\n<p>    <\/a><\/p>\n","protected":false},"excerpt":{"rendered":"Bokanmelder Cathrine Kr\u00f8gers anbefalinger:\u00a0 Forlag: Cappelen Damm Utgivelses\u00e5r: 2025 \u00abIntens smertefull lesning\u00bb Se alle anmeldelser \u00a0\u00abPepperspray, bla\u030amerker, sla\u030asskamp,&hellip;\n","protected":false},"author":2,"featured_media":115882,"comment_status":"","ping_status":"","sticky":false,"template":"","format":"standard","meta":{"footnotes":""},"categories":[58],"tags":[150,124,4763,4426,71,30,28,29,72],"class_list":{"0":"post-115881","1":"post","2":"type-post","3":"status-publish","4":"format-standard","5":"has-post-thumbnail","7":"category-underholdning","8":"tag-bok","9":"tag-bokanmeldelse","10":"tag-bokhosten-2025","11":"tag-bokmerker","12":"tag-entertainment","13":"tag-no","14":"tag-norge","15":"tag-norway","16":"tag-underholdning"},"share_on_mastodon":{"url":"","error":""},"_links":{"self":[{"href":"https:\/\/www.europesays.com\/no\/wp-json\/wp\/v2\/posts\/115881","targetHints":{"allow":["GET"]}}],"collection":[{"href":"https:\/\/www.europesays.com\/no\/wp-json\/wp\/v2\/posts"}],"about":[{"href":"https:\/\/www.europesays.com\/no\/wp-json\/wp\/v2\/types\/post"}],"author":[{"embeddable":true,"href":"https:\/\/www.europesays.com\/no\/wp-json\/wp\/v2\/users\/2"}],"replies":[{"embeddable":true,"href":"https:\/\/www.europesays.com\/no\/wp-json\/wp\/v2\/comments?post=115881"}],"version-history":[{"count":0,"href":"https:\/\/www.europesays.com\/no\/wp-json\/wp\/v2\/posts\/115881\/revisions"}],"wp:featuredmedia":[{"embeddable":true,"href":"https:\/\/www.europesays.com\/no\/wp-json\/wp\/v2\/media\/115882"}],"wp:attachment":[{"href":"https:\/\/www.europesays.com\/no\/wp-json\/wp\/v2\/media?parent=115881"}],"wp:term":[{"taxonomy":"category","embeddable":true,"href":"https:\/\/www.europesays.com\/no\/wp-json\/wp\/v2\/categories?post=115881"},{"taxonomy":"post_tag","embeddable":true,"href":"https:\/\/www.europesays.com\/no\/wp-json\/wp\/v2\/tags?post=115881"}],"curies":[{"name":"wp","href":"https:\/\/api.w.org\/{rel}","templated":true}]}}