{"id":115891,"date":"2025-12-17T20:17:09","date_gmt":"2025-12-17T20:17:09","guid":{"rendered":"https:\/\/www.europesays.com\/no\/115891\/"},"modified":"2025-12-17T20:17:09","modified_gmt":"2025-12-17T20:17:09","slug":"politi-laksevag-fem-patruljer-rykket-til-melding-om-slagsmal-meldt-om-rundt-ti-personer","status":"publish","type":"post","link":"https:\/\/www.europesays.com\/no\/115891\/","title":{"rendered":"Politi, Laksev\u00e5g | Fem patruljer rykket til melding om slagsm\u00e5l: \u2013 Meldt om rundt ti personer"},"content":{"rendered":"\n<p>Klokken 1951 fikk politiet en melding fra en person som fra avstand mente \u00e5 ha observert et slagsm\u00e5l med rundt ti involverte personer. <\/p>\n<p>If\u00f8lge operasjonsleder Frode Kolltveit i Vest politidistrikt skal observasjonen ha skjedd i n\u00e6rheten av Laksev\u00e5g Senter.<\/p>\n<p>Kolltveit forteller at hva som har skjedd forel\u00f8pig er uklart, men at det ikke skal v\u00e6re meldt om noen personskader.<\/p>\n<p>\u2013 Meldte om mulige v\u00e5pen<\/p>\n<p>\u2013 Det var snakk om mulig observasjon av en kniv og mulig observasjon av pistol, sier operasjonslederen. Men hvorvidt disse observasjonene stemmer, er ikke bekreftet.<\/p>\n<p>\u2013 De skal ha sloss midt i veien, men det var allerede opph\u00f8rt da vi var p\u00e5 vei. De hadde l\u00f8pt i alle retninger, men vi har i alle fall kontroll p\u00e5 \u00e9n person. Hva det f\u00f8rer til, vet vi ikke enn\u00e5, forklarer han til BA.<\/p>\n<p>Klokken 2036 melder politiet at ytterligere tre personer ble kontrollert, men dimittert.<\/p>\n<p>\u2013 Ukjent hvorvidt de tre var involvert i selve sl\u00e5ssingen, melder operasjonslederen.<\/p>\n<p>If\u00f8lge politiet har de ikke funnet noen kniv eller pistol.<\/p>\n<p>Politiet opplyser at de skal ha sendt ut fire patruljer til stedet, i tillegg til at en femte var i omr\u00e5det da meldingen kom.<\/p>\n<p>Disse var bev\u00e6pnet, melder Kolltveit.<\/p>\n<p>Kolltveit understreker at observasjonen det ble meldt om var gjort fra avstand, og at det er uklart hva som har funnet sted.<\/p>\n<p>BAs reporter p\u00e5 stedet ser i 2030-tiden flere politibiler patruljere omr\u00e5det.<\/p>\n<p>Saken oppdateres.<\/p>\n","protected":false},"excerpt":{"rendered":"Klokken 1951 fikk politiet en melding fra en person som fra avstand mente \u00e5 ha observert et slagsm\u00e5l&hellip;\n","protected":false},"author":2,"featured_media":115892,"comment_status":"","ping_status":"","sticky":false,"template":"","format":"standard","meta":{"footnotes":""},"categories":[10],"tags":[36,20,21,24,25,15,3042,22,23,13,30,28,29,447,14,16,254,1510,26,27],"class_list":{"0":"post-115891","1":"post","2":"type-post","3":"status-publish","4":"format-standard","5":"has-post-thumbnail","7":"category-norge","8":"tag-art","9":"tag-breaking-news","10":"tag-breakingnews","11":"tag-featured-news","12":"tag-featurednews","13":"tag-headlines","14":"tag-laksevag","15":"tag-latest-news","16":"tag-latestnews","17":"tag-news","18":"tag-no","19":"tag-norge","20":"tag-norway","21":"tag-nyhet","22":"tag-nyheter","23":"tag-overskrifter","24":"tag-politi","25":"tag-story","26":"tag-top-stories","27":"tag-topstories"},"share_on_mastodon":{"url":"https:\/\/pubeurope.com\/@no\/115736756393447129","error":""},"_links":{"self":[{"href":"https:\/\/www.europesays.com\/no\/wp-json\/wp\/v2\/posts\/115891","targetHints":{"allow":["GET"]}}],"collection":[{"href":"https:\/\/www.europesays.com\/no\/wp-json\/wp\/v2\/posts"}],"about":[{"href":"https:\/\/www.europesays.com\/no\/wp-json\/wp\/v2\/types\/post"}],"author":[{"embeddable":true,"href":"https:\/\/www.europesays.com\/no\/wp-json\/wp\/v2\/users\/2"}],"replies":[{"embeddable":true,"href":"https:\/\/www.europesays.com\/no\/wp-json\/wp\/v2\/comments?post=115891"}],"version-history":[{"count":0,"href":"https:\/\/www.europesays.com\/no\/wp-json\/wp\/v2\/posts\/115891\/revisions"}],"wp:featuredmedia":[{"embeddable":true,"href":"https:\/\/www.europesays.com\/no\/wp-json\/wp\/v2\/media\/115892"}],"wp:attachment":[{"href":"https:\/\/www.europesays.com\/no\/wp-json\/wp\/v2\/media?parent=115891"}],"wp:term":[{"taxonomy":"category","embeddable":true,"href":"https:\/\/www.europesays.com\/no\/wp-json\/wp\/v2\/categories?post=115891"},{"taxonomy":"post_tag","embeddable":true,"href":"https:\/\/www.europesays.com\/no\/wp-json\/wp\/v2\/tags?post=115891"}],"curies":[{"name":"wp","href":"https:\/\/api.w.org\/{rel}","templated":true}]}}