{"id":115895,"date":"2025-12-17T20:25:28","date_gmt":"2025-12-17T20:25:28","guid":{"rendered":"https:\/\/www.europesays.com\/no\/115895\/"},"modified":"2025-12-17T20:25:28","modified_gmt":"2025-12-17T20:25:28","slug":"tromso-kommune-kommunestyret-her-kan-du-folge-kommunestyremotet-direkte-nordlys","status":"publish","type":"post","link":"https:\/\/www.europesays.com\/no\/115895\/","title":{"rendered":"Troms\u00f8 kommune, Kommunestyret | Her kan du f\u00f8lge kommunestyrem\u00f8tet direkte &#8211; Nordlys"},"content":{"rendered":"<ol>\n<li><a href=\"https:\/\/news.google.com\/rss\/articles\/CBMihwFBVV95cUxNTG5Qa0JYNFBKMnpWaHdidkVpSzB4SGJDV0M1SXg5ZkZ3bzMzSmMwUFU1TnNwZVB6dzFoblVhMEluazBoaFVWNDh1U3lTWWZ0YkVzRXVzSHRrNDlwMU5QbDVjN0dFMVNOX3JCalZkdFdENVNuOXZfM2o2ZEtoS0M0V0VldHlEWFU?oc=5\" target=\"_blank\" rel=\"nofollow noopener\">Troms\u00f8 kommune, Kommunestyret | Her kan du f\u00f8lge kommunestyrem\u00f8tet direkte<\/a>&nbsp;&nbsp;Nordlys<\/li>\n<li><a href=\"https:\/\/news.google.com\/rss\/articles\/CBMijgFBVV95cUxPWnJ0ejVvS3VOSnlTSFhPWkU0d0RnTmp0TDJiVFZyUE9BNWF5NEIyWTh4b2duaEdGamFaUWVQYTdZVDlCc3MwaWdCSE5FMFFNZmtKX0lJVlptLU5BdVRjRlNCQ013ZkZVeEpjTkloa0ozWlVfd1R2WkZUMkhOYXJWTjdYUUlFOEJYbEpzNm13?oc=5\" target=\"_blank\" rel=\"nofollow noopener\">Onsdagens kommunestyrem\u00f8te<\/a>&nbsp;&nbsp;itromso.no<\/li>\n<li><a href=\"https:\/\/news.google.com\/rss\/articles\/CBMie0FVX3lxTE9VRzltQ0dIWk1ER2hDU252RnF5eGRFZGplZVJVajRiUWlVbzZDbTM2MVlKWWdKRzU4Ym04VUJERmMxZW5nMnAydWVJamFqOGhFanVTc1Fmc0xxUmxMWnRpaE5SQXZPRmlzUUdYQmQyTk55ZERrdWRnMXVGaw?oc=5\" target=\"_blank\" rel=\"nofollow noopener\">Politikk, Steinkjer | Kutt i eiendomsskatt og toppledelsen<\/a>&nbsp;&nbsp;Tr\u00f8nder-Avisa<\/li>\n<li><a href=\"https:\/\/news.google.com\/rss\/articles\/CBMilwFBVV95cUxQS2g0WUZsZ0x3RFRIeWpRSXBQa1k3eERKdU1zcDlPVFE2NFZrVWJfTE1xdXpDNEQzUm9jeXVvRERiU2F6TXhUcGVMUW9VNC1vWkl0QWpMbk5rX01ZcE1QSjNobU9ZZFJDbEJhY1Fkdkl4ejktZ1dRa2wzdl81Z2FHUDN4SjM4WmstNGNpckxyVkpZZGtzbm5V?oc=5\" target=\"_blank\" rel=\"nofollow noopener\">Kortet inn taletiden i kommune\u00adstyre\u00adm\u00f8tet<\/a>&nbsp;&nbsp;banett.no<\/li>\n<li><a href=\"https:\/\/news.google.com\/rss\/articles\/CBMie0FVX3lxTFBnamQzalEwS1BnVFlXaldqMXllUWsxMGo1UFJ3S0hqWGZmRXhmMUJFb2RFOW5HeG1ENHQ1SzAyaXZJVUpqV3FhdmtuQnlLdkVyWl9aQi0zbEpPUFRkbV95WE1aSEl1VW5FSkRBSVRKWnlBdXRLVUFBWGlNWQ?oc=5\" target=\"_blank\" rel=\"nofollow noopener\">Kommunestyrem\u00f8te og prisutdelinger<\/a>&nbsp;&nbsp;Troms\u00f8 kommune<\/li>\n<\/ol>\n","protected":false},"excerpt":{"rendered":"Troms\u00f8 kommune, Kommunestyret | Her kan du f\u00f8lge kommunestyrem\u00f8tet direkte&nbsp;&nbsp;Nordlys Onsdagens kommunestyrem\u00f8te&nbsp;&nbsp;itromso.no Politikk, Steinkjer | Kutt i eiendomsskatt&hellip;\n","protected":false},"author":2,"featured_media":2176,"comment_status":"","ping_status":"","sticky":false,"template":"","format":"standard","meta":{"footnotes":""},"categories":[10],"tags":[36,20,21,24,25,15,7573,22,23,13,30,28,29,14,16,41,1510,26,27,1424],"class_list":{"0":"post-115895","1":"post","2":"type-post","3":"status-publish","4":"format-standard","5":"has-post-thumbnail","7":"category-norge","8":"tag-art","9":"tag-breaking-news","10":"tag-breakingnews","11":"tag-featured-news","12":"tag-featurednews","13":"tag-headlines","14":"tag-kommunestyret","15":"tag-latest-news","16":"tag-latestnews","17":"tag-news","18":"tag-no","19":"tag-norge","20":"tag-norway","21":"tag-nyheter","22":"tag-overskrifter","23":"tag-politikk","24":"tag-story","25":"tag-top-stories","26":"tag-topstories","27":"tag-tromso-kommune"},"share_on_mastodon":{"url":"https:\/\/pubeurope.com\/@no\/115736787671164397","error":""},"_links":{"self":[{"href":"https:\/\/www.europesays.com\/no\/wp-json\/wp\/v2\/posts\/115895","targetHints":{"allow":["GET"]}}],"collection":[{"href":"https:\/\/www.europesays.com\/no\/wp-json\/wp\/v2\/posts"}],"about":[{"href":"https:\/\/www.europesays.com\/no\/wp-json\/wp\/v2\/types\/post"}],"author":[{"embeddable":true,"href":"https:\/\/www.europesays.com\/no\/wp-json\/wp\/v2\/users\/2"}],"replies":[{"embeddable":true,"href":"https:\/\/www.europesays.com\/no\/wp-json\/wp\/v2\/comments?post=115895"}],"version-history":[{"count":0,"href":"https:\/\/www.europesays.com\/no\/wp-json\/wp\/v2\/posts\/115895\/revisions"}],"wp:featuredmedia":[{"embeddable":true,"href":"https:\/\/www.europesays.com\/no\/wp-json\/wp\/v2\/media\/2176"}],"wp:attachment":[{"href":"https:\/\/www.europesays.com\/no\/wp-json\/wp\/v2\/media?parent=115895"}],"wp:term":[{"taxonomy":"category","embeddable":true,"href":"https:\/\/www.europesays.com\/no\/wp-json\/wp\/v2\/categories?post=115895"},{"taxonomy":"post_tag","embeddable":true,"href":"https:\/\/www.europesays.com\/no\/wp-json\/wp\/v2\/tags?post=115895"}],"curies":[{"name":"wp","href":"https:\/\/api.w.org\/{rel}","templated":true}]}}