{"id":115896,"date":"2025-12-17T20:26:25","date_gmt":"2025-12-17T20:26:25","guid":{"rendered":"https:\/\/www.europesays.com\/no\/115896\/"},"modified":"2025-12-17T20:26:25","modified_gmt":"2025-12-17T20:26:25","slug":"washington-koker-gar-mot-slutten","status":"publish","type":"post","link":"https:\/\/www.europesays.com\/no\/115896\/","title":{"rendered":"Washington koker: &#8211; G\u00e5r mot slutten"},"content":{"rendered":"<p>    Kort fortalt<\/p>\n<ul lang=\"nb-NO\">\n<li>Donald Trumps stabsjef, Susie Wiles, hevder at Trump har \u00aben alkoholikers personlighet\u00bb i et intervju med Vanity Fair.<\/li>\n<li>Utsagnet har skapt stor oppstandelse i Washington, og flere i Det hvite hus er demoraliserte.<\/li>\n<li>Trump forsvarer Wiles og sier at han ikke er forn\u00e6rmet, mens pressesekret\u00e6r Karoline Leavitt mener mediene har tatt sitatene ut av kontekst.<\/li>\n<li>Wiles kritiserer ogs\u00e5 andre sentrale personer, men beskriver intervjuet som et \u00abskjevt vinklet angrepsstykke\u00bb.<\/li>\n<\/ul>\n<p class=\"italic ai-disclaimer\" data-lab-italic=\"italic\">Sammendraget er laget av ChatGPT og godkjent av Dagbladet.<\/p>\n<p>      Vis mer<br \/>\n      Vis mindre<\/p>\n<p>I et intervju med <a href=\"https:\/\/www.vanityfair.com\/news\/story\/trump-susie-wiles-interview-exclusive-part-1\" rel=\"nofollow noopener\" target=\"_blank\">Vanity Fair<\/a> sier Donald Trumps stabssjef, Susie Wiles, at Trump har \u00aben alkoholikers personlighet\u00bb &#8211; til tross for at han aldri har drukket alkohol.<\/p>\n<p>    <a itemprop=\"url\" href=\"https:\/\/www.dagbladet.no\/nyheter\/trumps-stabssjef-en-alkoholikers-personlighet\/83993366\" rel=\"nofollow noopener\" target=\"_blank\"><\/p>\n<p>        <img loading=\"lazy\" decoding=\"async\" src=\"https:\/\/www.europesays.com\/no\/wp-content\/uploads\/2025\/12\/1766003181_96_83993800.webp\" width=\"147\" height=\"100\" title=\"Trumps stabssjef: - En alkoholikers personlighet\" alt=\"\" class=\"lazyload\" style=\"--aspect-ratio-image: 1.47; \"\/><\/p>\n<p>        Trumps stabssjef: &#8211; En alkoholikers personlighet<\/p>\n<p>    <\/a><\/p>\n<p> Utsagnet vekker oppsikt verden rundt, og har utl\u00f8st sterke reaksjoner i Washington. <\/p>\n<p> Donald Trump og flere i hans administrasjon har uttalt st\u00f8tte til Wiles og hevdet at uttalelsene hennes er tatt helt ut av sammenheng. <\/p>\n<p class=\"font-weight-bold m-font-weight-bold\" data-lab-font_weight=\"font-weight-bold\">Andre mener at uttalelsene tyder p\u00e5 at noe er p\u00e5 gang i Det hvite hus.<\/p>\n<p>        <img loading=\"lazy\" decoding=\"async\" src=\"https:\/\/www.europesays.com\/no\/wp-content\/uploads\/2025\/12\/1766003181_388_83997475.webp\" width=\"686\" height=\"467\" title=\"M\u00c5TTE G\u00c5: Anthony Scaramucci ble presset ut av Det hvite hus etter et skandaleintervju i 2017, og har siden v\u00e6rt en markant Donald Trump-kritiker. Foto: Pablo Martinez Monsivais \/ AP\" alt=\"\" class=\"\" style=\"--aspect-ratio-image: 1.47; \"\/><\/p>\n<p>\n        M\u00c5TTE G\u00c5: Anthony Scaramucci ble presset ut av Det hvite hus etter et skandaleintervju i 2017, og har siden v\u00e6rt en markant Donald Trump-kritiker. Foto: Pablo Martinez Monsivais \/ AP\n    <\/p>\n<p>Anthony Scaramucci, som ble sparket som Trumps pressesjef i 2017, er en av dem som mener at noe er i gj\u00e6re.<\/p>\n<p class=\"font-weight-bold m-font-weight-bold\" data-lab-font_weight=\"font-weight-bold\">&#8211; Trump-\u00e6raen g\u00e5r mot slutten. N\u00e5r topr\u00e5dgivere f\u00f8ler seg frimodige nok til \u00e5 snakke s\u00e5 \u00e5pent, er det noe i gj\u00e6re, skriver han p\u00e5 <a href=\"https:\/\/x.com\/Scaramucci\/status\/2000942553869480078\" rel=\"nofollow\">X<\/a>.<\/p>\n<p>Scaramucci <a href=\"https:\/\/www.dagbladet.no\/nyheter\/han-ble-sparket-etter-10-dager-men-hadde-store-planer-ville-lage-klagekasse-og-lodde-ut-presidenten\/68565214\" rel=\"nofollow noopener\" target=\"_blank\">mistet jobben etter bare ti dager<\/a>, etter et grovt og mye omtalt intervju med magasinet The New Yorker.\u00a0<\/p>\n<p>I intervjuet gikk han hardt ut mot egne kolleger i Trump-administrasjonen.<\/p>\n<blockquote class=\"twitter-tweet\">\n<p lang=\"en\" dir=\"ltr\">The Trump era is ending. When top advisors feel emboldened to speak so candidly, something\u2019s up. And I think the reaction to Rob Reiner, by all accounts a decent person with a troubled child from both the right and left is more than a surface crack.<a href=\"https:\/\/t.co\/5S4t5EBjWY\" rel=\"nofollow\">https:\/\/t.co\/5S4t5EBjWY<\/a><\/p>\n<p>\u2014 Anthony Scaramucci (@Scaramucci) <a href=\"https:\/\/twitter.com\/Scaramucci\/status\/2000942553869480078?ref_src=twsrc%5Etfw\" rel=\"nofollow noopener\" target=\"_blank\">December 16, 2025<\/a><\/p><\/blockquote>\n<p>Intens og impulsiv\t<\/p>\n<p> Forfatter og Vanity Fair-journalist Chris Whipple har intervjuet elleve personer i Trumps indre krets det siste \u00e5ret. Wiles er \u00e9n av dem. <\/p>\n<p>I intervjuet sier Wiles at Trump likner det hun kaller en \u00abh\u00f8ytfungerende alkoholiker\u00bb i m\u00e5ten personligheten hans er skrudd opp til maksimum.<\/p>\n<p> Hun forklarer vurderingen med egne erfaringer fra oppveksten med en alkoholisert far, og sier hun derfor kjenner igjen m\u00f8nsteret hos mennesker med store personligheter. <\/p>\n<p class=\"font-weight-bold m-font-weight-bold\" data-lab-font_weight=\"font-weight-bold\">&#8211; H\u00f8ytfungerende alkoholikere, eller alkoholikere generelt, f\u00e5r personlighetene sine forsterket n\u00e5r de drikker. Derfor er jeg litt av en ekspert p\u00e5 store personligheter, sier hun.<\/p>\n<p>        <img loading=\"lazy\" decoding=\"async\" src=\"https:\/\/www.europesays.com\/no\/wp-content\/uploads\/2025\/12\/1766003182_740_83997695.webp\" width=\"686\" height=\"460\" title=\"F\u00d8LGER MED: USAs president Donald Trump tar imot Israels statsminister Benjamin Netanyahu i Det hvite hus i Washington. Stabsjef Susie Wiles (t.h.) og nasjonal sikkerhetsr\u00e5dgiver Mike Waltz f\u00f8lger m\u00f8tet. Foto: Charpaud Christopher \/ ABACA \/ Shutterstock.\" alt=\"\" class=\"\" style=\"--aspect-ratio-image: 1.49; \"\/><\/p>\n<p>\n        F\u00d8LGER MED: USAs president Donald Trump tar imot Israels statsminister Benjamin Netanyahu i Det hvite hus i Washington. Stabsjef Susie Wiles (t.h.) og nasjonal sikkerhetsr\u00e5dgiver Mike Waltz f\u00f8lger m\u00f8tet. Foto: Charpaud Christopher \/ ABACA \/ Shutterstock.\n    <\/p>\n<p>En person med n\u00e6r tilknytning til Det hvite hus reagerer p\u00e5 uttalelsene.<\/p>\n<p>&#8211; Intervjuet er sv\u00e6rt demoraliserende, sier vedkommende til <a href=\"https:\/\/www.politico.com\/news\/2025\/12\/16\/why-vanity-fair-aides-and-allies-wonder-what-wiles-west-wing-were-thinking-extremely-demoralizing-republicans-respond-to-the-bombastic-wiles-interview-00693821\" rel=\"nofollow noopener\" target=\"_blank\">Politico<\/a>.<\/p>\n<p class=\"font-weight-bold m-font-weight-bold\" data-lab-font_weight=\"font-weight-bold\">&#8211; S\u00e5 langt \u2026 WTF, sier en annen kilde n\u00e6r Trump.<\/p>\n<p> En tredje kilde med b\u00e5nd til Det hvite hus sier at han har kjent Wiles i flere ti\u00e5r, og er overrasket over at hun valgte \u00e5 stille til intervju med Vanity Fair. <\/p>\n<p>&#8211; Dette er veldig, veldig rart, sier vedkommende.<\/p>\n<p>        <img loading=\"lazy\" decoding=\"async\" src=\"https:\/\/www.europesays.com\/no\/wp-content\/uploads\/2025\/12\/1766003183_562_83996096.webp\" width=\"980\" height=\"559\" title=\"P\u00c5 REKKE OG RAD: USAs forsvarsminister Pete Hegseth og Det hvite hus\u2019 stabssjef Susie Wiles under et m\u00f8te med president Donald Trump og Australias statsminister Anthony Albanese i Washington 20. oktober 2025. Foto: Evan Vucci \/ AP\" alt=\"\" class=\"\" style=\"--aspect-ratio-image: 1.75; \"\/><\/p>\n<p>\n        P\u00c5 REKKE OG RAD: USAs forsvarsminister Pete Hegseth og Det hvite hus\u2019 stabssjef Susie Wiles under et m\u00f8te med president Donald Trump og Australias statsminister Anthony Albanese i Washington 20. oktober 2025. Foto: Evan Vucci \/ AP\n    <\/p>\n<p>&#8211; Uredelig angrep\t<\/p>\n<p>Etter at intervjuet ble publisert, har Trump selv forsvart Wiles.\u00a0<\/p>\n<p>Til den amerikanske tabloidavisa <a href=\"https:\/\/nypost.com\/2025\/12\/16\/us-news\/trump-stands-by-chief-of-staff-susie-wiles-after-bombshell-vanity-fair-interviews-admits-he-has-alcoholics-personality\/\" rel=\"nofollow noopener\" target=\"_blank\">New York Post<\/a> sier han at han ikke er forn\u00e6rmet.<\/p>\n<p class=\"font-weight-bold m-font-weight-bold\" data-lab-font_weight=\"font-weight-bold\">&#8211; Jeg har sagt det mange ganger f\u00f8r: Jeg er heldig som ikke drikker, sier Trump, og gjentar at han har full tillit til Wiles.<\/p>\n<p>Flere fra Trumps administrasjon st\u00f8tter Wiles. If\u00f8lge <a href=\"https:\/\/www.thewrap.com\/susie-wiles-vanity-fair-trump-white-house\/\" rel=\"nofollow noopener\" target=\"_blank\">TheWrap<\/a> sier visepresident JD Vance &#8211; som hun i intervjuet omtaler som en konspirasjonsteoretiker &#8211; at hun er \u00ablojal og dyktig\u00bb.\u00a0<\/p>\n<p>        <img loading=\"lazy\" decoding=\"async\" src=\"https:\/\/www.europesays.com\/no\/wp-content\/uploads\/2025\/12\/1766003184_613_83901520.webp\" width=\"686\" height=\"460\" title=\"IKKE N\u00c5DIG: Donald Trumps pressesekret\u00e6r forsvarer sjefen etter Vanity Fair-intervjuet. Foto: Mandel Ngan \/ AFP\" alt=\"\" class=\"\" style=\"--aspect-ratio-image: 1.49; \"\/><\/p>\n<p>\n        IKKE N\u00c5DIG: Donald Trumps pressesekret\u00e6r forsvarer sjefen etter Vanity Fair-intervjuet. Foto: Mandel Ngan \/ AFP\n    <\/p>\n<p>Hyller Wiles\t<\/p>\n<p>Den republikanske toppolitikeren Steve Scalise er ikke n\u00e5dig mot m\u00e5ten Susie Wiles blir framstilt p\u00e5:<\/p>\n<p>&#8211; Nok et makkverk fra mainstreammediene, som har som m\u00e5l \u00e5 sverte president Trump ved \u00e5 angripe hans stjerneteam. Ikke tro p\u00e5 det. Susie Wiles er den hardest arbeidende personen i Washington, D.C., skriver han p\u00e5 <a href=\"https:\/\/x.com\/SteveScalise\/status\/2001052916740972702\" rel=\"nofollow\">X<\/a>.<\/p>\n<p>Trumps pressesekret\u00e6r Karoline Leavitt er enig.<\/p>\n<p>&#8211; Dette er dessverre nok et fors\u00f8k p\u00e5 \u00e5 lage falske nyheter fra en journalist som har opptr\u00e5dt u\u00e6rlig og tatt ordene ut av kontekst, tordner hun overfor <a href=\"https:\/\/www.foxnews.com\/media\/white-house-spox-leavitt-defends-susie-wiles-says-vanity-fair-interviewer-disingenuous-omitted-statement\" rel=\"nofollow noopener\" target=\"_blank\">Fox News<\/a>.<\/p>\n<p class=\"font-weight-bold m-font-weight-bold\" data-lab-font_weight=\"font-weight-bold\">&#8211; Journalisten utelot alt det positive Susie og teamet v\u00e5rt har sagt om presidenten og arbeidet i Det hvite hus, sier Leavitt, og omtaler Wiles som \u00abden beste stabssjefen i nasjonens historie\u00bb.<\/p>\n<p class=\"italic m-italic\" data-lab-italic=\"italic\">Vanity Fair har forel\u00f8pig ikke kommentert kritikken.<\/p>\n<p>        TIRADE: Donald Trump Jr. kom med tirade mot Ukraina og Europa, og sa president Trump kan stanse st\u00f8tten til Ukraina. Video: Reuters<\/p>\n<p>\u00abSkjevt vinklet angrepsstykke\u00bb\t<\/p>\n<p>Etter publiseringen av intervjuet har Wiles selv tatt til orde p\u00e5\u00a0<a href=\"https:\/\/x.com\/SusieWiles\/status\/2000943061627548148\" rel=\"nofollow\">X<\/a>, hvor hun beskriver det som et \u00abskjevt vinklet angrepsstykke\u00bb.<\/p>\n<blockquote class=\"twitter-tweet\">\n<p lang=\"en\" dir=\"ltr\">The article published early this morning is a disingenuously framed hit piece on me and the finest President, White House staff, and Cabinet in history. <\/p>\n<p>Significant context was disregarded and much of what I, and others, said about the team and the President was left out of the\u2026<\/p>\n<p>\u2014 Susie Wiles (@SusieWiles) <a href=\"https:\/\/twitter.com\/SusieWiles\/status\/2000943061627548148?ref_src=twsrc%5Etfw\" rel=\"nofollow noopener\" target=\"_blank\">December 16, 2025<\/a><\/p><\/blockquote>\n<p>Dette skriver hun:<\/p>\n<p>\u00abArtikkelen som ble publisert tidlig i morges, er et skjevt og misvisende angrep p\u00e5 meg, og p\u00e5 det jeg mener er den beste presidenten, stab og regjering i USAs historie.<\/p>\n<p>Viktig kontekst ble utelatt, og mye av det jeg og andre sa om presidenten og teamet v\u00e5rt, ble ikke tatt med i artikkelen. Etter \u00e5 ha lest den, virker det som hensikten var \u00e5 skape et bilde av kaos og negativitet rundt presidenten og arbeidet v\u00e5rt.<\/p>\n<p>Sannheten er at Trump-administrasjonen har f\u00e5tt til mer p\u00e5 elleve m\u00e5neder enn noen annen president har gjort p\u00e5 \u00e5tte \u00e5r. Det skyldes president Trumps lederskap og visjon, og jeg er stolt av \u00e5 ha jobbet for ham i snart ti \u00e5r.<\/p>\n<p>Ingen av disse angrepene vil hindre oss i \u00e5 fortsette arbeidet med \u00e5 gj\u00f8re Amerika stort igjen.\u00bb<\/p>\n<p>    <a itemprop=\"url\" href=\"https:\/\/www.dagbladet.no\/nyheter\/vekker-oppsikt-jeg-er-svaer\/83978337\" rel=\"nofollow noopener\" target=\"_blank\"><\/p>\n<p>        <img loading=\"lazy\" decoding=\"async\" src=\"https:\/\/www.europesays.com\/no\/wp-content\/uploads\/2025\/12\/1766003185_957_83978524.webp\" width=\"147\" height=\"98\" title=\"Vekker oppsikt: \u00abJeg er sv\u00e6r\u00bb\" alt=\"\" class=\"lazyload\" style=\"--aspect-ratio-image: 1.50; \"\/><\/p>\n<p>        Vekker oppsikt: \u00abJeg er sv\u00e6r\u00bb<\/p>\n<p>    <\/a><\/p>\n<p>Langer ut\t<\/p>\n<p>Vanity Fair-intervjuet handler ikke bare om Trump.\u00a0<\/p>\n<p>Blant annet kritiserer Wiles justisminister Pam Bondi for h\u00e5ndteringen av dokumentene i den mye omtalte Epstein-saken.\u00a0<\/p>\n<p>Etter intervjuet har ogs\u00e5 Bondi rykket ut p\u00e5 <a href=\"https:\/\/x.com\/AGPamBondi\" rel=\"nofollow\">X<\/a>, hvor hun skriver at Wiles er en n\u00e6r venn.<\/p>\n<p>&#8211; Min kj\u00e6re venn Susie Wiles kjemper hver dag for \u00e5 fremme president Trumps agenda \u2013 og hun gj\u00f8r det med verdighet, lojalitet og historisk effektivitet. Ethvert fors\u00f8k p\u00e5 \u00e5 splitte denne administrasjonen vil mislykkes. Ethvert fors\u00f8k p\u00e5 \u00e5 undergrave og bagatellisere president Trumps monumentale prestasjoner vil mislykkes, skriver hun.<\/p>\n<blockquote class=\"twitter-tweet\">\n<p lang=\"en\" dir=\"ltr\">My dear friend <a href=\"https:\/\/twitter.com\/SusieWiles?ref_src=twsrc%5Etfw\" rel=\"nofollow noopener\" target=\"_blank\">@SusieWiles<\/a> fights every day to advance President Trump\u2019s agenda \u2013 and she does so with grace, loyalty, and historic effectiveness.<\/p>\n<p>Any attempt to divide this administration will fail. <\/p>\n<p>Any attempt to undermine and downplay President Trump\u2019s monumental\u2026<\/p>\n<p>\u2014 Attorney General Pamela Bondi (@AGPamBondi) <a href=\"https:\/\/twitter.com\/AGPamBondi\/status\/2000991371952357796?ref_src=twsrc%5Etfw\" rel=\"nofollow noopener\" target=\"_blank\">December 16, 2025<\/a><\/p><\/blockquote>\n<p><script async src=\"https:\/\/platform.twitter.com\/widgets.js\" charset=\"utf-8\"><\/script><\/p>\n","protected":false},"excerpt":{"rendered":"Kort fortalt Donald Trumps stabsjef, Susie Wiles, hevder at Trump har \u00aben alkoholikers personlighet\u00bb i et intervju med&hellip;\n","protected":false},"author":2,"featured_media":115897,"comment_status":"","ping_status":"","sticky":false,"template":"","format":"standard","meta":{"footnotes":""},"categories":[5],"tags":[20,21,24,25,15,19,22,23,17,18,13,30,28,29,14,16,26,27,412],"class_list":{"0":"post-115896","1":"post","2":"type-post","3":"status-publish","4":"format-standard","5":"has-post-thumbnail","7":"category-overskrifter","8":"tag-breaking-news","9":"tag-breakingnews","10":"tag-featured-news","11":"tag-featurednews","12":"tag-headlines","13":"tag-hovedoppslag","14":"tag-latest-news","15":"tag-latestnews","16":"tag-main-news","17":"tag-mainnews","18":"tag-news","19":"tag-no","20":"tag-norge","21":"tag-norway","22":"tag-nyheter","23":"tag-overskrifter","24":"tag-top-stories","25":"tag-topstories","26":"tag-utenriks"},"share_on_mastodon":{"url":"https:\/\/pubeurope.com\/@no\/115736791496857065","error":""},"_links":{"self":[{"href":"https:\/\/www.europesays.com\/no\/wp-json\/wp\/v2\/posts\/115896","targetHints":{"allow":["GET"]}}],"collection":[{"href":"https:\/\/www.europesays.com\/no\/wp-json\/wp\/v2\/posts"}],"about":[{"href":"https:\/\/www.europesays.com\/no\/wp-json\/wp\/v2\/types\/post"}],"author":[{"embeddable":true,"href":"https:\/\/www.europesays.com\/no\/wp-json\/wp\/v2\/users\/2"}],"replies":[{"embeddable":true,"href":"https:\/\/www.europesays.com\/no\/wp-json\/wp\/v2\/comments?post=115896"}],"version-history":[{"count":0,"href":"https:\/\/www.europesays.com\/no\/wp-json\/wp\/v2\/posts\/115896\/revisions"}],"wp:featuredmedia":[{"embeddable":true,"href":"https:\/\/www.europesays.com\/no\/wp-json\/wp\/v2\/media\/115897"}],"wp:attachment":[{"href":"https:\/\/www.europesays.com\/no\/wp-json\/wp\/v2\/media?parent=115896"}],"wp:term":[{"taxonomy":"category","embeddable":true,"href":"https:\/\/www.europesays.com\/no\/wp-json\/wp\/v2\/categories?post=115896"},{"taxonomy":"post_tag","embeddable":true,"href":"https:\/\/www.europesays.com\/no\/wp-json\/wp\/v2\/tags?post=115896"}],"curies":[{"name":"wp","href":"https:\/\/api.w.org\/{rel}","templated":true}]}}