{"id":115904,"date":"2025-12-17T20:41:44","date_gmt":"2025-12-17T20:41:44","guid":{"rendered":"https:\/\/www.europesays.com\/no\/115904\/"},"modified":"2025-12-17T20:41:44","modified_gmt":"2025-12-17T20:41:44","slug":"sa-hoye-tall-at-du-nesten-ikke-tror-det","status":"publish","type":"post","link":"https:\/\/www.europesays.com\/no\/115904\/","title":{"rendered":"&#8211; S\u00e5 h\u00f8ye tall at du nesten ikke tror det"},"content":{"rendered":"<p class=\"kicker text-red color_mobile_text-red\" style=\"\">Den store bulkedagen:\u00a0<\/p>\n<p>  Forsikringsselskap forbereder seg p\u00e5 tre hektiske dager.<\/p>\n<p>\n    Ikke alle juletradisjoner er like gode. Pass ekstra p\u00e5 n\u00e5r du kj\u00f8rer p\u00e5 de verste bulkedagene mellom 18. og 20. desember. Frende Forsikring.\n  <\/p>\n<p>(Elbil24): Hvert eneste \u00e5r kommer det skremselspropaganda om \u00abden store<br \/>\nbulkedagen\u00bb i media, men n\u00e5 er situasjonen forverret betraktelig. For ikke bare<br \/>\nhar vi n\u00e5 f\u00e5tt \u00e9n stor bulkedag, ei heller to, men tre dager der vi dulter<br \/>\nborti hverandre som mest.<\/p>\n<p>Frende Forsikring melder nemlig at det i fjor var dagene<br \/>\n18., 19. og 20. desember som var de verste, og de var omtrent like ille alle<br \/>\ntre. <\/p>\n<p>&#8211; I l\u00f8pet av disse dagene krasjet nordmenn 6790 ganger, med en<br \/>\ntotalregning p\u00e5 s\u00e5 mye som 165 millioner kroner, forteller Roger Ytre-Hauge i<br \/>\nFrende Forsikring, som har hentet tallene fra Finans Norge. <\/p>\n<p>    <a itemprop=\"url\" href=\"https:\/\/www.elbil24.no\/nyheter\/ikke-stol-blindt-pa-sensorer\/83936898\" rel=\"nofollow noopener\" target=\"_blank\"><\/p>\n<p>        <img loading=\"lazy\" decoding=\"async\" src=\"https:\/\/www.europesays.com\/no\/wp-content\/uploads\/2025\/12\/83936925.webp\" width=\"980\" height=\"441\" title=\"Advarer: \u2013 Kan ikke bare stole p\u00e5 dem\" alt=\"\" class=\"lazyload\" style=\"--aspect-ratio-image: 2.22; \"\/><\/p>\n<p>        Advarer: \u2013 Kan ikke bare stole p\u00e5 dem<\/p>\n<p>    <\/a><\/p>\n<p>165 millioner\t<\/p>\n<p>En unders\u00f8kelse gjort for Frende Forsikring forteller at det<br \/>\ni stor grad er mindre uhell \u00e5 melde, men ogs\u00e5 der vi er borti andre biler \u2013 i st\u00f8rre<br \/>\neller mindre grad. P\u00e5 topplisten finner vi likevel \u00e5rsaker som at vi har kommet<br \/>\nborti en veikant, et gjerde, en s\u00f8ppeldunk, en mur, et postkassestativ og<br \/>\nlignende. <\/p>\n<p>Mest skremmende er det selvf\u00f8lgelig i de tilfellene der fotgjengere,<br \/>\nsyklister og sparkesyklister er involvert. <\/p>\n<p>De fleste kan sikkert relatere seg til at det p\u00e5 denne tiden<br \/>\nav \u00e5ret ofte er glatt eller m\u00f8rkt og v\u00e5tt, noe som begrenser sikten. Ytre-Hauge trekker ogs\u00e5 inn stress som en p\u00e5virkende faktor.\n<\/p>\n<p>Slik s\u00e5 statistikken ut for de tre heftige dagene i fjor: <\/p>\n<ul>\n<li class=\"lab-bodytext-line\">18. desember: 2.284 bilskader \u2013<br \/>\n55.971.000 kroner<\/li>\n<li class=\"lab-bodytext-line\">19. desember: 2.115 bilskader \u2013<br \/>\n52.269.000 kroner<\/li>\n<li class=\"lab-bodytext-line\">20. desember: 2.391 bilskader \u2013<br \/>\n57.664.000 kroner<\/li>\n<\/ul>\n<p>\u2013 Det er s\u00e5 h\u00f8ye tall p\u00e5 f\u00e5 dager at du nesten ikke forst\u00e5r det. I snitt kostet hver ulykke nesten 24\u202f500 kroner, sier fagsjefen i Frende.\u00a0<\/p>\n<p>    <a itemprop=\"url\" href=\"https:\/\/www.elbil24.no\/nyheter\/advarer-mange-er-ikke-klar-over-risikoen\/83989310\" rel=\"nofollow noopener\" target=\"_blank\"><\/p>\n<p>        <img loading=\"lazy\" decoding=\"async\" src=\"https:\/\/www.europesays.com\/no\/wp-content\/uploads\/2025\/12\/83990051.webp\" width=\"980\" height=\"441\" title=\"Advarer: - Mange er ikke klar over risikoen\" alt=\"\" class=\"lazyload\" style=\"--aspect-ratio-image: 2.22; \"\/><\/p>\n<p>        Advarer: &#8211; Mange er ikke klar over risikoen<\/p>\n<p>    <\/a><\/p>\n<p>&#8211; Det sier meg en ting, at her er det mange som har v\u00e6rt stresset<br \/>\nog hatt tankene helt andre steder enn p\u00e5 veien, sier han, men trekker ogs\u00e5 inn<br \/>\nat det er blitt langt dyrere \u00e5 reparere bilene. Som eksempel nevner han at en<br \/>\nfrontlykt p\u00e5 biler for ti \u00e5r siden kunne koste 10.000 kroner \u00e5 bytte. N\u00e5 kan<br \/>\nden like gjerne koste 40-50.000 kroner p\u00e5 en nyere bil, sier Ytre-Hauge.<\/p>\n<p>Etter hvert som enhver bil ogs\u00e5 har f\u00e5tt et teknisk panel i<br \/>\nfronten som huser b\u00e5de radarer, lidarer og kameraer, s\u00e5 blir ikke kostnaden noe<br \/>\nmindre. En frontskade kan fort komme opp i 80-100.000 kroner, bare fordi man er<br \/>\nlitt stresset. <\/p>\n<p>        <img loading=\"lazy\" decoding=\"async\" src=\"https:\/\/www.europesays.com\/no\/wp-content\/uploads\/2025\/12\/83995614.webp\" width=\"980\" height=\"559\" title=\"IKKE STRESS: Stressfaktoren er en av \u00e5rsakene til at mange er uheldig i perioden f\u00f8r jul, mener Roger Ytre-Hauge i Frende Forsikring.\" alt=\"\" class=\"\" style=\"--aspect-ratio-image: 1.75; \"\/><\/p>\n<p>\n        IKKE STRESS: Stressfaktoren er en av \u00e5rsakene til at mange er uheldig i perioden f\u00f8r jul, mener Roger Ytre-Hauge i Frende Forsikring.\n    <\/p>\n<p>Et spleiselag<\/p>\n<p>En annen faktor er at disse tre dagene kommer med en kostnad.<br \/>\nIkke bare for de involverte, men for hele spleiselaget, som forsikringer<br \/>\nstrengt tatt er. Premiene m\u00e5 \u00f8kes for \u00e5 dekke utgiftene, og vi er alle med p\u00e5 \u00e5<br \/>\nbetale for de 165 millionene disse tre dagene i fjor\u00e5ret kostet. <\/p>\n<p>N\u00e5 gjenst\u00e5r det bare \u00e5 se hva \u00e5rets julehandel kommer til \u00e5<br \/>\nkoste, for bulkedagens tid er ikke over. <\/p>\n<p>Men vil vi lande p\u00e5 tre dager, to dager, eller kan vi igjen n\u00f8ye oss med bare \u00e9n?<\/p>\n","protected":false},"excerpt":{"rendered":"Den store bulkedagen:\u00a0 Forsikringsselskap forbereder seg p\u00e5 tre hektiske dager. Ikke alle juletradisjoner er like gode. Pass ekstra&hellip;\n","protected":false},"author":2,"featured_media":115905,"comment_status":"","ping_status":"","sticky":false,"template":"","format":"standard","meta":{"footnotes":""},"categories":[5],"tags":[20,21,14015,267,24,25,8077,15,19,22,23,17,18,13,30,28,29,14,16,26,27],"class_list":{"0":"post-115904","1":"post","2":"type-post","3":"status-publish","4":"format-standard","5":"has-post-thumbnail","7":"category-overskrifter","8":"tag-breaking-news","9":"tag-breakingnews","10":"tag-bulkedagen","11":"tag-elbil","12":"tag-featured-news","13":"tag-featurednews","14":"tag-frende-forsikring","15":"tag-headlines","16":"tag-hovedoppslag","17":"tag-latest-news","18":"tag-latestnews","19":"tag-main-news","20":"tag-mainnews","21":"tag-news","22":"tag-no","23":"tag-norge","24":"tag-norway","25":"tag-nyheter","26":"tag-overskrifter","27":"tag-top-stories","28":"tag-topstories"},"share_on_mastodon":{"url":"https:\/\/pubeurope.com\/@no\/115736850442827094","error":""},"_links":{"self":[{"href":"https:\/\/www.europesays.com\/no\/wp-json\/wp\/v2\/posts\/115904","targetHints":{"allow":["GET"]}}],"collection":[{"href":"https:\/\/www.europesays.com\/no\/wp-json\/wp\/v2\/posts"}],"about":[{"href":"https:\/\/www.europesays.com\/no\/wp-json\/wp\/v2\/types\/post"}],"author":[{"embeddable":true,"href":"https:\/\/www.europesays.com\/no\/wp-json\/wp\/v2\/users\/2"}],"replies":[{"embeddable":true,"href":"https:\/\/www.europesays.com\/no\/wp-json\/wp\/v2\/comments?post=115904"}],"version-history":[{"count":0,"href":"https:\/\/www.europesays.com\/no\/wp-json\/wp\/v2\/posts\/115904\/revisions"}],"wp:featuredmedia":[{"embeddable":true,"href":"https:\/\/www.europesays.com\/no\/wp-json\/wp\/v2\/media\/115905"}],"wp:attachment":[{"href":"https:\/\/www.europesays.com\/no\/wp-json\/wp\/v2\/media?parent=115904"}],"wp:term":[{"taxonomy":"category","embeddable":true,"href":"https:\/\/www.europesays.com\/no\/wp-json\/wp\/v2\/categories?post=115904"},{"taxonomy":"post_tag","embeddable":true,"href":"https:\/\/www.europesays.com\/no\/wp-json\/wp\/v2\/tags?post=115904"}],"curies":[{"name":"wp","href":"https:\/\/api.w.org\/{rel}","templated":true}]}}