{"id":115907,"date":"2025-12-17T20:47:22","date_gmt":"2025-12-17T20:47:22","guid":{"rendered":"https:\/\/www.europesays.com\/no\/115907\/"},"modified":"2025-12-17T20:47:22","modified_gmt":"2025-12-17T20:47:22","slug":"orkland-kvinne-bistandsadvokat-frigir-navn-pa-kvinnen-som-ble-funnet-drept-i-orkland","status":"publish","type":"post","link":"https:\/\/www.europesays.com\/no\/115907\/","title":{"rendered":"Orkland, Kvinne | Bistandsadvokat frigir navn p\u00e5 kvinnen som ble funnet drept i Orkland"},"content":{"rendered":"\n<p>\u2013 Marita var en fantastisk mor, s\u00f8ster, datter og venn. Hun ga alltid alt for dem og det hun brydde seg om. De etterlatte beskriver henne som unik, sv\u00e6rt sterk og utrolig omsorgsfull, skriver familiens bistandsadvokat, Laila Afelad, p\u00e5 vegne av Haugens etterlatte til <a href=\"https:\/\/www.tv2.no\/nyheter\/marita-35-drept-i-orkland-en-fantastisk-mor\/18386227\/\" rel=\"nofollow noopener\" target=\"_blank\">TV 2<\/a>.<\/p>\n<p>Det var l\u00f8rdag at Haugen ble funnet drept. Den siktede J\u00f8rn Andersen ble p\u00e5grepet i en bolig i n\u00e6rheten kort tid etter.<\/p>\n<p><b>Les ogs\u00e5: <a href=\"https:\/\/www.nettavisen.no\/okonomi\/kiwi-rema-extra-priskrig-pa-ribbe-og-pinnekjott\/s\/5-95-2785421\" rel=\"Follow nofollow noopener\" target=\"_blank\">Kiwi, Rema, Extra: Priskrig p\u00e5 ribbe og pinnekj\u00f8tt<\/a><\/b><\/p>\n<p>Den siktede J\u00f8rn Andersen het tidligere J\u00f8rn-Are Andersen S\u00e6le. Han ble i 2000 d\u00f8mt til 15 \u00e5rs fengsel for drapet p\u00e5 ekskj\u00e6resten Linn Charlotte Nesblom (16) i Mel\u00f8y i Nordland. <\/p>\n<p>NTB har fors\u00f8kt \u00e5 komme i kontakt med bistandsadvokaten onsdag ettermiddag, men har ikke f\u00e5tt svar.<\/p>\n<p>(\u00a9NTB)<\/p>\n","protected":false},"excerpt":{"rendered":"\u2013 Marita var en fantastisk mor, s\u00f8ster, datter og venn. Hun ga alltid alt for dem og det&hellip;\n","protected":false},"author":2,"featured_media":3844,"comment_status":"","ping_status":"","sticky":false,"template":"","format":"standard","meta":{"footnotes":""},"categories":[10],"tags":[20,21,24,25,15,22,23,13,30,28,29,14,16,26,27],"class_list":{"0":"post-115907","1":"post","2":"type-post","3":"status-publish","4":"format-standard","5":"has-post-thumbnail","7":"category-norge","8":"tag-breaking-news","9":"tag-breakingnews","10":"tag-featured-news","11":"tag-featurednews","12":"tag-headlines","13":"tag-latest-news","14":"tag-latestnews","15":"tag-news","16":"tag-no","17":"tag-norge","18":"tag-norway","19":"tag-nyheter","20":"tag-overskrifter","21":"tag-top-stories","22":"tag-topstories"},"share_on_mastodon":{"url":"https:\/\/pubeurope.com\/@no\/115736873786686480","error":""},"_links":{"self":[{"href":"https:\/\/www.europesays.com\/no\/wp-json\/wp\/v2\/posts\/115907","targetHints":{"allow":["GET"]}}],"collection":[{"href":"https:\/\/www.europesays.com\/no\/wp-json\/wp\/v2\/posts"}],"about":[{"href":"https:\/\/www.europesays.com\/no\/wp-json\/wp\/v2\/types\/post"}],"author":[{"embeddable":true,"href":"https:\/\/www.europesays.com\/no\/wp-json\/wp\/v2\/users\/2"}],"replies":[{"embeddable":true,"href":"https:\/\/www.europesays.com\/no\/wp-json\/wp\/v2\/comments?post=115907"}],"version-history":[{"count":0,"href":"https:\/\/www.europesays.com\/no\/wp-json\/wp\/v2\/posts\/115907\/revisions"}],"wp:featuredmedia":[{"embeddable":true,"href":"https:\/\/www.europesays.com\/no\/wp-json\/wp\/v2\/media\/3844"}],"wp:attachment":[{"href":"https:\/\/www.europesays.com\/no\/wp-json\/wp\/v2\/media?parent=115907"}],"wp:term":[{"taxonomy":"category","embeddable":true,"href":"https:\/\/www.europesays.com\/no\/wp-json\/wp\/v2\/categories?post=115907"},{"taxonomy":"post_tag","embeddable":true,"href":"https:\/\/www.europesays.com\/no\/wp-json\/wp\/v2\/tags?post=115907"}],"curies":[{"name":"wp","href":"https:\/\/api.w.org\/{rel}","templated":true}]}}