{"id":115912,"date":"2025-12-17T20:55:40","date_gmt":"2025-12-17T20:55:40","guid":{"rendered":"https:\/\/www.europesays.com\/no\/115912\/"},"modified":"2025-12-17T20:55:40","modified_gmt":"2025-12-17T20:55:40","slug":"helse-more-og-romsdal-ma-kutte-410-millionar","status":"publish","type":"post","link":"https:\/\/www.europesays.com\/no\/115912\/","title":{"rendered":"Helse M\u00f8re og Romsdal m\u00e5 kutte 410 millionar"},"content":{"rendered":"<p>Det var ikkje julestemning p\u00e5 det siste styrem\u00f8tet i 2025, som gjekk f\u00f8re seg p\u00e5 sjukehuset i \u00c5lesund onsdag.<\/p>\n<p>Rundt styrebordet til Helse M\u00f8re og Romdal sat seks representantar og ein direkt\u00f8r. Rett etter lunsj godkjende dei <a href=\"https:\/\/www.nrk.no\/mr\/helse-more-og-romsdal-ma-kutte-410-millionar-i-2026-1.17691010\" ec-id=\"pp:article:1.17691010\" ec-name=\"kutta p\u00e5 410 millionar for \u00e5 f\u00e5 neste \u00e5rs budsjett i balanse.\" rel=\"nofollow noopener\" target=\"_blank\">kutta p\u00e5 410 millionar for \u00e5 f\u00e5 neste \u00e5rs budsjett i balanse.<\/a><\/p>\n<p><strong>Det skal i hovudsak skje gjennom l\u00e5gare l\u00f8nnsskostander, f\u00e6rre tilsette, redusert bruk av vikarar og overtid og dessutan strammare drift i klinikkane.<\/strong>\n<\/p>\n<p><img decoding=\"async\"   src=\"data:image\/gif;base64,R0lGODlhAQABAIAAAAAAAP\/\/\/yH5BAEAAAAALAAAAAABAAEAAAIBRAA7\" loading=\"eager\" alt=\"Tre personer sitter samlet i et m\u00f8terom. En kvinne med oppsatt h\u00e5r og en lys genser er synlig i forgrunnen. To menn snur hodene mot h\u00f8yre, den ene i en beige jakke, mens den andre kan sees delvis i bakgrunnen. Omgivelsene er enkle med lyse vegger og et kunstverk i bakgrunnen. (Bildebeskrivelsen er laget av en KI-tjeneste)\" title=\"Foto: Frederik Winness Ringnes \/ NRK\"\/><\/p>\n<p class=\"\">Tilsettrepresentant Torgeir Sand Aas.<\/p>\n<p>Foto: Frederik Winness Ringnes \/ NRK<\/p>\n<p>Tilsett-representant Torgeir Sand Aas seier han saknar meir fokus p\u00e5 konsekvensar av dei planlagde kutta i 2026.<\/p>\n<p><strong>\u2013 Oppg\u00e5va er enorm og ser ut for \u00e5 bli verre m\u00e5nad for m\u00e5nad, sa han i styrem\u00f8tet onsdag ettermiddag.<\/strong><\/p>\n<p>Aas seier administrasjonen har mest fokus p\u00e5 kva som skal gjerast, og ikkje p\u00e5 kva for konsekvensar dette f\u00e5r for pasientane. Saman med dei to andre tilsett-representantane stemte han likevel for budsjettet.<\/p>\n<p>\u2013 Har ikkje noko val, ramma er det den er, seier Kjetil Bj\u00f8rdal, som ogs\u00e5 er tilsett-representant om vedtaket blei samr\u00f8ystes vedtatt.<\/p>\n<p>\u2013 Bekymringa er mest i kor stor grad eit s\u00e5 stort kutt vil medf\u00f8re konsekvesnar for pasientar og tilsette. At vi m\u00e5 kutte reelle tilbod til paseintar og seie opp tilsette, seier han.\n<\/p>\n<p><img decoding=\"async\"   src=\"data:image\/gif;base64,R0lGODlhAQABAIAAAAAAAP\/\/\/yH5BAEAAAAALAAAAAABAAEAAAIBRAA7\" loading=\"eager\" alt=\"M\u00f8tet finner sted i et rom med flere deltakere rundt et langbord. En person st\u00e5r foran, presenterer informasjon p\u00e5 to storskjermene. Deltakerne bruker b\u00e6rbare datamaskiner og notater. Rommet har store vinduer som slipper inn dagslys, og det er en juletregren i forgrunnen. (Bildebeskrivelsen er laget av en KI-tjeneste)B\" title=\"Foto: Frederik Winness Ringnes \/ NRK\"\/><\/p>\n<p class=\"\">Dystre \u00f8konomi-utsikter p\u00e5 det siste styrem\u00f8tet i Helse M\u00f8re og Romsdal i 2025.<\/p>\n<p>Foto: Frederik Winness Ringnes \/ NRK<\/p>\n<p>Skal spare ein milliard<\/p>\n<p>Rekneskapstala for Helse M\u00f8re og Romsdal er blodraude. <a href=\"https:\/\/www.nrk.no\/mr\/helse-more-og-romsdal-skal-omstille-275-arsverk-i-2026-_-tore-schytte-i-fagforbundet-er-skeptisk-1.17620381\" ec-id=\"pp:article:1.17620381\" ec-name=\"I l\u00f8pet av dei neste tre \u00e5ra skal det sparast inn nesten ein milliard\" rel=\"nofollow noopener\" target=\"_blank\">I l\u00f8pet av dei neste tre \u00e5ra skal det sparast inn nesten ein milliard<\/a>.<\/p>\n<p>I innstillinga fr\u00e5 administrasjonen heiter det at dette er det mest krevande budsjettet i helsef\u00f8retaket si historie.<\/p>\n<p><strong>\u2013 Det er sv\u00e6rt f\u00e5 helseforetak i dette landet som har tilsvarande utfordringar, seier styreleiar Herlof Nilssen.<\/strong><\/p>\n<p><strong>\u2013 Men korleis kan de vedta slike kutt?<\/strong><\/p>\n<p><strong>\u2013 Vi har eigentleg ikkje noko val, vi skal drive innanfor dei rammene vi har, seier han og viser til dei \u00f8konomiske rammene som helsef\u00f8retaket har.<\/strong><\/p>\n<p><img decoding=\"async\"   src=\"data:image\/gif;base64,R0lGODlhAQABAIAAAAAAAP\/\/\/yH5BAEAAAAALAAAAAABAAEAAAIBRAA7\" loading=\"eager\" alt=\"Bildet viser en gruppe mennesker i et m\u00f8terom. En mann i dress sitter ved et bord og deltar i diskusjonen. Andre personer er synlige i bakgrunnen, men deres ansikter er delvis skjult. Omgivelsene fremst\u00e5r som en typisk kontorinnstilling med minimalistisk interi\u00f8r. (Bildebeskrivelsen er laget av en KI-tjeneste)\" title=\"Foto: Frederik Winness Ringnes \/ NRK\"\/><\/p>\n<p class=\"\">Styreleiar Herlof Nilssen seier det er eit sv\u00e6rt krevande budsjett.<\/p>\n<p>Foto: Frederik Winness Ringnes \/ NRK<\/p>\n<p>Sjanse for \u00e5 ikkje komme i m\u00e5l<\/p>\n<p><strong>Dei planlagde kutta p\u00e5 410 millionar i 2026 tilsvarar nesten 300 \u00e5rsverk, men m\u00e5let er \u00e5 klare kutta utan oppseiingar.<\/strong><\/p>\n<p>Avdelingane har sj\u00f8lv f\u00e5tt jobben med \u00e5 peike p\u00e5 kvar dei skal kutte.<\/p>\n<p>Samtidig manglar det framleis konkrete tiltak for ein stor del av innsparingane, og styret \u00e5tvarar om h\u00f8g risiko for at meir omfattande grep kan bli n\u00f8dvendige dersom m\u00e5la ikkje blir n\u00e5dde.<\/p>\n<p><strong>Det st\u00e5r ogs\u00e5 i styrevedtaket at det er stor sjanse for at ein ikkje klarer \u00e5 komme i m\u00e5l med dei planlagde sparetiltaka.<\/strong><\/p>\n<p>Styreleiar Herlof Nilssen seier det eventuelt vil f\u00f8re til at innsparinga \u00e5ret etter blir tilsvarande st\u00f8rre.<\/p>\n<p>10. desember var det dr\u00f8ftingsm\u00f8te mellom Helse M\u00f8re og Romsdal og f\u00f8retakstillitsvalde fr\u00e5 organisasjonane.<\/p>\n<p>Den resulterte i ein kritisk dr\u00f8ftingsprotokoll:<\/p>\n<p><strong>\u2013 Fleire klinikkar har per i dag utfordringar knytte til marginal bemanning, stor aktivitet og h\u00f8gt pasientbelegg. Vi fryktar at nedtak av \u00e5rsverk kan medf\u00f8re auka arbeidsbelastning viss resultatet blir eit misforhold mellom oppg\u00e5ver og ressursar, skriv dei tillitsvalde.<\/strong><\/p>\n<p>P\u00e5 m\u00f8tet onsdag kom det fram at sjukefr\u00e5veret er p\u00e5 nesten 10 prosent i november, og aller h\u00f8gst var det p\u00e5 Sjukehuset Nordm\u00f8re og Romsdal, med 11,8 prosent.<\/p>\n<p>Problem i k\u00f8<\/p>\n<p>Det er den utskjelte <a href=\"https:\/\/www.nrk.no\/mr\/helseplattforma-har-kosta-helse-more-og-romsdal-naerare-350-millionar-kroner-1.17042462\" ec-id=\"pp:article:1.17042462\" ec-name=\"Helseplattformen som f\u00e5r deler av skulda for at \u00f8konomien no er s\u00e5 anstrengt.\" rel=\"nofollow noopener\" target=\"_blank\">Helseplattformen som f\u00e5r deler av skulda for at \u00f8konomien no er s\u00e5 anstrengt.<\/a><\/p>\n<p>Den har kosta mange milliardar kroner og har f\u00e5tt hard kritikk.<\/p>\n<p><a href=\"https:\/\/www.nrk.no\/mr\/den-bitre-striden-for-det-nye-fellessjukehuset-for-nordmore-og-romsdal_-snr_-stod-ferdig-1.17439969\" ec-id=\"pp:article:1.17439969\" ec-name=\"Utgiftene til det nye sjukehuset p\u00e5 Hjelset ser ein ogs\u00e5 igjen i rekneskapen.\" rel=\"nofollow noopener\" target=\"_blank\">Utgiftene til det nye sjukehuset p\u00e5 Hjelset ser ein ogs\u00e5 igjen i rekneskapen.<\/a><\/p>\n<p>Det er administrerande direkt\u00f8r L\u00f8demel som har <a href=\"https:\/\/www.nrk.no\/mr\/helse-more-og-romsdal-ma-kutte-410-millionar-i-2026-1.17691010\" ec-id=\"pp:article:1.17691010\" ec-name=\"lagt fram forslaget om \u00f8konomiske kutt p\u00e5 410 millionar i 2026.\" rel=\"nofollow noopener\" target=\"_blank\">lagt fram forslaget om \u00f8konomiske kutt p\u00e5 410 millionar i 2026.<\/a><\/p>\n<p>Publisert<\/p>\n<p>17.12.2025, kl. 14.14<\/p>\n<p>Oppdatert<\/p>\n<p>17.12.2025, kl. 15.45<\/p>\n","protected":false},"excerpt":{"rendered":"Det var ikkje julestemning p\u00e5 det siste styrem\u00f8tet i 2025, som gjekk f\u00f8re seg p\u00e5 sjukehuset i \u00c5lesund&hellip;\n","protected":false},"author":2,"featured_media":115913,"comment_status":"","ping_status":"","sticky":false,"template":"","format":"standard","meta":{"footnotes":""},"categories":[5],"tags":[20,21,24,25,15,19,22,23,17,18,13,30,28,29,14,16,26,27],"class_list":{"0":"post-115912","1":"post","2":"type-post","3":"status-publish","4":"format-standard","5":"has-post-thumbnail","7":"category-overskrifter","8":"tag-breaking-news","9":"tag-breakingnews","10":"tag-featured-news","11":"tag-featurednews","12":"tag-headlines","13":"tag-hovedoppslag","14":"tag-latest-news","15":"tag-latestnews","16":"tag-main-news","17":"tag-mainnews","18":"tag-news","19":"tag-no","20":"tag-norge","21":"tag-norway","22":"tag-nyheter","23":"tag-overskrifter","24":"tag-top-stories","25":"tag-topstories"},"share_on_mastodon":{"url":"https:\/\/pubeurope.com\/@no\/115736905152425115","error":""},"_links":{"self":[{"href":"https:\/\/www.europesays.com\/no\/wp-json\/wp\/v2\/posts\/115912","targetHints":{"allow":["GET"]}}],"collection":[{"href":"https:\/\/www.europesays.com\/no\/wp-json\/wp\/v2\/posts"}],"about":[{"href":"https:\/\/www.europesays.com\/no\/wp-json\/wp\/v2\/types\/post"}],"author":[{"embeddable":true,"href":"https:\/\/www.europesays.com\/no\/wp-json\/wp\/v2\/users\/2"}],"replies":[{"embeddable":true,"href":"https:\/\/www.europesays.com\/no\/wp-json\/wp\/v2\/comments?post=115912"}],"version-history":[{"count":0,"href":"https:\/\/www.europesays.com\/no\/wp-json\/wp\/v2\/posts\/115912\/revisions"}],"wp:featuredmedia":[{"embeddable":true,"href":"https:\/\/www.europesays.com\/no\/wp-json\/wp\/v2\/media\/115913"}],"wp:attachment":[{"href":"https:\/\/www.europesays.com\/no\/wp-json\/wp\/v2\/media?parent=115912"}],"wp:term":[{"taxonomy":"category","embeddable":true,"href":"https:\/\/www.europesays.com\/no\/wp-json\/wp\/v2\/categories?post=115912"},{"taxonomy":"post_tag","embeddable":true,"href":"https:\/\/www.europesays.com\/no\/wp-json\/wp\/v2\/tags?post=115912"}],"curies":[{"name":"wp","href":"https:\/\/api.w.org\/{rel}","templated":true}]}}