{"id":115918,"date":"2025-12-17T21:08:14","date_gmt":"2025-12-17T21:08:14","guid":{"rendered":"https:\/\/www.europesays.com\/no\/115918\/"},"modified":"2025-12-17T21:08:14","modified_gmt":"2025-12-17T21:08:14","slug":"nar-skal-juletreet-pyntes","status":"publish","type":"post","link":"https:\/\/www.europesays.com\/no\/115918\/","title":{"rendered":"N\u00e5r skal juletreet pyntes?"},"content":{"rendered":"\n<p class=\"_paragraph_o9xde_4 _paragraph_xtcu6_10 layout-component text-serif-m layout-normal text-serif-m layout-padded\">Noen f\u00e5r ikke opp juletreet fort nok. Andre venter til 23. desember. Men n\u00e5r er det egentlig greit \u00e5 pynte?<\/p>\n<p class=\"_paragraph_o9xde_4 _paragraph_xtcu6_10 layout-component text-serif-m layout-normal text-serif-m layout-padded\">Tidligere var det vanlig \u00e5 sette opp treet lille julaften og la det st\u00e5 til 13. januar\u201320. dag jul. Men hvor mange f\u00f8lger tradisjonen n\u00e5?<\/p>\n<p class=\"_paragraph_o9xde_4 _paragraph_xtcu6_10 layout-component text-serif-m layout-normal text-serif-m layout-padded\">VG har snakket med kjendiser, eksperter og landbruksministeren for \u00e5 f\u00e5 svaret \u2013 \u00e9n gang for alle.<\/p>\n<p class=\"_paragraph_o9xde_4 _paragraph_xtcu6_10 layout-component text-serif-m layout-normal text-serif-m layout-padded\"><strong class=\"_strong_o9xde_25\">\u2013 Treet hugges og pyntes p\u00e5 lille julaften! sier kjendisbonden Ole Baldishol.<\/strong><\/p>\n<p class=\"_paragraph_o9xde_4 _paragraph_xtcu6_10 layout-component text-serif-m layout-normal text-serif-m layout-padded\">Han er lite begeistret for butikkjulen som starter i oktober.<\/p>\n<p><img alt=\"Ole Baldishol satt i juryen da VG testet kunstige juletr\u00e6r.  Foto: Thomas Andreassen \/ VG\" class=\"_image_qp4xg_65 layout-component layout-normal\" data-fullscreen- data-track-element-type=\"Article image fullscreen\" data-track-name=\"ImageFullscreen\" decoding=\"async\" loading=\"lazy\" height=\"5464\" itemprop=\"image\"  src=\"https:\/\/www.europesays.com\/no\/wp-content\/uploads\/2025\/12\/59293f4d-75f5-401e-8477-63d37cf8fade\"  style=\"object-position:0% 0%\" width=\"8192\"\/>Ole Baldishol satt i juryen da VG testet kunstige juletr\u00e6r.  Foto: Thomas Andreassen \/ VG<\/p>\n<p class=\"_paragraph_o9xde_4 _paragraph_xtcu6_10 layout-component text-serif-m layout-normal text-serif-m layout-padded\">\u2013 S\u00e5nn som dem holder p\u00e5 n\u00e5, det syns jeg \u00f8delegger julestemninga. Snart skal det visst v\u00e6re jul hele \u00e5ret, slik som det blir dratt i gang s\u00e5 tidlig.<\/p>\n<p class=\"_paragraph_o9xde_4 _paragraph_xtcu6_10 layout-component text-serif-m layout-normal text-serif-m layout-padded\">Vi husker plutselig <a href=\"https:\/\/www.vg.no\/rampelys\/i\/oELQoR\/ina-wroldsen-om-krisen-det-tok-ett-aar\" data-track-element-type=\"Link\" data-track-id=\"link:oELQoR\" class=\"_link_o9xde_39\" rel=\"nofollow noopener\" target=\"_blank\">et ferskt intervju<\/a> der artist Ina Wroldsen allerede hadde pyntet treet hjemme i Sandefjord. Ulovlig tidlig eller helt greit?<\/p>\n<p class=\"_paragraph_o9xde_4 _paragraph_xtcu6_10 layout-component text-serif-m layout-normal text-serif-m layout-padded\"><strong class=\"_strong_o9xde_25\">\u2013 \u00c6rlig talt, det finnes viktigere ting \u00e5 ha meninger om enn n\u00e5r folk pynter juletreet sitt. Jeg synes man skal gj\u00f8re det n\u00e5r man har lyst, sier hun til VG.<\/strong><\/p>\n<p class=\"_paragraph_o9xde_4 _paragraph_xtcu6_10 layout-component text-serif-m layout-normal text-serif-m layout-padded\">For hjemme hos Ina Wroldsen pyntes treet den helgen som faller n\u00e6rmest 1. desember, og tradisjonen inkluderer hele familien. <\/p>\n<p class=\"_paragraph_o9xde_4 _paragraph_xtcu6_10 layout-component text-serif-m layout-normal text-serif-m layout-padded\">\u2013 Vi kj\u00f8pte noen pene plasttr\u00e6r for snart ti \u00e5r siden, fordi vi er allergiske mot nesten alt. Inkludert den elskede katten v\u00e5r, men akkurat den allergien st\u00e5r vi i.<\/p>\n<p class=\"_paragraph_o9xde_4 _paragraph_xtcu6_10 layout-component text-serif-m layout-normal text-serif-m layout-padded\">De har et tre med klassiske, pene julekuler, og ett de kaller minnetreet. <\/p>\n<p><img alt=\"Ina Wroldsen starter med \u00e5 sette papeg\u00f8yene Steve og Trevor i toppen av juletreet. \u2013 Jeg elsker julen, sier hun til VG som var p\u00e5 bes\u00f8k hjemme hos henne i Sandefjord.  Foto: Mattis Sandblad \/ VG\" class=\"_image_qp4xg_65 layout-component layout-normal\" data-fullscreen- data-track-element-type=\"Article image fullscreen\" data-track-name=\"ImageFullscreen\" decoding=\"async\" loading=\"lazy\" height=\"3841\" itemprop=\"image\"  src=\"https:\/\/www.europesays.com\/no\/wp-content\/uploads\/2025\/12\/b23442ff-c14b-4a60-85dc-2e21d3ce8f73\"  style=\"object-position:0% 0%\" width=\"5620\"\/>Ina Wroldsen starter med \u00e5 sette papeg\u00f8yene Steve og Trevor i toppen av juletreet. \u2013 Jeg elsker julen, sier hun til VG som var p\u00e5 bes\u00f8k hjemme hos henne i Sandefjord.  Foto: Mattis Sandblad \/ VG<\/p>\n<p class=\"_paragraph_o9xde_4 _paragraph_xtcu6_10 layout-component text-serif-m layout-normal text-serif-m layout-padded\">\u2013 Det st\u00e5r i stua og er fylt med pynt vi har samlet over mange \u00e5r, fra reiser og opplevelser vi vil huske. Hvert \u00e5r n\u00e5r vi pynter det, blir det en koselig \u00abtrip down memory lane\u00bb.<\/p>\n<p class=\"_paragraph_o9xde_4 _paragraph_xtcu6_10 layout-component text-serif-m layout-normal text-serif-m layout-padded\">Juletrehogst, derimot, st\u00e5r ikke p\u00e5 programmet.<\/p>\n<p class=\"_paragraph_o9xde_4 _paragraph_xtcu6_10 layout-component text-serif-m layout-normal text-serif-m layout-padded\">\u2013 Mannen min er fra Nord-London, og han skal ikke hogge noe som helst. Det burde vel egentlig ikke jeg gj\u00f8re heller, sier Wroldsen. <\/p>\n<p class=\"_paragraph_o9xde_4 _paragraph_xtcu6_10 layout-component text-serif-m layout-normal text-serif-m layout-padded\"><strong class=\"_strong_o9xde_25\">Hva mener \u00abfolk flest\u00bb \u2013 se video: <\/strong><\/p>\n<p class=\"_paragraph_o9xde_4 _paragraph_xtcu6_10 layout-component text-serif-m layout-normal text-serif-m layout-padded\">Vi ringer Silje Nordnes. Hva tenker programlederen for det tradisjonsrike NRK-programmet \u00abKvelden f\u00f8r kvelden\u00bb om juletre-striden?<\/p>\n<p class=\"_paragraph_o9xde_4 _paragraph_xtcu6_10 layout-component text-serif-m layout-normal text-serif-m layout-padded\">\u2013 I leiligheten min har jeg et lite juletre. Jeg pleier \u00e5 pynte det samtidig som jeg har bursdag. <\/p>\n<p class=\"_paragraph_o9xde_4 _paragraph_xtcu6_10 layout-component text-serif-m layout-normal text-serif-m layout-padded\">Et ullent svar, men n\u00e5r vi sjekker n\u00e6rmere er det oppsiktsvekkende: <\/p>\n<p class=\"_paragraph_o9xde_4 _paragraph_xtcu6_10 layout-component text-serif-m layout-normal text-serif-m layout-padded\">28. november.<\/p>\n<p><img alt=\"For f\u00f8rste gang skal \u00abMaskorama\u00bb-programleder Silje Nordnes invitere til \u00abKvelden f\u00f8r kvelden\u00bb lille julaften p\u00e5 NRK sammen med K\u00e5re Magnus Bergh.  Foto: NRK\" class=\"_image_qp4xg_65 layout-component layout-normal\" data-fullscreen- data-track-element-type=\"Article image fullscreen\" data-track-name=\"ImageFullscreen\" decoding=\"async\" loading=\"lazy\" height=\"2362\" itemprop=\"image\"  src=\"https:\/\/www.europesays.com\/no\/wp-content\/uploads\/2025\/12\/0e42ceff-57b6-41a1-b479-3853ec1c1adc\"  style=\"object-position:0% 0%\" width=\"3541\"\/>For f\u00f8rste gang skal \u00abMaskorama\u00bb-programleder Silje Nordnes invitere til \u00abKvelden f\u00f8r kvelden\u00bb lille julaften p\u00e5 NRK sammen med K\u00e5re Magnus Bergh.  Foto: NRK<\/p>\n<p class=\"_paragraph_o9xde_4 _paragraph_xtcu6_10 layout-component text-serif-m layout-normal text-serif-m layout-padded\">Men det er katten Hunter som bestemmer om treet f\u00e5r st\u00e5 i fred. <\/p>\n<p class=\"_paragraph_o9xde_4 _paragraph_xtcu6_10 layout-component text-serif-m layout-normal text-serif-m layout-padded\">\u2013 Han river ned treet, blir livredd n\u00e5r det faller, og holder seg unna n\u00e5r det smeller i gulvet, sier hun til VG og ler. <\/p>\n<p class=\"_paragraph_o9xde_4 _paragraph_xtcu6_10 layout-component text-serif-m layout-normal text-serif-m layout-padded\">Det har allerede skjedd en gang i \u00e5r. <\/p>\n<p class=\"_paragraph_o9xde_4 _paragraph_xtcu6_10 layout-component text-serif-m layout-normal text-serif-m layout-padded\">Det h\u00f8rer ogs\u00e5 med at Nordnes har valgt sm\u00e5 fugler som juletrepynt.<\/p>\n<p><img alt=\"Katten Hunter f\u00f8lger n\u00f8ye med p\u00e5 treet.  Foto: Silje Nordnes\" class=\"_image_qp4xg_65 layout-component layout-normal\" data-fullscreen- data-track-element-type=\"Article image fullscreen\" data-track-name=\"ImageFullscreen\" decoding=\"async\" loading=\"lazy\" height=\"4032\" itemprop=\"image\"  src=\"https:\/\/www.europesays.com\/no\/wp-content\/uploads\/2025\/12\/5545a877-765e-4574-b288-15cef056d4fa\"  style=\"object-position:0% 0%\" width=\"3024\"\/>Katten Hunter f\u00f8lger n\u00f8ye med p\u00e5 treet.  Foto: Silje Nordnes<\/p>\n<p class=\"_paragraph_o9xde_4 _paragraph_xtcu6_10 layout-component text-serif-m layout-normal text-serif-m layout-padded\">Men hun holder ogs\u00e5 til dels fast ved tradisjonene. Hvert \u00e5r reiser hun hjem til foreldrene i Nord-Norge, og der pyntes treet fortsatt p\u00e5 lille julaften.<\/p>\n<p class=\"_paragraph_o9xde_4 _paragraph_xtcu6_10 layout-component text-serif-m layout-normal text-serif-m layout-padded\">\u2013 Mamma har foresl\u00e5tt \u00e5 pynte tidligere, men familien har satt ned foten. Det er en stor skute \u00e5 snu, men i \u00e5r er jeg kanskje mer tilb\u00f8yelig, sier Nordnes.<\/p>\n<p class=\"_paragraph_o9xde_4 _paragraph_xtcu6_10 layout-component text-serif-m layout-normal text-serif-m layout-padded\">Interi\u00f8rdesigner og programleder Halvor Bakke er blant de mer ivrige. Han forteller at han pynter juletreet 13. desember \u2013 her viser han hvordan: <\/p>\n<p class=\"_paragraph_o9xde_4 _paragraph_xtcu6_10 layout-component text-serif-m layout-normal text-serif-m layout-padded\">En annen mulighet er \u00e5 la seg inspirere av USAs f\u00f8rstedame Melania Trump: <\/p>\n<p class=\"_paragraph_o9xde_4 _paragraph_xtcu6_10 layout-component text-serif-m layout-normal text-serif-m layout-padded\">Vazelina Bilopph\u00f8ggers\u2019 store stjerne, Eldar V\u00e5gan, kommer med en overraskelse n\u00e5r VG sl\u00e5r p\u00e5 tr\u00e5den: <\/p>\n<p class=\"_paragraph_o9xde_4 _paragraph_xtcu6_10 layout-component text-serif-m layout-normal text-serif-m layout-padded\"><strong class=\"_strong_o9xde_25\">Han har droppet grantreet. <\/strong><\/p>\n<p class=\"_paragraph_o9xde_4 _paragraph_xtcu6_10 layout-component text-serif-m layout-normal text-serif-m layout-padded\">Det han stiller opp med i stua, har strengere lyd.<\/p>\n<p class=\"_paragraph_o9xde_4 _paragraph_xtcu6_10 layout-component text-serif-m layout-normal text-serif-m layout-padded\">\u2013 Jeg setter opp et tre best\u00e5ende av seks gitarer. Tre i bunnen og tre p\u00e5 toppen \u2013 i en sirkel, med lys og julestjerne \u00f8verst, sier V\u00e5gan til VG.<\/p>\n<p class=\"_paragraph_o9xde_4 _paragraph_xtcu6_10 layout-component text-serif-m layout-normal text-serif-m layout-padded\">Han vil derimot ikke dele bilde, s\u00e5 gitartreet f\u00e5r leve videre som et lite julemysterium.<\/p>\n<p><img alt=\"Eldar V\u00e5gan er musiker, komiker og tidligere gitarist i bandet Vazelina Bilopph\u00f8ggers. Han er kjent for sin humoristiske stil, brede dialekt og mange opptredener p\u00e5 TV og scene.  Foto: H\u00e5kon Mosvold Larsen \/ NTB\" class=\"_image_qp4xg_65 layout-component layout-normal\" data-fullscreen- data-track-element-type=\"Article image fullscreen\" data-track-name=\"ImageFullscreen\" decoding=\"async\" loading=\"lazy\" height=\"3511\" itemprop=\"image\"  src=\"https:\/\/www.europesays.com\/no\/wp-content\/uploads\/2025\/12\/f8f7a3b2-9f5b-438f-a7eb-7c04258ee18d\"  style=\"object-position:0% 0%\" width=\"5266\"\/>Eldar V\u00e5gan er musiker, komiker og tidligere gitarist i bandet Vazelina Bilopph\u00f8ggers. Han er kjent for sin humoristiske stil, brede dialekt og mange opptredener p\u00e5 TV og scene.  Foto: H\u00e5kon Mosvold Larsen \/ NTB<\/p>\n<p class=\"_paragraph_o9xde_4 _paragraph_xtcu6_10 layout-component text-serif-m layout-normal text-serif-m layout-padded\"><strong class=\"_strong_o9xde_25\">V\u00e5gan innr\u00f8mmer at han ikke er s\u00e5 begeistret for ekte gran.<\/strong><\/p>\n<p class=\"_paragraph_o9xde_4 _paragraph_xtcu6_10 layout-component text-serif-m layout-normal text-serif-m layout-padded\">\u2013 Det er fint med grantre, men jeg er ikke s\u00e5 glad i barn\u00e5lene. Jeg husker ikke n\u00f8yaktig n\u00e5r denne tradisjonen startet, men det var nok under en julekonsert der vi pyntet litt ekstra. Etter det begynte jeg \u00e5 gj\u00f8re det hjemme ogs\u00e5.<\/p>\n<p class=\"_paragraph_o9xde_4 _paragraph_xtcu6_10 layout-component text-serif-m layout-normal text-serif-m layout-padded\">Under arbeidet med saken kommer det frem at Norges landbruksminister, ogs\u00e5 kjent som \u00abskogministeren\u00bb, er tidlig ute med julepynten.<\/p>\n<p class=\"_paragraph_o9xde_4 _paragraph_xtcu6_10 layout-component text-serif-m layout-normal text-serif-m layout-padded\">\u2013 Jeg er s\u00e5 glad i tr\u00e6rne at jeg allerede har to sm\u00e5 graner p\u00e5 plass! De er delvis pyntet. Jeg pynter dem stegvis gjennom f\u00f8rjulstida \u2013 om ikke minutt for minutt, s\u00e5 i hvert fall adventsdag for adventsdag, sier han.<\/p>\n<p><img alt=\"Det viser seg at landbruksminister Nils Kristen Sandtr\u00f8en, if\u00f8lge seg selv, er en ekte juletreentusiast.  Foto: Landbruks- og matdepartementet.\" class=\"_image_qp4xg_65 layout-component layout-normal\" data-fullscreen- data-track-element-type=\"Article image fullscreen\" data-track-name=\"ImageFullscreen\" decoding=\"async\" loading=\"lazy\" height=\"3088\" itemprop=\"image\"  src=\"https:\/\/www.europesays.com\/no\/wp-content\/uploads\/2025\/12\/e76e13e2-08a6-42b9-932e-983c3b4049d2\"  style=\"object-position:0% 0%\" width=\"2316\"\/>Det viser seg at landbruksminister Nils Kristen Sandtr\u00f8en, if\u00f8lge seg selv, er en ekte juletreentusiast.  Foto: Landbruks- og matdepartementet.<\/p>\n<p class=\"_paragraph_o9xde_4 _paragraph_xtcu6_10 layout-component text-serif-m layout-normal text-serif-m layout-padded\">Han kaller sp\u00f8rsm\u00e5let om juletrepynting et ekte f\u00f8rjulsdilemma, og har stor respekt for tradisjonen med \u00e5 vente til lille julaften.<\/p>\n<p class=\"_paragraph_o9xde_4 _paragraph_xtcu6_10 layout-component text-serif-m layout-normal text-serif-m layout-padded\">\u2013 \u00c5 pynte treet f\u00f8r man setter seg ned til \u00abGrevinnen og hovmesteren\u00bb er en sv\u00e6rt god norsk tradisjon, sier Sandtr\u00f8en til VG. <\/p>\n<p>Ekspertens dom<\/p>\n<p class=\"_paragraph_o9xde_4 _paragraph_xtcu6_10 layout-component text-serif-m layout-normal text-serif-m layout-padded\">Sosialantropolog og trendforsker Gunn-Helen \u00d8ye mener juletradisjoner er i stadig endring \u2013 ogs\u00e5 n\u00e5r det gjelder juletreet.<\/p>\n<p class=\"_paragraph_o9xde_4 _paragraph_xtcu6_10 layout-component text-serif-m layout-normal text-serif-m layout-padded\">\u2013 Mange setter det opp allerede 1. desember og kaster det ut rett etter nytt\u00e5r. Treet har blitt en del av ventetiden, like mye som selve h\u00f8ytiden, sier hun.<\/p>\n<p><img decoding=\"async\" alt=\"Bilde av Gunn-Helen \u00d8ye\" class=\"_image_ygndg_42\" height=\"27\" itemprop=\"image\" loading=\"lazy\"  src=\"https:\/\/www.europesays.com\/no\/wp-content\/uploads\/2025\/12\/b30cde26-c8d4-4718-a891-69886f1b8d95\"  width=\"40\"\/><strong class=\"_name_ygndg_51 title-serif-xs\">Gunn-Helen \u00d8ye<\/strong><\/p>\n<p class=\"_paragraph_o9xde_4 text-sans-m _description_ygndg_56\">Sosialantropolog og trendforsker.<\/p>\n<p class=\"_paragraph_o9xde_4 _paragraph_xtcu6_10 layout-component text-serif-m layout-normal text-serif-m layout-padded\">Samtidig understreker hun at noen skikker fortsatt st\u00e5r st\u00f8tt.<\/p>\n<p class=\"_paragraph_o9xde_4 _paragraph_xtcu6_10 layout-component text-serif-m layout-normal text-serif-m layout-padded\">\u2013 \u00c5 \u00e5pne gaver 24. desember og spise ribbe er det f\u00e5 som utfordrer.<\/p>\n<p class=\"_paragraph_o9xde_4 _paragraph_xtcu6_10 layout-component text-serif-m layout-normal text-serif-m layout-padded\">Andre tradisjoner er derimot p\u00e5 vei ut.<\/p>\n<p class=\"_paragraph_o9xde_4 _paragraph_xtcu6_10 layout-component text-serif-m layout-normal text-serif-m layout-padded\">\u2013 \u00c5 g\u00e5 rundt juletreet er noe f\u00e6rre gj\u00f8r n\u00e5. Det var vanligere f\u00f8r, sier \u00d8ye, som ogs\u00e5 trekker frem at pynten er blitt mer individuell og mindre tradisjonell.<\/p>\n<p class=\"_paragraph_o9xde_4 _paragraph_xtcu6_10 layout-component text-serif-m layout-normal text-serif-m layout-padded\">\u2013 Julepynten i dag er mer leken og personlig. Den sier mye om tiden vi lever i.<\/p>\n<p class=\"_paragraph_o9xde_4 _paragraph_xtcu6_10 layout-component text-serif-m layout-normal text-serif-m layout-padded\">Redaksjonell innr\u00f8mmelse: Journalistene bak denne saken er p\u00e5 ingen m\u00e5te n\u00f8ytrale. Den ene pyntet treet i kveld, 17. desember. Den andre har hatt juleglitter i stuen siden 1. desember.<\/p>\n","protected":false},"excerpt":{"rendered":"Noen f\u00e5r ikke opp juletreet fort nok. Andre venter til 23. desember. Men n\u00e5r er det egentlig greit&hellip;\n","protected":false},"author":2,"featured_media":115919,"comment_status":"","ping_status":"","sticky":false,"template":"","format":"standard","meta":{"footnotes":""},"categories":[10],"tags":[20,21,6645,24,25,15,5593,12117,22,23,13,30,28,29,14,16,26,27],"class_list":{"0":"post-115918","1":"post","2":"type-post","3":"status-publish","4":"format-standard","5":"has-post-thumbnail","7":"category-norge","8":"tag-breaking-news","9":"tag-breakingnews","10":"tag-desember","11":"tag-featured-news","12":"tag-featurednews","13":"tag-headlines","14":"tag-jul","15":"tag-juletre","16":"tag-latest-news","17":"tag-latestnews","18":"tag-news","19":"tag-no","20":"tag-norge","21":"tag-norway","22":"tag-nyheter","23":"tag-overskrifter","24":"tag-top-stories","25":"tag-topstories"},"share_on_mastodon":{"url":"https:\/\/pubeurope.com\/@no\/115736956727374583","error":""},"_links":{"self":[{"href":"https:\/\/www.europesays.com\/no\/wp-json\/wp\/v2\/posts\/115918","targetHints":{"allow":["GET"]}}],"collection":[{"href":"https:\/\/www.europesays.com\/no\/wp-json\/wp\/v2\/posts"}],"about":[{"href":"https:\/\/www.europesays.com\/no\/wp-json\/wp\/v2\/types\/post"}],"author":[{"embeddable":true,"href":"https:\/\/www.europesays.com\/no\/wp-json\/wp\/v2\/users\/2"}],"replies":[{"embeddable":true,"href":"https:\/\/www.europesays.com\/no\/wp-json\/wp\/v2\/comments?post=115918"}],"version-history":[{"count":0,"href":"https:\/\/www.europesays.com\/no\/wp-json\/wp\/v2\/posts\/115918\/revisions"}],"wp:featuredmedia":[{"embeddable":true,"href":"https:\/\/www.europesays.com\/no\/wp-json\/wp\/v2\/media\/115919"}],"wp:attachment":[{"href":"https:\/\/www.europesays.com\/no\/wp-json\/wp\/v2\/media?parent=115918"}],"wp:term":[{"taxonomy":"category","embeddable":true,"href":"https:\/\/www.europesays.com\/no\/wp-json\/wp\/v2\/categories?post=115918"},{"taxonomy":"post_tag","embeddable":true,"href":"https:\/\/www.europesays.com\/no\/wp-json\/wp\/v2\/tags?post=115918"}],"curies":[{"name":"wp","href":"https:\/\/api.w.org\/{rel}","templated":true}]}}