{"id":115920,"date":"2025-12-17T21:11:09","date_gmt":"2025-12-17T21:11:09","guid":{"rendered":"https:\/\/www.europesays.com\/no\/115920\/"},"modified":"2025-12-17T21:11:09","modified_gmt":"2025-12-17T21:11:09","slug":"nrks-julekalender-gjor-narr-av-mannosfaeren","status":"publish","type":"post","link":"https:\/\/www.europesays.com\/no\/115920\/","title":{"rendered":"NRKs julekalender gj\u00f8r narr av mannosf\u00e6ren"},"content":{"rendered":"\n<p class=\"_paragraph_o9xde_4 _paragraph_xtcu6_10 layout-component text-serif-m layout-normal text-serif-m layout-padded\">P\u00e5 sladderappen Jodel spekuleres det i hvem som parodieres. Og folk f\u00f8ler seg truffet av NRKs julekalender \u00abNissene i skjul\u00bb. <\/p>\n<p class=\"_paragraph_o9xde_4 _paragraph_xtcu6_10 layout-component text-serif-m layout-normal text-serif-m layout-padded\"><a href=\"https:\/\/www.nettavisen.no\/kjendis\/nissene-i-skjul-pa-nrk-reaksjonene-hagler-folk-ma-slutte\/s\/5-95-2768380\" class=\"_link_o9xde_39\" rel=\"nofollow noopener\" target=\"_blank\">Nettavisen <\/a>skriver om flere klager p\u00e5 Kevin V\u00e5genes\u2019 karakter \u00abCato\u00bb, som er \u00absleten\u00bb. Det hevdes at dette er \u00e5 gj\u00f8re narr av ME, noe NRK sier er feil. <\/p>\n<p class=\"_paragraph_o9xde_4 _paragraph_xtcu6_10 layout-component text-serif-m layout-normal text-serif-m layout-padded\">NRK har ogs\u00e5 <a href=\"https:\/\/www.vg.no\/rampelys\/i\/Gx1GM6\/nissene-i-skjul-er-frederick-inspirert-av-coach-engh\" data-track-element-type=\"Link\" data-track-id=\"link:Gx1GM6\" class=\"_link_o9xde_39\" rel=\"nofollow noopener\" target=\"_blank\">avvist<\/a> at <a href=\"https:\/\/www.vg.no\/tag\/herman-flesvig?utm_source=vg-article&amp;utm_medium=auto-tagger&amp;utm_campaign=JO1XLX\" class=\"_link_o9xde_39\" rel=\"nofollow noopener\" target=\"_blank\">Herman Flesvig<\/a>-karakteren \u00abFrederick\u00bb er en parodi p\u00e5 treningsinfluenceren Coach Engh, som d\u00f8de i en fallulykke i sommer, bare 22 \u00e5r gammel.<\/p>\n<p class=\"_paragraph_o9xde_4 _paragraph_xtcu6_10 layout-component text-serif-m layout-normal text-serif-m layout-padded\">Men \u00abNissene i skjul\u00bb har utvilsomt snert. Den gj\u00f8r narr av tidstypiske karakterer som dominerer sosiale medier. <\/p>\n<p class=\"_paragraph_o9xde_4 _paragraph_xtcu6_10 layout-component text-serif-m layout-normal text-serif-m layout-padded\">For eksempel \u00abMette\u00bb (Amalie Stuve), som er s\u00e5 wokewoke Et begrep som opprinnelig betydde \u00e5 v\u00e6re bevisst p\u00e5 sosiale urettferdigheter, men som n\u00e5 ofte brukes sarkastisk for \u00e5 beskrive noen som er overdrevent politisk korrekt. at hun blir rasistisk. <\/p>\n<p class=\"_paragraph_o9xde_4 _paragraph_xtcu6_10 layout-component text-serif-m layout-normal text-serif-m layout-padded\">Flere av de kvinnelige rollefigurene i serien er selvsentrerte \u00absympatistjelere\u00bb som krever tr\u00f8st n\u00e5r de mener noen helt andre er utsatt for urett. <\/p>\n<p class=\"_paragraph_o9xde_4 _paragraph_xtcu6_10 layout-component text-serif-m layout-normal text-serif-m layout-padded\">If\u00f8lge Jodel minner \u00abMette\u00bb om en blanding av realitydeltager \u00d8yunn Krogh og Greta Thunberg. Krogh har sagt til <a href=\"https:\/\/www.seher.no\/kjendis\/svarer-pa-spekulasjonene-enormt-kompliment\/83964437\" class=\"_link_o9xde_39\" rel=\"nofollow noopener\" target=\"_blank\">Se og H\u00f8r<\/a> at hun tar det som et kompliment. <\/p>\n<p class=\"_paragraph_o9xde_4 _paragraph_xtcu6_10 layout-component text-serif-m layout-normal text-serif-m layout-padded\">Samtidig: Mannosf\u00e6ren f\u00e5r gjennomg\u00e5 mest. Serien harselerer med menns alternativ til astrologi: selvoptimalisering og munnplaster. <\/p>\n<p class=\"_paragraph_o9xde_4 _paragraph_xtcu6_10 layout-component text-serif-m layout-normal text-serif-m layout-padded\">Coach \u00abArvid\u00bb snakker om \u00ab\u00e5 snu fokus\u00bb og roter seg inn i et resonnement om hva som kan v\u00e6re bra med sovevoldtekt. \u00abLudvig\u00bb bel\u00e6rer andre om en \u00abn\u00f8ttepaste\u00bb som viser seg \u00e5 v\u00e6re Nugatti.<\/p>\n<p><img alt=\"BUKETT: Lengst til h\u00f8yre den \u00absletne\u00bb Stian og lengst til venstre mannssj\u00e5vinisten Stian, som tror det er vanlig \u00e5 snakke nedsettende om kvinner og utlendinger.   Foto: Seefood TV \/ NRK\" class=\"_image_qp4xg_65 layout-component layout-normal\" data-fullscreen- data-track-element-type=\"Article image fullscreen\" data-track-name=\"ImageFullscreen\" decoding=\"async\" loading=\"lazy\" height=\"2160\" itemprop=\"image\"  src=\"https:\/\/www.europesays.com\/no\/wp-content\/uploads\/2025\/12\/8ed7fe46-93b8-4bb1-9a8d-7949841893d0\"  style=\"object-position:0% 0%\" width=\"3840\"\/>BUKETT: Lengst til h\u00f8yre den \u00absletne\u00bb Stian og lengst til venstre mannssj\u00e5vinisten Stian, som tror det er vanlig \u00e5 snakke nedsettende om kvinner og utlendinger.   Foto: Seefood TV \/ NRK<\/p>\n<p class=\"_paragraph_o9xde_4 _paragraph_xtcu6_10 layout-component text-serif-m layout-normal text-serif-m layout-padded\">\u00abFrederick\u00bb med midtskill snakker om trippel sjokoladebolle, kaller seg \u00abalfa\u00bb og bruker inn\u00f8vde floskler om \u00e5 v\u00e6re \u00abden beste versjonen av seg selv\u00bb. Han tror han er incel,incel, En forkortelse for &laquo;involuntary celibate&raquo;, som beskriver personer, ofte menn, som opplever ufrivillig s\u00f8libat og kan ha negative holdninger til kvinner. er opptatt av parfyme, investeringer, bufferkonto og \u00e5 starte arbeidsplasser.<\/p>\n<p class=\"_paragraph_o9xde_4 _paragraph_xtcu6_10 layout-component text-serif-m layout-normal text-serif-m layout-padded\">Av og til t\u00f8ffer han seg med utsagn som \u00abgi meg en biff, kjerring\u00bb, f\u00f8r han angrer. <\/p>\n<p class=\"_paragraph_o9xde_4 _paragraph_xtcu6_10 layout-component text-serif-m layout-normal text-serif-m layout-padded\">For Herman Flesvig har varme for karakterene sine. De er snille p\u00e5 bunn. <\/p>\n<p class=\"_paragraph_o9xde_4 _paragraph_xtcu6_10 layout-component text-serif-m layout-normal text-serif-m layout-padded\">Mannssj\u00e5vinisten \u00abStian\u00bb, for eksempel, er en av seriens beste. Han sier ting som er totalt upassende fordi han tror det er forventet. Samtidig er han en usikker og ufarlig type som er oppriktig glad i kona si \u00abNikaporn\u00bb.<\/p>\n<p><img alt=\"EN PARODI P\u00c5 EN PROGRAMLEDER: Mikkel Niva gj\u00f8r stadig feil, har m\u00f8rkt h\u00e5r og \u00f8redobber som programleder Ola Jonsen i \u00abNissene i skjul.\u00bb  Foto: Seefood TV \/ NRK\" class=\"_image_qp4xg_65 layout-component layout-normal\" data-fullscreen- data-track-element-type=\"Article image fullscreen\" data-track-name=\"ImageFullscreen\" decoding=\"async\" loading=\"lazy\" height=\"2160\" itemprop=\"image\"  src=\"https:\/\/www.europesays.com\/no\/wp-content\/uploads\/2025\/12\/5cf8abaf-339f-4828-99af-cddf42a4ea26\"  style=\"object-position:0% 0%\" width=\"3840\"\/>EN PARODI P\u00c5 EN PROGRAMLEDER: Mikkel Niva gj\u00f8r stadig feil, har m\u00f8rkt h\u00e5r og \u00f8redobber som programleder Ola Jonsen i \u00abNissene i skjul.\u00bb  Foto: Seefood TV \/ NRK<\/p>\n<p class=\"_paragraph_o9xde_4 _paragraph_xtcu6_10 layout-component text-serif-m layout-normal text-serif-m layout-padded\">Serien har blitt en suksess. Da NRK sist oppga tall, var f\u00f8rste episode sett av rundt 1,4 millioner. <\/p>\n<p class=\"_paragraph_o9xde_4 _paragraph_xtcu6_10 layout-component text-serif-m layout-normal text-serif-m layout-padded\">Det tilsvarer omtrent en fjerdedel av Norges befolkning. <\/p>\n<p class=\"_paragraph_o9xde_4 _paragraph_xtcu6_10 layout-component text-serif-m layout-normal text-serif-m layout-padded\">Dette skjer samtidig som \u00abgammelmediene\u00bb\u00abgammelmediene\u00bbTradisjonelle medier som aviser, radio og TV, i motsetning til nye medier som sosiale medier og podkaster. stadig erkl\u00e6res d\u00f8de, og NRK blir angrepet fra b\u00e5de ytre venstre og ytre h\u00f8yre.<\/p>\n<p class=\"_paragraph_o9xde_4 _paragraph_xtcu6_10 layout-component text-serif-m layout-normal text-serif-m layout-padded\">Til sammenligning kan vi ansl\u00e5 at verdens st\u00f8rste podkast, Joe Rogan, n\u00e5r tre til fem prosent av den amerikanske befolkningen, avhengig av episode og m\u00e5lemetode.<\/p>\n<p><img alt=\"BIRTHE: Hensynsl\u00f8s \u00abvenninne\u00bb  av alvorlig syke Mona (til venstre), f\u00f8rstnevnte med sans for kosmetisk kirurgi.   Foto: Seefood TV \/ NRK\" class=\"_image_qp4xg_65 layout-component layout-normal\" data-fullscreen- data-track-element-type=\"Article image fullscreen\" data-track-name=\"ImageFullscreen\" decoding=\"async\" loading=\"lazy\" height=\"2160\" itemprop=\"image\"  src=\"https:\/\/www.europesays.com\/no\/wp-content\/uploads\/2025\/12\/6a63fc20-0e33-4f39-996c-ce0cd82b8b7c\"  style=\"object-position:0% 0%\" width=\"3840\"\/>BIRTHE: Hensynsl\u00f8s \u00abvenninne\u00bb  av alvorlig syke Mona (til venstre), f\u00f8rstnevnte med sans for kosmetisk kirurgi.   Foto: Seefood TV \/ NRK<\/p>\n<p class=\"_paragraph_o9xde_4 _paragraph_xtcu6_10 layout-component text-serif-m layout-normal text-serif-m layout-padded\">S\u00e5 er nok sosiale medier en del av forklaringen ogs\u00e5 her. For mange oppdager \u00abNissene i skjul\u00bb via korte videosnutter i sosiale medier.<\/p>\n<p class=\"_paragraph_o9xde_4 _paragraph_xtcu6_10 layout-component text-serif-m layout-normal text-serif-m layout-padded\">Dette er TV laget for klipp, med tydelige karakterer, raske poenger og litt langsom handling i de f\u00f8rste ti episodene. <\/p>\n<p class=\"_paragraph_o9xde_4 _paragraph_xtcu6_10 layout-component text-serif-m layout-normal text-serif-m layout-padded\">Men det tar seg opp, med mer sex og thrillerelementer etter hvert, blant annet med den intrikate \u00abCharlie\u00bb og den pratsomme nordtr\u00f8nderen \u00abAnita\u00bb. <\/p>\n<p class=\"_paragraph_o9xde_4 _paragraph_xtcu6_10 layout-component text-serif-m layout-normal text-serif-m layout-padded\">B\u00e5de hun og den p\u00e5st\u00e5elige \u00abMaiken\u00bb forelsker seg i en skummel konemorder spilt av K\u00e5re Conradi. <\/p>\n<p class=\"_paragraph_o9xde_4 _paragraph_xtcu6_10 layout-component text-serif-m layout-normal text-serif-m layout-padded\">Det er hysterisk. Samtidig er det presist. Og til \u00e5 kjenne igjen. <\/p>\n<p class=\"_paragraph_o9xde_4 _paragraph_xtcu6_10 layout-component text-serif-m layout-normal text-serif-m layout-padded\">\u00abNissene i skjul\u00bb treffer med parodiene sine og leverer ganske gode observasjoner om menneskelig omgang og psykologi. <\/p>\n<p class=\"_paragraph_o9xde_4 _paragraph_xtcu6_10 layout-component text-serif-m layout-normal text-serif-m layout-padded\">Virkelighetens \u00abFrederick\u00bb og \u00abMette\u00bb finnes. <\/p>\n<p class=\"_paragraph_o9xde_4 _paragraph_xtcu6_10 layout-component text-serif-m layout-normal text-serif-m layout-padded\">Neste \u00e5r er det kanskje den beste versjonen av Frederick Skreppen som leder julekalenderen p\u00e5 NRK. Om ikke \u00abMette\u00bb f\u00e5r kvotert seg selv inn som minoritet. <\/p>\n<p>Les ogs\u00e5<br \/>\n   Dette er en kommentar. Kommentaren gir uttrykk for skribentens holdning. <\/p>\n","protected":false},"excerpt":{"rendered":"P\u00e5 sladderappen Jodel spekuleres det i hvem som parodieres. Og folk f\u00f8ler seg truffet av NRKs julekalender \u00abNissene&hellip;\n","protected":false},"author":2,"featured_media":115921,"comment_status":"","ping_status":"","sticky":false,"template":"","format":"standard","meta":{"footnotes":""},"categories":[58],"tags":[71,10125,10124,30,28,29,787,72,103],"class_list":{"0":"post-115920","1":"post","2":"type-post","3":"status-publish","4":"format-standard","5":"has-post-thumbnail","7":"category-underholdning","8":"tag-entertainment","9":"tag-herman-flesvig","10":"tag-kevin-vagenes","11":"tag-no","12":"tag-norge","13":"tag-norway","14":"tag-nrk","15":"tag-underholdning","16":"tag-vgmeninger"},"share_on_mastodon":{"url":"https:\/\/pubeurope.com\/@no\/115736968355529762","error":""},"_links":{"self":[{"href":"https:\/\/www.europesays.com\/no\/wp-json\/wp\/v2\/posts\/115920","targetHints":{"allow":["GET"]}}],"collection":[{"href":"https:\/\/www.europesays.com\/no\/wp-json\/wp\/v2\/posts"}],"about":[{"href":"https:\/\/www.europesays.com\/no\/wp-json\/wp\/v2\/types\/post"}],"author":[{"embeddable":true,"href":"https:\/\/www.europesays.com\/no\/wp-json\/wp\/v2\/users\/2"}],"replies":[{"embeddable":true,"href":"https:\/\/www.europesays.com\/no\/wp-json\/wp\/v2\/comments?post=115920"}],"version-history":[{"count":0,"href":"https:\/\/www.europesays.com\/no\/wp-json\/wp\/v2\/posts\/115920\/revisions"}],"wp:featuredmedia":[{"embeddable":true,"href":"https:\/\/www.europesays.com\/no\/wp-json\/wp\/v2\/media\/115921"}],"wp:attachment":[{"href":"https:\/\/www.europesays.com\/no\/wp-json\/wp\/v2\/media?parent=115920"}],"wp:term":[{"taxonomy":"category","embeddable":true,"href":"https:\/\/www.europesays.com\/no\/wp-json\/wp\/v2\/categories?post=115920"},{"taxonomy":"post_tag","embeddable":true,"href":"https:\/\/www.europesays.com\/no\/wp-json\/wp\/v2\/tags?post=115920"}],"curies":[{"name":"wp","href":"https:\/\/api.w.org\/{rel}","templated":true}]}}