{"id":115926,"date":"2025-12-17T21:18:35","date_gmt":"2025-12-17T21:18:35","guid":{"rendered":"https:\/\/www.europesays.com\/no\/115926\/"},"modified":"2025-12-17T21:18:35","modified_gmt":"2025-12-17T21:18:35","slug":"spillet-vinneren-skal-kares-se-bildene-fra-finalefesten-2","status":"publish","type":"post","link":"https:\/\/www.europesays.com\/no\/115926\/","title":{"rendered":"\u00abSpillet\u00bb-vinneren skal k\u00e5res: Se bildene fra finalefesten"},"content":{"rendered":"<p class=\"kicker \" style=\"\">\u00abSpillet\u00bb-finale:<\/p>\n<p>  Vinneren av \u00abSpillet\u00bb er endelig k\u00e5ret. Se alle bildene fra finalefesten her!<\/p>\n<p>\n    ROMANSE: Martine Lunde r\u00f8per detaljer om sin nye flamme. Foto: Andreas Fadum\n  <\/p>\n<p> Onsdag kveld ble det klart hvem som stakk av med serien &#8211; og den enorme premiepotten &#8211; i den tredje sesongen av \u00abSpillet\u00bb. <\/p>\n<p>    <a itemprop=\"url\" href=\"https:\/\/www.seher.no\/kjendis\/sjokkavtale-aldri-vist\/83991948\" rel=\"nofollow noopener\" target=\"_blank\"><\/p>\n<p>        <img loading=\"lazy\" decoding=\"async\" src=\"https:\/\/www.europesays.com\/no\/wp-content\/uploads\/2025\/12\/83985466.webp\" width=\"980\" height=\"441\" title=\"Sjokkavtale: Aldri vist\" alt=\"\" class=\"lazyload\" style=\"--aspect-ratio-image: 2.22; \"\/><\/p>\n<p>        Sjokkavtale: Aldri vist<\/p>\n<p>    <\/a><\/p>\n<p> I anledningen samlet \u00e5rets deltakere seg for en finalefest p\u00e5 utestedet Proud Mary i Oslo. <\/p>\n<p>Blant finalistene er Magnus Helle (30), som har f\u00e5tt mye oppmerksomhet under deltakelsen &#8211; og kanskje spesielt for vennskapet med BliVakker-eier Einar \u00d8grey Brandsdal.\u00a0<\/p>\n<p>        <img loading=\"lazy\" decoding=\"async\" src=\"https:\/\/www.europesays.com\/no\/wp-content\/uploads\/2025\/12\/83999818.webp\" width=\"686\" height=\"1029\" title=\"Magnus Helle. Foto: Andreas Fadum\" alt=\"\" class=\"\" style=\"--aspect-ratio-image: 0.67; \"\/><\/p>\n<p>\n        Magnus Helle. Foto: Andreas Fadum\n    <\/p>\n<p>I oktober ble det ogs\u00e5 kjent at tospannet hadde blitt kollegaer.\u00a0<\/p>\n<p>&#8211; Han har v\u00e6rt en god veileder p\u00e5 hvordan jeg skal gj\u00f8re ting. Jeg f\u00f8ler meg noen ganger som et h\u00e5pl\u00f8st barn i den jobben, for det er mye nytt, forteller Helle til Se og H\u00f8r.<\/p>\n<p>        <img loading=\"lazy\" decoding=\"async\" src=\"https:\/\/www.europesays.com\/no\/wp-content\/uploads\/2025\/12\/83999900.webp\" width=\"667\" height=\"654\" title=\"Magnus Helle og Einar \u00d8grey Brandsdal. Foto: Andreas Fadum\" alt=\"\" class=\"\" style=\"--aspect-ratio-image: 1.02; \"\/><\/p>\n<p>\n        Magnus Helle og Einar \u00d8grey Brandsdal. Foto: Andreas Fadum\n    <\/p>\n<p>Helle er ansatt som influenser- og markedsstrateg i Brandsdal Group AS, som eier BliVakker, og til Se og H\u00f8r r\u00f8per han detaljer om hvordan samarbeidet med\u00a0Brandsdal har g\u00e5tt s\u00e5 langt.<\/p>\n<p>    <a itemprop=\"url\" href=\"https:\/\/www.seher.no\/kjendis\/avslorer-gladnyhet\/83999734\" rel=\"nofollow noopener\" target=\"_blank\"><\/p>\n<p>        <img loading=\"lazy\" decoding=\"async\" src=\"https:\/\/www.europesays.com\/no\/wp-content\/uploads\/2025\/12\/83999742.webp\" width=\"980\" height=\"441\" title=\"Avsl\u00f8rer gladnyhet\" alt=\"\" class=\"lazyload\" style=\"--aspect-ratio-image: 2.22; \"\/><\/p>\n<p>        Avsl\u00f8rer gladnyhet<\/p>\n<p>    <\/a><\/p>\n<p>&#8211; Jeg er ganske annerledes i jobben, og jeg kjenner ham som en sk\u00f8yer. Det er ikke alltid jeg har tatt han s\u00e5 seri\u00f8st. Vi er f\u00f8rst og fremst venner, og s\u00e5 kollegaer, forteller han videre.<\/p>\n<p>Melody Hamre (30) var ogs\u00e5 en av de som vakte oppsikt i \u00e5rets sesong. I en av episode ble det amper stemning mellom 30-\u00e5ringen og\u00a0<a href=\"https:\/\/www.dagbladet.no\/kjendis\/da-mamma-dode-klarte-jeg-a-leve\/83778966\" rel=\"nofollow noopener\" target=\"_blank\">Lotte Hoel (38)<\/a>, da de\u00a0<a href=\"https:\/\/www.dagbladet.no\/kjendis\/tatt-pa-senga\/83851907\" rel=\"nofollow noopener\" target=\"_blank\">havnet i ordkrig foran de andre deltakerne<\/a>.\u00a0<\/p>\n<p class=\"italic m-italic\" data-lab-italic=\"italic\">Se hva som skjedde i videoen under:<\/p>\n<p>        FULL KLINSJ: Lotte Hoel velger \u00e5 konfrontere Melody Hamre n\u00e5r hun kommer tilbake i huset i TV 2-programmet \u00abSpillet\u00bb. Video: Kine Falch \/ Nora Skavhaug \/ TV 2<\/p>\n<p>P\u00e5 et sp\u00f8rsm\u00e5l om hvordan responsen har v\u00e6rt i forbindelse med deltakelsen, svarer Hamre:<\/p>\n<p>        <img loading=\"lazy\" decoding=\"async\" src=\"https:\/\/www.europesays.com\/no\/wp-content\/uploads\/2025\/12\/83999816.webp\" width=\"686\" height=\"1029\" title=\"Melody Hamre. Foto: Andreas Fadum\" alt=\"\" class=\"\" style=\"--aspect-ratio-image: 0.67; \"\/><\/p>\n<p>\n        Melody Hamre. Foto: Andreas Fadum\n    <\/p>\n<p>&#8211; Det har v\u00e6rt b\u00e5de positivt og negativt.\u00a0<\/p>\n<p>&#8211; Jeg liker \u00e5 provosere, og jeg liker at folk skal mene noe. Det er helt vanlig for meg \u00e5 f\u00e5 negative reaksjoner. Det gir meg nesten litt bekreftelse, og jeg tenker at det kan v\u00e6re med p\u00e5 \u00e5 starte en debatt.\u00a0<\/p>\n<p>Hamre understreker at\u00a0hun hadde en god tone med alle deltakerne, og at hun ikke hadde noe uoppgjort.<\/p>\n<p>31-\u00e5r gamle Emma Aldal S\u00e6tre er ogs\u00e5 p\u00e5 plass onsdag kveld, og med seg har hun kj\u00e6resten Herman von Krogh L\u00f8vold (29).\u00a0<\/p>\n<p>        <img loading=\"lazy\" decoding=\"async\" src=\"https:\/\/www.europesays.com\/no\/wp-content\/uploads\/2025\/12\/83999916.webp\" width=\"667\" height=\"1001\" title=\"Emma og kj\u00e6resten Herman. Foto: Andreas Fadum\" alt=\"\" class=\"\" style=\"--aspect-ratio-image: 0.67; \"\/><\/p>\n<p>\n        Emma og kj\u00e6resten Herman. Foto: Andreas Fadum\n    <\/p>\n<p>Til Se og H\u00f8r r\u00f8per hun at hun m\u00f8tte den 29 \u00e5r gamle gartneren p\u00e5 Tinder i februar.\u00a0<\/p>\n<p>Influenser Martine Lunde (29) har selv v\u00e6rt en deltaker i kjendisversjonen av programmet, og tilh\u00f8rte den gang det veldig popul\u00e6re \u00abkjellerlaget\u00bb. I dag er hun en del av ekspertpanelet i\u00a0\u00abSpillet\u00bb.<\/p>\n<p>        <img loading=\"lazy\" decoding=\"async\" src=\"https:\/\/www.europesays.com\/no\/wp-content\/uploads\/2025\/12\/83999994.webp\" width=\"667\" height=\"1001\" title=\"Martine Lunde. Foto: Andreas Fadum\" alt=\"\" class=\"\" style=\"--aspect-ratio-image: 0.67; \"\/><\/p>\n<p>\n        Martine Lunde. Foto: Andreas Fadum\n    <\/p>\n<p>Til Se og H\u00f8r hyller hun innstatsen til \u00e5rets\u00a0\u00abvanlige\u00bb deltakere, og letter samtidig litt p\u00e5 sl\u00f8ret om sin nye flamme.\u00a0<\/p>\n<p>&#8211; Han er en fin fyr, forteller hun, og legger til at de feirer jul p\u00e5 hver sin kant.\u00a0<\/p>\n<p>&#8211; Vi kommer nok til \u00e5 henge litt i romjula.\u00a0<\/p>\n<p class=\"font-weight-bold m-font-weight-bold\" data-lab-font_weight=\"font-weight-bold\">Se alle bildene her:<\/p>\n<p>        <img loading=\"lazy\" decoding=\"async\" src=\"https:\/\/www.europesays.com\/no\/wp-content\/uploads\/2025\/12\/83999848.webp\" width=\"667\" height=\"1001\" title=\"Lotte Hoel. Foto: Andreas Fadum\" alt=\"\" class=\"\" style=\"--aspect-ratio-image: 0.67; \"\/><\/p>\n<p>\n        Lotte Hoel. Foto: Andreas Fadum\n    <\/p>\n<p>        <img loading=\"lazy\" decoding=\"async\" src=\"https:\/\/www.europesays.com\/no\/wp-content\/uploads\/2025\/12\/83999834.webp\" width=\"667\" height=\"841\" title=\"Simen Bondevik og kona Guro Helene. Foto: Andreas Fadum\" alt=\"\" class=\"\" style=\"--aspect-ratio-image: 0.79; \"\/><\/p>\n<p>\n        Simen Bondevik og kona Guro Helene. Foto: Andreas Fadum\n    <\/p>\n<p>        <img loading=\"lazy\" decoding=\"async\" src=\"https:\/\/www.europesays.com\/no\/wp-content\/uploads\/2025\/12\/83999793.webp\" width=\"667\" height=\"941\" title=\"Melody Hamre, Einar \u00d8grey Brandsdal, Martine Krafft og Dan Kolltveit. Foto: Andreas Fadum\" alt=\"\" class=\"\" style=\"--aspect-ratio-image: 0.71; \"\/><\/p>\n<p>\n        Melody Hamre, Einar \u00d8grey Brandsdal, Martine Krafft og Dan Kolltveit. Foto: Andreas Fadum\n    <\/p>\n<p>        <img loading=\"lazy\" decoding=\"async\" src=\"https:\/\/www.europesays.com\/no\/wp-content\/uploads\/2025\/12\/83999822.webp\" width=\"686\" height=\"1029\" title=\"Dan Kolltveit. Foto: Andreas Fadum\" alt=\"\" class=\"\" style=\"--aspect-ratio-image: 0.67; \"\/><\/p>\n<p>\n        Dan Kolltveit. Foto: Andreas Fadum\n    <\/p>\n<p>        <img loading=\"lazy\" decoding=\"async\" src=\"https:\/\/www.europesays.com\/no\/wp-content\/uploads\/2025\/12\/83999827.webp\" width=\"667\" height=\"794\" title=\"Tove Hasselquist Evensen og Lene Henriksen Larsen. Foto: Andreas Fadum\" alt=\"\" class=\"\" style=\"--aspect-ratio-image: 0.84; \"\/><\/p>\n<p>\n        Tove Hasselquist Evensen og Lene Henriksen Larsen. Foto: Andreas Fadum\n    <\/p>\n<p>        <img loading=\"lazy\" decoding=\"async\" src=\"https:\/\/www.europesays.com\/no\/wp-content\/uploads\/2025\/12\/83999823.webp\" width=\"686\" height=\"460\" title=\"Jon Gerald Kristiansen, Emma Aldal S\u00e6tre og Binyamin Abdulkadir Mahamoud. Foto: Andreas Fadum\" alt=\"\" class=\"\" style=\"--aspect-ratio-image: 1.49; \"\/><\/p>\n<p>\n        Jon Gerald Kristiansen, Emma Aldal S\u00e6tre og Binyamin Abdulkadir Mahamoud. Foto: Andreas Fadum\n    <\/p>\n","protected":false},"excerpt":{"rendered":"\u00abSpillet\u00bb-finale: Vinneren av \u00abSpillet\u00bb er endelig k\u00e5ret. Se alle bildene fra finalefesten her! ROMANSE: Martine Lunde r\u00f8per detaljer&hellip;\n","protected":false},"author":2,"featured_media":115927,"comment_status":"","ping_status":"","sticky":false,"template":"","format":"standard","meta":{"footnotes":""},"categories":[58],"tags":[71,14013,479,2543,30,28,29,2398,72,4751],"class_list":{"0":"post-115926","1":"post","2":"type-post","3":"status-publish","4":"format-standard","5":"has-post-thumbnail","7":"category-underholdning","8":"tag-entertainment","9":"tag-finalefest","10":"tag-kjendis","11":"tag-kjendisdesken","12":"tag-no","13":"tag-norge","14":"tag-norway","15":"tag-spillet","16":"tag-underholdning","17":"tag-vinner"},"share_on_mastodon":{"url":"https:\/\/pubeurope.com\/@no\/115736996218779757","error":""},"_links":{"self":[{"href":"https:\/\/www.europesays.com\/no\/wp-json\/wp\/v2\/posts\/115926","targetHints":{"allow":["GET"]}}],"collection":[{"href":"https:\/\/www.europesays.com\/no\/wp-json\/wp\/v2\/posts"}],"about":[{"href":"https:\/\/www.europesays.com\/no\/wp-json\/wp\/v2\/types\/post"}],"author":[{"embeddable":true,"href":"https:\/\/www.europesays.com\/no\/wp-json\/wp\/v2\/users\/2"}],"replies":[{"embeddable":true,"href":"https:\/\/www.europesays.com\/no\/wp-json\/wp\/v2\/comments?post=115926"}],"version-history":[{"count":0,"href":"https:\/\/www.europesays.com\/no\/wp-json\/wp\/v2\/posts\/115926\/revisions"}],"wp:featuredmedia":[{"embeddable":true,"href":"https:\/\/www.europesays.com\/no\/wp-json\/wp\/v2\/media\/115927"}],"wp:attachment":[{"href":"https:\/\/www.europesays.com\/no\/wp-json\/wp\/v2\/media?parent=115926"}],"wp:term":[{"taxonomy":"category","embeddable":true,"href":"https:\/\/www.europesays.com\/no\/wp-json\/wp\/v2\/categories?post=115926"},{"taxonomy":"post_tag","embeddable":true,"href":"https:\/\/www.europesays.com\/no\/wp-json\/wp\/v2\/tags?post=115926"}],"curies":[{"name":"wp","href":"https:\/\/api.w.org\/{rel}","templated":true}]}}