{"id":115930,"date":"2025-12-17T21:22:16","date_gmt":"2025-12-17T21:22:16","guid":{"rendered":"https:\/\/www.europesays.com\/no\/115930\/"},"modified":"2025-12-17T21:22:16","modified_gmt":"2025-12-17T21:22:16","slug":"spillet-vinneren-skal-kares-se-bildene-fra-finalefesten-3","status":"publish","type":"post","link":"https:\/\/www.europesays.com\/no\/115930\/","title":{"rendered":"\u00abSpillet\u00bb-vinneren skal k\u00e5res: Se bildene fra finalefesten"},"content":{"rendered":"<p>Washington koker etter skandaleintervjuet med Vanity Fair der Donald Trumps stabssjef, Susie Wiles, blant annet sa at presidenten har\u00a0\u00aben alkoholikers personlighet\u00bb.<\/p>\n<p>Omtrent samtidig har Trump selv &#8211; som har tatt Wiles i forsvar &#8211; annonsert at han skal adressere nasjonen p\u00e5 direktesendt TV.\u00a0<\/p>\n<p>&#8211; Det har v\u00e6rt et fantastisk \u00e5r for landet v\u00e5rt, og det beste gjenst\u00e5r, skriver Trump i en melding p\u00e5 Truth Social.<\/p>\n<p>If\u00f8lge Civita-r\u00e5dgiver og USA-kjenner Eirik L\u00f8kke er ikke denne type TV-taler en tradisjon for amerikanske presidenter. Det er imidlertid den tradisjonelle\u00a0\u00abState of the Union\u00bb-talen, som typisk blir gitt i januar eller februar.<\/p>\n<p>L\u00f8kke tror Trump kommer til \u00e5 snakke om alt &#8211; og ingenting, under sin tale.<\/p>\n<p>&#8211; Det kan bli alt mulig. Mitt tips er at han skal skryte av alt han har gjort det siste \u00e5ret, sier L\u00f8kke til Dagbladet.<\/p>\n<p>USA-eksperten p\u00e5peker at noe av det viktigste for amerikanske velgere er \u00f8konomien.<\/p>\n<p>&#8211; Han vil si at \u00f8konomien er den beste noensinne. Det viktigste for hans oppslutning er f\u00f8lgende: Hva skjer med \u00f8konomien? Hva f\u00f8ler velgerne om hans h\u00e5ndtering?<\/p>\n<p>        LEI: Pressetalskvinne for Det hvite hus, Karoline Leavitt, sier at president Donald Trump er sv\u00e6rt frustrert over b\u00e5de Ukraina og Russland. Video: Reuters<\/p>\n<p>Venezuela-nyhet?<\/p>\n<p>Trump skal tale til nasjonen natt til torsdag norsk tid. Tirsdag kveld annonserte Trump en maritim blokkade av Venezuela, samt utpekte president <a href=\"https:\/\/borsen.dagbladet.no\/nyheter\/beordrer-blokade\/83994983\" rel=\"nofollow noopener\" target=\"_blank\">Nicol\u00e1s Maduros regime som en utenlandsk terrororganisasjon<\/a>.<\/p>\n<p>&#8211;\u00a0Venezuela er fullstendig omringet av den st\u00f8rste armadaen som noen gang er samlet i S\u00f8r-Amerikas historie. Den blir enda st\u00f8rre, skrev Trump p\u00e5 Truth Social.<\/p>\n<p>L\u00f8kke utelukker ikke at Trump kan komme med flere Venezuela-nyheter i l\u00f8pet av nattens tale.<\/p>\n<p>&#8211; Kanskje blir det noe om Venezuela. Det har v\u00e6rt en opptrapping med blokaden n\u00e5, sier han og legger til:<\/p>\n<p>&#8211; Om det kommer noe om Venezuela, s\u00e5 kommer det mye annet. Trump greier ikke holde seg til en ting.<\/p>\n<p>        DET HVITE HUS: Under president Donald Trumps julesamling p\u00e5 Det hvite hus avbryter han talens sin da han f\u00e5r \u00f8ye p\u00e5 en kvinne i salen. Video: X og Youtube\/The White House. Reporter: Trond Markus Gravdal<\/p>\n<p>Reagerte p\u00e5 budskap<\/p>\n<p>Flere reagerte med sjokk og vantro etter at Trump uttalte seg i sv\u00e6rt kritisk ordelag om drapsofrene Rob Reiner (78) og kona Michele Singer Reiner (68) nylig.<\/p>\n<p>Deres s\u00f8nn, Nick Reiner (32), er siktet for \u00e5 ha drept sine foreldre.<\/p>\n<p> Trump skrev i et innlegg p\u00e5 Truth Social at drapene skjedde \u00abangivelig p\u00e5 grunn av sinnet han vekket hos andre gjennom sin massive, ub\u00f8yelige og uhelbredelige lidelse av en sinnslammende sykdom kjent som Trump Derangement Syndrome, noen ganger omtalt som TDS.\u00bb <\/p>\n<p>    <a itemprop=\"url\" href=\"https:\/\/www.dagbladet.no\/kjendis\/dette-er-motbydelig\/83987252\" rel=\"nofollow noopener\" target=\"_blank\"><\/p>\n<p>        <img loading=\"lazy\" decoding=\"async\" src=\"https:\/\/www.europesays.com\/no\/wp-content\/uploads\/2025\/12\/1766006535_675_83981186.webp\" width=\"980\" height=\"441\" title=\"- Dette er motbydelig\" alt=\"\" class=\"lazyload\" style=\"--aspect-ratio-image: 2.22; \"\/><\/p>\n<p>        &#8211; Dette er motbydelig <\/p>\n<p>    <\/a><\/p>\n<p>L\u00f8kke tror imidlertid ikke uttalelsene til Trump vil hefte seg ved ham, eller hans tilhengere.<\/p>\n<p>&#8211; Det er alltid lett \u00e5 huske det siste som blir sagt, men Trump har sagt mange dr\u00f8ye ting de siste ti \u00e5rene, sier L\u00f8kke, og viser til da Trump &#8211; den gang presidentkandidat &#8211; gjorde <a href=\"https:\/\/www.youtube.com\/watch?v=PX9reO3QnUA\" rel=\"nofollow noopener\" target=\"_blank\">narr av en funksjonsnedsatt reporter<\/a>.<\/p>\n<p>&#8211; Dummet seg ut<\/p>\n<p>Det som imidlertid kan bli en st\u00f8rre hodepine for presidenten er <a href=\"https:\/\/www.vanityfair.com\/news\/story\/trump-susie-wiles-interview-exclusive-part-1\" rel=\"nofollow noopener\" target=\"_blank\">Vanity Fair<\/a> sitt intervju med stabssjef Susie Wiles.<\/p>\n<p>I tillegg til \u00e5 hevde at Trump har personligheten til en alkoholiker, sier ogs\u00e5 Wiles at visepresident J.D Vance er\u00a0\u00abkonspirasjonsteoretiker\u00bb.<\/p>\n<p>Siden intervjuet ble sluppet tirsdag har Wiles&#8217; sitater blitt omtalt verden rundt.\u00a0<\/p>\n<p>Til tross for at de begge har st\u00f8ttet Wiles, tror ikke L\u00f8kke intervjuet falt i god smak hos Trump eller Vance.<\/p>\n<p>&#8211; Dette intervjuet sier veldig mye om en chief of staff, sier L\u00f8kke som mener mener det vitner om manglende kontroll hos en av Trumps n\u00e6rmeste medarbeidere.<\/p>\n<p>        TIRADE: Donald Trump Jr. kom med tirade mot Ukraina og Europa, og sa president Trump kan stanse st\u00f8tten til Ukraina. Video: Reuters<\/p>\n<p>&#8211; Det er en monumental feilvurdering av Wiles \u00e5 gj\u00f8re et slikt intervju. Hun hevder seg feil fremstilt, men virker ikke engang sikker p\u00e5 hva som er on eller off-record, sier L\u00f8kke.<\/p>\n<p>Civita-r\u00e5dgiveren sier Wiles har dummet seg ut.<\/p>\n<p>&#8211; Hun har ikke benektet noen av utsagnene, og journalisten har alt p\u00e5 b\u00e5nd. Wiles har rett og slett dummet seg loddrett ut, sier L\u00f8kke.<\/p>\n<p>Wiles har lenge v\u00e6rt veldig h\u00f8yt ansett i administrasjonen til Trump, forteller han. Det kan imidlertid snu n\u00e5.<\/p>\n<p>&#8211; Hennes stilling er mye mer usikker enn den var. Hele intervjuet er ogs\u00e5 en illustrasjon p\u00e5 det vi ser: Det er helt uklart hvordan beslutninger tas i Det hvite hus. Det minner mer om \u00abDet gale hus\u00bb, sier L\u00f8kke.<\/p>\n<p>    <a itemprop=\"url\" href=\"https:\/\/www.dagbladet.no\/sport\/vekker-uro\/83997742\" rel=\"nofollow noopener\" target=\"_blank\"><\/p>\n<p>        <img loading=\"lazy\" decoding=\"async\" src=\"https:\/\/www.europesays.com\/no\/wp-content\/uploads\/2025\/12\/1766006536_123_83997976.webp\" width=\"980\" height=\"441\" title=\"Vekker uro\" alt=\"\" class=\"lazyload\" style=\"--aspect-ratio-image: 2.22; \"\/><\/p>\n<p>        Vekker uro<\/p>\n<p>    <\/a><\/p>\n<p>&#8211; Utenkelig<\/p>\n<p>USA-eksperten er imidlertid usikker p\u00e5 hva slags konsekvenser intervjuet vil f\u00e5 for Trump.<\/p>\n<p>&#8211; Det er s\u00e5 mange ting som skulle v\u00e6rt alvorlig for Trump under normale omstendigheter som ikke er det, sier han og legger til:<\/p>\n<p>&#8211; Hadde en annen president sagt noe som om Rob Reiner ville det v\u00e6rt helt utenkelig.<\/p>\n<p>L\u00f8kke trekker igjen fram \u00f8konomien i USA som det aller viktigste som vil definere hans popularitet &#8211; og at dette kan bli tema i nattens tale.<\/p>\n<p>&#8211; Det er \u00f8konomien som kommer til \u00e5 definere folks oppfattelse av hans periode, og det er \u00f8konomien som kommer til \u00e5 avgj\u00f8re Trumps presidentskap, sier han.<\/p>\n","protected":false},"excerpt":{"rendered":"Washington koker etter skandaleintervjuet med Vanity Fair der Donald Trumps stabssjef, Susie Wiles, blant annet sa at presidenten&hellip;\n","protected":false},"author":2,"featured_media":115931,"comment_status":"","ping_status":"","sticky":false,"template":"","format":"standard","meta":{"footnotes":""},"categories":[10],"tags":[20,21,24,25,14013,15,479,22,23,13,30,28,29,14,16,2398,26,27,4751],"class_list":{"0":"post-115930","1":"post","2":"type-post","3":"status-publish","4":"format-standard","5":"has-post-thumbnail","7":"category-norge","8":"tag-breaking-news","9":"tag-breakingnews","10":"tag-featured-news","11":"tag-featurednews","12":"tag-finalefest","13":"tag-headlines","14":"tag-kjendis","15":"tag-latest-news","16":"tag-latestnews","17":"tag-news","18":"tag-no","19":"tag-norge","20":"tag-norway","21":"tag-nyheter","22":"tag-overskrifter","23":"tag-spillet","24":"tag-top-stories","25":"tag-topstories","26":"tag-vinner"},"share_on_mastodon":{"url":"https:\/\/pubeurope.com\/@no\/115737011435441284","error":""},"_links":{"self":[{"href":"https:\/\/www.europesays.com\/no\/wp-json\/wp\/v2\/posts\/115930","targetHints":{"allow":["GET"]}}],"collection":[{"href":"https:\/\/www.europesays.com\/no\/wp-json\/wp\/v2\/posts"}],"about":[{"href":"https:\/\/www.europesays.com\/no\/wp-json\/wp\/v2\/types\/post"}],"author":[{"embeddable":true,"href":"https:\/\/www.europesays.com\/no\/wp-json\/wp\/v2\/users\/2"}],"replies":[{"embeddable":true,"href":"https:\/\/www.europesays.com\/no\/wp-json\/wp\/v2\/comments?post=115930"}],"version-history":[{"count":0,"href":"https:\/\/www.europesays.com\/no\/wp-json\/wp\/v2\/posts\/115930\/revisions"}],"wp:featuredmedia":[{"embeddable":true,"href":"https:\/\/www.europesays.com\/no\/wp-json\/wp\/v2\/media\/115931"}],"wp:attachment":[{"href":"https:\/\/www.europesays.com\/no\/wp-json\/wp\/v2\/media?parent=115930"}],"wp:term":[{"taxonomy":"category","embeddable":true,"href":"https:\/\/www.europesays.com\/no\/wp-json\/wp\/v2\/categories?post=115930"},{"taxonomy":"post_tag","embeddable":true,"href":"https:\/\/www.europesays.com\/no\/wp-json\/wp\/v2\/tags?post=115930"}],"curies":[{"name":"wp","href":"https:\/\/api.w.org\/{rel}","templated":true}]}}