{"id":115944,"date":"2025-12-17T21:39:14","date_gmt":"2025-12-17T21:39:14","guid":{"rendered":"https:\/\/www.europesays.com\/no\/115944\/"},"modified":"2025-12-17T21:39:14","modified_gmt":"2025-12-17T21:39:14","slug":"jorn-andersen-domt-for-vold-mot-kvinner-og-for-drap","status":"publish","type":"post","link":"https:\/\/www.europesays.com\/no\/115944\/","title":{"rendered":"J\u00f8rn Andersen d\u00f8mt for vold mot kvinner \u2013 og for drap"},"content":{"rendered":"\n<ul class=\"_list_o9xde_3 _list_64s2r_85 _unordered_o9xde_106 text-sans-m\">\n<li class=\"_item_o9xde_30\">J\u00f8rn Andersen er siktet for drap p\u00e5 en kvinne i 30-\u00e5rene i Orkland, Tr\u00f8ndelag.<\/li>\n<li class=\"_item_o9xde_30\">Andersen har en historie med domfellelser for vold og drap, hovedsakelig mot kvinner.<\/li>\n<li class=\"_item_o9xde_30\">Han ble l\u00f8slatt fra fengsel i desember 2025 etter en dom for promillekj\u00f8ring.<\/li>\n<\/ul>\n<p>Vis mer <\/p>\n<p class=\"_paragraph_o9xde_4 _paragraph_xtcu6_10 layout-component text-serif-m layout-normal text-serif-m layout-padded\">N\u00e5 mener politiet at han har drept igjen.<\/p>\n<p class=\"_paragraph_o9xde_4 _paragraph_xtcu6_10 layout-component text-serif-m layout-normal text-serif-m layout-padded\">Sent l\u00f8rdag kveld ble J\u00f8rn Andersen <a href=\"https:\/\/www.vg.no\/nyheter\/i\/bOKp7q\/marita-35-drept-i-orkland\" data-track-element-type=\"Link\" data-track-id=\"link:bOKp7q\" class=\"_link_o9xde_39\" rel=\"nofollow noopener\" target=\"_blank\">siktet for drapet p\u00e5 en Marita L\u00f8fshus Haugen (35)<\/a>, som ble funnet utend\u00f8rs i <a href=\"https:\/\/www.vg.no\/tag\/orkland?utm_source=vg-article&amp;utm_medium=auto-tagger&amp;utm_campaign=XMwKG7\" class=\"_link_o9xde_39\" rel=\"nofollow noopener\" target=\"_blank\">Orkland<\/a> i Tr\u00f8ndelag.<\/p>\n<p class=\"_paragraph_o9xde_4 _paragraph_xtcu6_10 layout-component text-serif-m layout-normal text-serif-m layout-padded\">Det er ikke kjent hvordan han stiller seg til siktelsen. Andersen ble<a href=\"https:\/\/www.vg.no\/nyheter\/i\/q6ngEz\/opplysninger-til-vg-joern-andersen-siktet-for-drap-i-orkland\" data-track-element-type=\"Link\" data-track-id=\"link:q6ngEz\" class=\"_link_o9xde_39\" rel=\"nofollow noopener\" target=\"_blank\"> mandag varetekts\u00adfengslet\u00a0<\/a>i fire uker med brev- og bes\u00f8ksforbud.<\/p>\n<p class=\"_paragraph_o9xde_4 _paragraph_xtcu6_10 layout-component text-serif-m layout-normal text-serif-m layout-padded\">Dermed er 54-\u00e5ringen igjen tilbake i fengsel, hvor han har tilbrakt store deler av sitt voksne liv.<\/p>\n<p class=\"_paragraph_o9xde_4 _paragraph_xtcu6_10 layout-component text-serif-m layout-normal text-serif-m layout-padded\">Den f\u00f8rste dommen fikk han allerede i 1990, for en voldshendelse fra da han var 17 \u00e5r.<\/p>\n<p class=\"_paragraph_o9xde_4 _paragraph_xtcu6_10 layout-component text-serif-m layout-normal text-serif-m layout-padded\"><strong class=\"_strong_o9xde_25\">Les ogs\u00e5:<\/strong> <a href=\"https:\/\/www.vg.no\/nyheter\/i\/bOKA45\/kvinnen-i-30-aarene-sa-til-vennene-sine-at-den-drapssiktede-skulle-holde-seg-unna\" data-track-element-type=\"Link\" data-track-id=\"link:bOKA45\" class=\"_link_o9xde_39\" rel=\"nofollow noopener\" target=\"_blank\">Drapsofferets melding bare timer f\u00f8r drapet<\/a><\/p>\n<p><img alt=\"DRAPSALARM: Den drepte kvinnen i 30-\u00e5rene ble funnet utend\u00f8rs i Orkland i Tr\u00f8ndelag. De to var begge tilknyttet Bj\u00f8rnli Gjesteheim.  Foto: Joakim Halvorsen \/ NTB\" class=\"_image_qp4xg_65 layout-component layout-normal\" data-fullscreen- data-track-element-type=\"Article image fullscreen\" data-track-name=\"ImageFullscreen\" decoding=\"async\" loading=\"lazy\" height=\"5504\" itemprop=\"image\"  src=\"https:\/\/www.europesays.com\/no\/wp-content\/uploads\/2025\/12\/2bfc47f9-b613-436f-b6d6-5418b985b98c\"  style=\"object-position:0% 0%\" width=\"8256\"\/>DRAPSALARM: Den drepte kvinnen i 30-\u00e5rene ble funnet utend\u00f8rs i Orkland i Tr\u00f8ndelag. De to var begge tilknyttet Bj\u00f8rnli Gjesteheim.  Foto: Joakim Halvorsen \/ NTBVold og drap<\/p>\n<p class=\"_paragraph_o9xde_4 _paragraph_xtcu6_10 layout-component text-serif-m layout-normal text-serif-m layout-padded\">I 1993 ble han d\u00f8mt til seks m\u00e5neders fengsel for vold mot en kvinne han tidligere hadde hatt et kj\u00e6resteforhold til.<\/p>\n<p class=\"_paragraph_o9xde_4 _paragraph_xtcu6_10 layout-component text-serif-m layout-normal text-serif-m layout-padded\">Han ble ogs\u00e5 domfelt for telefonterror mot kvinnens familie i to\u2013tre m\u00e5neder etter at forholdet tok slutt.<\/p>\n<p class=\"_paragraph_o9xde_4 _paragraph_xtcu6_10 layout-component text-serif-m layout-normal text-serif-m layout-padded\">Senere p\u00e5 1990-tallet var han kj\u00e6reste og samboer med en annen kvinne, som skal ha blitt utsatt for vold og psykisk terror i lang tid.<\/p>\n<p><img alt=\"\" class=\"_image_qp4xg_65 layout-component layout-normal\" data-fullscreen- data-track-element-type=\"Article image fullscreen\" data-track-name=\"ImageFullscreen\" decoding=\"async\" loading=\"lazy\" height=\"1144\" itemprop=\"image\"  src=\"https:\/\/www.europesays.com\/no\/wp-content\/uploads\/2025\/12\/945c1fe0-8be2-491b-abdc-ca4069a009b2\"  style=\"object-position:0% 0%\" width=\"810\"\/><\/p>\n<p class=\"_paragraph_o9xde_4 _paragraph_xtcu6_10 layout-component text-serif-m layout-normal text-serif-m layout-padded\">\u2013 Jeg oppfattet ham som sykelig sjalu, skal kvinnen ha forklart i H\u00e5logaland lagmannsrettlagmannsrettEn lagmannsrett er en domstol som behandler anker over avgj\u00f8relser fra tingretten, og er dermed en h\u00f8yere rettsinstans..<\/p>\n<p class=\"_paragraph_o9xde_4 _paragraph_xtcu6_10 layout-component text-serif-m layout-normal text-serif-m layout-padded\">\u00abHun m\u00e5tte flytte til Narvik i august 1998 for \u00e5 komme seg vekk. Hun anmeldte tiltalte for de fremsatte trusler, men politiet henla saken i november 1998 til tross for erkjennelse fra tiltaltes side i politiavh\u00f8r\u00bb, skriver lagmannsretten.<\/p>\n<p class=\"_paragraph_o9xde_4 _paragraph_xtcu6_10 layout-component text-serif-m layout-normal text-serif-m layout-padded\">I 1999 ble J\u00f8rn Andersen <a href=\"https:\/\/www.vg.no\/nyheter\/i\/0pE8gE\/drapsmannen-siktet-helt-for-jaevlig\" data-track-element-type=\"Link\" data-track-id=\"link:0pE8gE\" class=\"_link_o9xde_39\" rel=\"nofollow noopener\" target=\"_blank\">d\u00f8mt for overlagt drap p\u00e5 16 \u00e5r gamle Linn Charlott Nesblom<\/a> i Mel\u00f8y.<\/p>\n<p><img alt=\" \" class=\"_image_qp4xg_65 layout-component layout-normal\" data-fullscreen- data-track-element-type=\"Article image fullscreen\" data-track-name=\"ImageFullscreen\" decoding=\"async\" loading=\"lazy\" height=\"1008\" itemprop=\"image\"  src=\"https:\/\/www.europesays.com\/no\/wp-content\/uploads\/2025\/12\/1766007551_273_7b10bc22-9ddd-4f1b-beda-45ad788a9f59\"  style=\"object-position:0% 0%\" width=\"756\"\/>DREPT: Linn Charlott Nesblom ble bare 16 \u00e5r gammel.  Foto: Privat<\/p>\n<p class=\"_paragraph_o9xde_4 _paragraph_xtcu6_10 layout-component text-serif-m layout-normal text-serif-m layout-padded\">Andersen var 27 \u00e5r gammel da han innledet er forhold til 14 \u00e5r gamle Linn Charlott, som p\u00e5 det tidspunktet bodde p\u00e5 hybel.<\/p>\n<p class=\"_paragraph_o9xde_4 _paragraph_xtcu6_10 layout-component text-serif-m layout-normal text-serif-m layout-padded\">Han opps\u00f8kte henne hjemme, kvalte og truet henne, f\u00f8r han noen uker <a href=\"https:\/\/www.vg.no\/nyheter\/i\/0pE8gE\/drapsmannen-siktet-helt-for-jaevlig\" data-track-element-type=\"Link\" data-track-id=\"link:0pE8gE\" class=\"_link_o9xde_39\" rel=\"nofollow noopener\" target=\"_blank\">senere knivdrepte henne <\/a>under et vorspiel.<\/p>\n<p class=\"_paragraph_o9xde_4 _paragraph_xtcu6_10 layout-component text-serif-m layout-normal text-serif-m layout-padded\">Andersens straff ble senere fastsatt til 15 \u00e5rs fengsel.<\/p>\n<p class=\"_paragraph_o9xde_4 _paragraph_xtcu6_10 layout-component text-serif-m layout-normal text-serif-m layout-padded\">Linn Charlotts mor Helen Nesblom <a href=\"https:\/\/www.vg.no\/nyheter\/i\/0pE8gE\/drapsmannen-siktet-helt-for-jaevlig\" data-track-element-type=\"Link\" data-track-id=\"link:0pE8gE\" class=\"_link_o9xde_39\" rel=\"nofollow noopener\" target=\"_blank\">sa til VG mandag <\/a>at det var som \u00e5 v\u00e6re tilbake i 1999 da hun h\u00f8rte hva som hadde skjedd.<\/p>\n<p class=\"_paragraph_o9xde_4 _paragraph_xtcu6_10 layout-component text-serif-m layout-normal text-serif-m layout-padded\">\u2013 Jeg f\u00f8ler med de som n\u00e5 m\u00e5 oppleve dette her, det er tragisk, <a href=\"https:\/\/www.vg.no\/nyheter\/i\/0pE8gE\/drapsmannen-siktet-helt-for-jaevlig\" data-track-element-type=\"Link\" data-track-id=\"link:0pE8gE\" class=\"_link_o9xde_39\" rel=\"nofollow noopener\" target=\"_blank\">sa hun til VG<\/a>.<\/p>\n<p>Fikk ny kj\u00e6reste i fengselet<\/p>\n<p class=\"_paragraph_o9xde_4 _paragraph_xtcu6_10 layout-component text-serif-m layout-normal text-serif-m layout-padded\">Mens Andersen sonet fengsels\u00adstraffen for det grufulle knivdrapet p\u00e5 ten\u00e5ringsjenta, traff han en ny kvinne.<\/p>\n<p class=\"_paragraph_o9xde_4 _paragraph_xtcu6_10 layout-component text-serif-m layout-normal text-serif-m layout-padded\">De to ble kj\u00e6rester i 2006, mens de begge sonet i Trondheim fengsel, p\u00e5 en avdeling som tidligere huset b\u00e5de mannlige og kvinnelige innsatte.<\/p>\n<p><img alt=\"ORKLAND: I helgen ble det tent flere lys i sn\u00f8en ved stedet der kvinnen i 30-\u00e5rene ble funnet drept.   Foto: Hedda Kurseth \/ VG\" class=\"_image_qp4xg_65 layout-component layout-normal\" data-fullscreen- data-track-element-type=\"Article image fullscreen\" data-track-name=\"ImageFullscreen\" decoding=\"async\" loading=\"lazy\" height=\"1440\" itemprop=\"image\"  src=\"https:\/\/www.europesays.com\/no\/wp-content\/uploads\/2025\/12\/73ad4faa-6c91-4639-8bf2-27185abcfd86\"  style=\"object-position:0% 0%\" width=\"2160\"\/>ORKLAND: I helgen ble det tent flere lys i sn\u00f8en ved stedet der kvinnen i 30-\u00e5rene ble funnet drept.   Foto: Hedda Kurseth \/ VG<\/p>\n<p class=\"_paragraph_o9xde_4 _paragraph_xtcu6_10 layout-component text-serif-m layout-normal text-serif-m layout-padded\">Etter at kvinnen ble l\u00f8slatt i 2007, fortsatte de \u00e5 m\u00f8tes under hans permisjoner, og han fikk n\u00f8kkel til leiligheten hennes.<\/p>\n<p class=\"_paragraph_o9xde_4 _paragraph_xtcu6_10 layout-component text-serif-m layout-normal text-serif-m layout-padded\">Til S\u00f8r-Tr\u00f8ndelag tingrett har kvinnen beskrevet Andersen som sjalu og kontrollerende, og at konflikter mellom dem eskalerte.<\/p>\n<p class=\"_paragraph_o9xde_4 _paragraph_xtcu6_10 layout-component text-serif-m layout-normal text-serif-m layout-padded\">H\u00f8sten 2008 \u2013 under en s\u00e5kalt timepermisjon fra fengselet \u2013 skal Andersen ha opps\u00f8kt leiligheten hennes og kommet med grove trusler.<\/p>\n<p>\u00abDu vet du skal d\u00f8 n\u00e5?\u00bb<\/p>\n<p class=\"_paragraph_o9xde_4 _paragraph_xtcu6_10 layout-component text-serif-m layout-normal text-serif-m layout-padded\">En sommerdag i 2009 v\u00e5knet kvinnen av at Andersen satt inne p\u00e5 soverommet hennes.<\/p>\n<p class=\"_paragraph_o9xde_4 _paragraph_xtcu6_10 layout-component text-serif-m layout-normal text-serif-m layout-padded\">Basketaket som oppsto, skal ha endt med at Andersen tok kvelertak p\u00e5 kvinnen og sa:<\/p>\n<p class=\"_paragraph_o9xde_4 _paragraph_xtcu6_10 layout-component text-serif-m layout-normal text-serif-m layout-padded\">\u00abBle du redd n\u00e5? Jeg trodde ikke du var redd for \u00e5 d\u00f8.\u00bb<\/p>\n<p class=\"_paragraph_o9xde_4 _paragraph_xtcu6_10 layout-component text-serif-m layout-normal text-serif-m layout-padded\">\u00abDu vet du skal d\u00f8 n\u00e5?\u00bb<\/p>\n<p class=\"_paragraph_o9xde_4 _paragraph_xtcu6_10 layout-component text-serif-m layout-normal text-serif-m layout-padded\">Voldshendelsen ble avbrutt da kvinnens far ringte \u2013 og kvinnen klarte senere \u00e5 r\u00f8mme fra leiligheten.<\/p>\n<p>\u2013 Holde meg unna kvinner<\/p>\n<p class=\"_paragraph_o9xde_4 _paragraph_xtcu6_10 layout-component text-serif-m layout-normal text-serif-m layout-padded\">S\u00f8r-Tr\u00f8ndelag tingrett d\u00f8mte Andersen til forvaringforvaringForvaring er en type fengselsstraff som kan forlenges p\u00e5 ubestemt tid for spesielt farlige lovbrytere, for \u00e5 beskytte samfunnet. \u2013 en tidsubestemt fengselsstraff for spesielt farlige lovbrytere.<\/p>\n<p class=\"_paragraph_o9xde_4 _paragraph_xtcu6_10 layout-component text-serif-m layout-normal text-serif-m layout-padded\">I ankesaken i 2012 skal Andersen ha uttalt f\u00f8lgende i retten, if\u00f8lge papiravisen til Avisa Nordland:<\/p>\n<p class=\"_paragraph_o9xde_4 _paragraph_xtcu6_10 layout-component text-serif-m layout-normal text-serif-m layout-padded\"><strong class=\"_strong_o9xde_25\">\u2013 Jeg skj\u00f8nner at jeg m\u00e5 holde meg langt unna kvinner. Det blir problemer n\u00e5r det skj\u00e6rer seg.<\/strong><\/p>\n<p><img alt=\"FORKLARTE SEG: Dette bildet er fra 2000, da J\u00f8rn Andersen forklarte seg i drapssaken i Mel\u00f8y.   Foto: Terje Mortensen \/ VG\" class=\"_image_qp4xg_65 layout-component layout-normal\" data-fullscreen- data-track-element-type=\"Article image fullscreen\" data-track-name=\"ImageFullscreen\" decoding=\"async\" loading=\"lazy\" height=\"1312\" itemprop=\"image\"  src=\"https:\/\/www.europesays.com\/no\/wp-content\/uploads\/2025\/12\/bae9440a-e245-4346-b659-3dc6e65876ab\"  style=\"object-position:0% 0%\" width=\"2000\"\/>FORKLARTE SEG: Dette bildet er fra 2000, da J\u00f8rn Andersen forklarte seg i drapssaken i Mel\u00f8y.   Foto: Terje Mortensen \/ VG<\/p>\n<p class=\"_paragraph_o9xde_4 _paragraph_xtcu6_10 layout-component text-serif-m layout-normal text-serif-m layout-padded\"><strong class=\"_strong_o9xde_25\">\u2013 Jeg ser veldig m\u00f8rkt p\u00e5 \u00e5 g\u00e5 inn i nye forhold. Jeg har bestemt meg for \u00e5 holde meg unna kvinner.<\/strong><\/p>\n<p class=\"_paragraph_o9xde_4 _paragraph_xtcu6_10 layout-component text-serif-m layout-normal text-serif-m layout-padded\">Frostating lagmannsrett d\u00f8mte ham likevel til forvaring.<\/p>\n<p>Psykiatriske diagnoser<\/p>\n<p class=\"_paragraph_o9xde_4 _paragraph_xtcu6_10 layout-component text-serif-m layout-normal text-serif-m layout-padded\">Gjennom \u00e5rene har Andersen gjennomg\u00e5tt flere rettspsykiatriske unders\u00f8kelserrettspsykiatriske unders\u00f8kelserRettspsykiatriske unders\u00f8kelser er vurderinger gjort av psykiatere for \u00e5 avgj\u00f8re en persons mentale tilstand i forbindelse med en rettssak.. <\/p>\n<p class=\"_paragraph_o9xde_4 _paragraph_xtcu6_10 layout-component text-serif-m layout-normal text-serif-m layout-padded\">B\u00e5de i 2000 og 2010 fikk han diagnosene dyssosialdyssosialDyssosial personlighetsforstyrrelse er en psykisk lidelse kjennetegnet ved mangel p\u00e5 empati, ansvarsf\u00f8lelse og respekt for sosiale normer. og emosjonelt ustabil personlighetsforstyrrelseemosjonelt ustabil personlighetsforstyrrelseEmosjonelt ustabil personlighetsforstyrrelse er en psykisk lidelse som inneb\u00e6rer ustabile f\u00f8lelser, relasjoner og selvbilde..<\/p>\n<p class=\"_paragraph_o9xde_4 _paragraph_xtcu6_10 layout-component text-serif-m layout-normal text-serif-m layout-padded\">I en erkl\u00e6ring fra 2010 uttalte psykiaterne at \u00abrisikofaktorer med henblikk p\u00e5 fremtidig voldsatferd\u00bb ville \u00abv\u00e6re dokumentert med ganske overveldende styrke\u00bb dersom han ble d\u00f8mt for de nye voldshandlingene \u2013 noe han alts\u00e5 ble.<\/p>\n<p class=\"_paragraph_o9xde_4 _paragraph_xtcu6_10 layout-component text-serif-m layout-normal text-serif-m layout-padded\">\u00abN\u00e5r det gjelder sp\u00f8rsm\u00e5let om eventuelle diagnoser kan endres ved behandling, finner de sakkyndigesakkyndigeSakkyndige er eksperter som gir faglige vurderinger i rettssaker for \u00e5 hjelpe domstolen med \u00e5 forst\u00e5 tekniske eller spesialiserte emner. ikke grunnlag for nevneverdig optimisme ut fra generell kunnskap\u00bb, het det i erkl\u00e6ringen.<\/p>\n<p class=\"_paragraph_o9xde_4 _paragraph_xtcu6_10 layout-component text-serif-m layout-normal text-serif-m layout-padded\">I 2016 ble Andersen l\u00f8slatt fra forvaring.<\/p>\n<p class=\"_paragraph_o9xde_4 _paragraph_xtcu6_10 layout-component text-serif-m layout-normal text-serif-m layout-padded\">Frostating lagmannsrett fant at det ikke lenger forel\u00e5 \u00abtilstrekkelig fare for at p\u00e5talemyndighetens bekymring skal sl\u00e5 til\u00bb.<\/p>\n<p class=\"_paragraph_o9xde_4 _paragraph_xtcu6_10 layout-component text-serif-m layout-normal text-serif-m layout-padded\">\u00abDet foreligger i hvert fall ingen objektive holdepunkter for at det er en virkelig eller realistisk fare for nye straffbare handlinger\u00bb, konkluderte lagmannsretten.<\/p>\n<p>Tatt for ruskj\u00f8ring<\/p>\n<p class=\"_paragraph_o9xde_4 _paragraph_xtcu6_10 layout-component text-serif-m layout-normal text-serif-m layout-padded\">I fjor ble Andersen tatt bak rattet med 1,2 i promille.<\/p>\n<p class=\"_paragraph_o9xde_4 _paragraph_xtcu6_10 layout-component text-serif-m layout-normal text-serif-m layout-padded\">Han erkjente delvis straffskyld for promillekj\u00f8ringpromillekj\u00f8ringPromillekj\u00f8ring refererer til \u00e5 kj\u00f8re et kj\u00f8ret\u00f8y med en alkoholpromille over den lovlige grensen, noe som er ulovlig og straffbart. og forklarte at han hadde tatt ukjente piller p\u00e5 en fest dagen f\u00f8r.<\/p>\n<p class=\"_paragraph_o9xde_4 _paragraph_xtcu6_10 layout-component text-serif-m layout-normal text-serif-m layout-padded\">I retten ble det pekt p\u00e5 at tap av f\u00f8rerkort kunne medf\u00f8re problemer for Andersen i forbindelse med jobb, som ble vist til som viktig for hans rehabilitering etter forvaringsdommen.<\/p>\n<p class=\"_paragraph_o9xde_4 _paragraph_xtcu6_10 layout-component text-serif-m layout-normal text-serif-m layout-padded\">Andersen ble d\u00f8mt til 24 dagers fengsel og to \u00e5rs tap av f\u00f8rerrett.<\/p>\n<p class=\"_paragraph_o9xde_4 _paragraph_xtcu6_10 layout-component text-serif-m layout-normal text-serif-m layout-padded\">If\u00f8lge TV 2 ble denne dommen nylig ferdigsonet, og Andersen slapp ut av <a href=\"https:\/\/vg.no\/nyheter\/i\/bOKA45\/kvinnen-i-30-aarene-sa-til-vennene-sine-at-den-drapssiktede-skulle-holde-seg-unna\" class=\"_link_o9xde_39\" rel=\"nofollow noopener\" target=\"_blank\">fengsel 4. desember<\/a>.<\/p>\n<p>Rettelse<\/p>\n<p class=\"_paragraph_o9xde_4\">I en tidligere versjon av denne saken sto det i ingressen at \u00aballe ofrene er kvinner.\u00bb\u00a0 Men i forbindelse med drapet p\u00e5 Linn Charlott Nesblom i 1999 ble J\u00f8rn Andersen ogs\u00e5 d\u00f8mt for vold mot en mann som fors\u00f8kte \u00e5 gripe inn. Feilen ble rettet 17. desember klokken 22. <\/p>\n<p>Les ogs\u00e5<br \/>\n    <img decoding=\"async\" alt=\"Tips oss illustrasjon\" src=\"https:\/\/www.europesays.com\/no\/wp-content\/uploads\/2025\/10\/pssst-small.webp.webp\"\/>    <\/p>\n<p class=\"title-serif-s\">Har du tips?<\/p>\n<p class=\"text-sans-m\">Send oss informasjon, bilder eller video.<\/p>\n<p>  <a href=\"https:\/\/www.vg.no\/tips-oss\" rel=\"nofollow noopener\" target=\"_blank\"> Tips oss <\/a>      <\/p>\n","protected":false},"excerpt":{"rendered":"J\u00f8rn Andersen er siktet for drap p\u00e5 en kvinne i 30-\u00e5rene i Orkland, Tr\u00f8ndelag. Andersen har en historie&hellip;\n","protected":false},"author":2,"featured_media":115945,"comment_status":"","ping_status":"","sticky":false,"template":"","format":"standard","meta":{"footnotes":""},"categories":[10],"tags":[20,21,2320,24,25,15,148,22,23,13,30,28,29,14,2238,16,26,27,270],"class_list":{"0":"post-115944","1":"post","2":"type-post","3":"status-publish","4":"format-standard","5":"has-post-thumbnail","7":"category-norge","8":"tag-breaking-news","9":"tag-breakingnews","10":"tag-drap-i-norge","11":"tag-featured-news","12":"tag-featurednews","13":"tag-headlines","14":"tag-kriminalitet","15":"tag-latest-news","16":"tag-latestnews","17":"tag-news","18":"tag-no","19":"tag-norge","20":"tag-norway","21":"tag-nyheter","22":"tag-orkland","23":"tag-overskrifter","24":"tag-top-stories","25":"tag-topstories","26":"tag-trondelag"},"share_on_mastodon":{"url":"https:\/\/pubeurope.com\/@no\/115737078526138176","error":""},"_links":{"self":[{"href":"https:\/\/www.europesays.com\/no\/wp-json\/wp\/v2\/posts\/115944","targetHints":{"allow":["GET"]}}],"collection":[{"href":"https:\/\/www.europesays.com\/no\/wp-json\/wp\/v2\/posts"}],"about":[{"href":"https:\/\/www.europesays.com\/no\/wp-json\/wp\/v2\/types\/post"}],"author":[{"embeddable":true,"href":"https:\/\/www.europesays.com\/no\/wp-json\/wp\/v2\/users\/2"}],"replies":[{"embeddable":true,"href":"https:\/\/www.europesays.com\/no\/wp-json\/wp\/v2\/comments?post=115944"}],"version-history":[{"count":0,"href":"https:\/\/www.europesays.com\/no\/wp-json\/wp\/v2\/posts\/115944\/revisions"}],"wp:featuredmedia":[{"embeddable":true,"href":"https:\/\/www.europesays.com\/no\/wp-json\/wp\/v2\/media\/115945"}],"wp:attachment":[{"href":"https:\/\/www.europesays.com\/no\/wp-json\/wp\/v2\/media?parent=115944"}],"wp:term":[{"taxonomy":"category","embeddable":true,"href":"https:\/\/www.europesays.com\/no\/wp-json\/wp\/v2\/categories?post=115944"},{"taxonomy":"post_tag","embeddable":true,"href":"https:\/\/www.europesays.com\/no\/wp-json\/wp\/v2\/tags?post=115944"}],"curies":[{"name":"wp","href":"https:\/\/api.w.org\/{rel}","templated":true}]}}