{"id":115948,"date":"2025-12-17T21:41:11","date_gmt":"2025-12-17T21:41:11","guid":{"rendered":"https:\/\/www.europesays.com\/no\/115948\/"},"modified":"2025-12-17T21:41:11","modified_gmt":"2025-12-17T21:41:11","slug":"elverum-handball-handball-elverum-handball-hyllet-tidligere-spillere-under-seriekampen-mot-oif-arendal-lordag","status":"publish","type":"post","link":"https:\/\/www.europesays.com\/no\/115948\/","title":{"rendered":"Elverum H\u00e5ndball, H\u00e5ndball | Elverum H\u00e5ndball hyllet tidligere spillere under seriekampen mot \u00d8IF Arendal l\u00f8rdag"},"content":{"rendered":"\n<p>Noen helt spesielle gjester ble hyllet i Terningen Arena da Elverum herjet med \u00d8IF Arendal l\u00f8rdag.\u00a0<\/p>\n<p>B\u00e5de f\u00f8r og under kampen fikk de frivillige i klubben, sluttspillheltene i 1995 og opprykksheltene fra 2005 en velfortjent oppmerksomhet.\u00a0<\/p>\n<p>Det ble en spesiell opplevelse for flere.<\/p>\n<p>  <a href=\"https:\/\/www.ostlendingen.no\/80-69-160544\" class=\"related-teaser has-image default-story-teaser article--c-eRUmMG article--c-eRUmMG-jKCPdD-design-default\" rel=\"nofollow noopener\" target=\"_blank\"><\/p>\n<p>    <img decoding=\"async\" loading=\"lazy\"  src=\"https:\/\/www.europesays.com\/no\/wp-content\/uploads\/2025\/12\/1766007669_943_7q9La47_L_U.jpg\" alt=\"\" class=\"brick-c-cFOWSL\" style=\"\"\/><\/p>\n<p>\n            Les ogs\u00e5<\/p>\n<p>              Elverum gjorde kort prosess: Banket rivalene fra Arendal\n        <\/p>\n<p>  <\/a><br \/>\n  Starten p\u00e5 trenerkarrieren<\/p>\n<p>Thorir Hergeirsson har 11 gullmedaljer som trener for det norske kvinnelandslaget i h\u00e5ndball.\u00a0<\/p>\n<p>Men trenerkarrieren til islendingen startet i Elverum H\u00e5ndball.<\/p>\n<p>Det er han glad for.\u00a0<\/p>\n<p>\u2013 Det er en fantastisk tid som jeg er utrolig glad for. Det var min f\u00f8rste trenerjobb p\u00e5 seniorniv\u00e5, s\u00e5 det er jo veldig spesielt \u00e5 se tilbake p\u00e5 alt sammen. Det har uten tvil v\u00e6rt med p\u00e5 \u00e5 forme hvem jeg er og har v\u00e6rt som person og trener.\u00a0<\/p>\n<p><b>\u2013 Hvilke f\u00f8lelser kommer fram n\u00e5r dere n\u00e5r dere blir hyllet i Terningen Arena? <\/b><\/p>\n<p>\u2013 Det kommer mange f\u00f8lelser. Jeg er sv\u00e6rt stolt og ydmyk for \u00e5 ha v\u00e6rt en del av denne klubben med de fantastiske menneskene i og rundt klubben. \u00c5 bli hyllet sammen med tidligere lagkamerater er fantastisk.\u00a0<\/p>\n<p>N\u00e5r den tidligere landslagssjefen f\u00e5r sp\u00f8rsm\u00e5l om hva h\u00e5ndballbyen har betydd for han, m\u00e5 han bruke litt tid for \u00e5 finne de riktige superlativene.\u00a0<\/p>\n<p>\n          Stopp video<br \/>\n          Sl\u00e5 p\u00e5 lyd<br \/>\n          <video data-standalone=\"false\" preload=\"none\" muted=\"\" loop=\"\" playsinline=\"\" autoplay=\"\"><\/p>\n<p>          <\/video>\n        <\/p>\n<p>\u2013 Elverum H\u00e5ndball betyr noe spesielt for meg. For meg er det kun \u00e9n klubb p\u00e5 \u00f8verste niv\u00e5 p\u00e5 herresiden i Norge, og det er Elverum. Elverum har en helt spesiell kultur, med fantastiske mennesker i og rundt klubben.\u00a0<\/p>\n<p><b>\u2013 F\u00f8lger du noe med p\u00e5 dagens elverumslag?<\/b><\/p>\n<p>\u2013 Ja, jeg f\u00f8lger med. Det er imponerende hvordan de \u00e5r etter \u00e5r klarer \u00e5 holde den stabiliteten i klubben med s\u00e5 mange spillere inn og ut.\u00a0<\/p>\n<p>   <img decoding=\"async\" width=\"5712\" height=\"4284\" fetchpriority=\"low\"  loading=\"lazy\"  src=\"https:\/\/www.europesays.com\/no\/wp-content\/uploads\/2025\/12\/IMG_8843.jpeg\" alt=\"\" class=\"brick-c-cFOWSL\" style=\"--brick-image-ratio: 5712 \/ 4284;\"\/><\/p>\n<p>      STORT: Tidligere Elverums og landslagstrener for de norske h\u00e5ndballjentene var stolt av \u00e5 komme til Terningen arena.<br \/>\n      Foto: Simen Nyborg\n    <\/p>\n<p>  Reist helt fra Ungarn <\/p>\n<p>En annen som hadde tatt turen var Marcell Kovacs.\u00a0<\/p>\n<p>Han hadde reist fra Ungarn for \u00e5 v\u00e6re med p\u00e5 markeringen under l\u00f8rdagens kamp.\u00a0<\/p>\n<p>Han fikk v\u00e6re med p\u00e5 opprykket til eliteserien i 2005, da Elverum spilte i Elverumshallen.\u00a0<\/p>\n<p>L\u00f8rdag var f\u00f8rste gang Kovacs var i Elverums \u00abnye\u00bb storstue.\u00a0<\/p>\n<p>\u2013 Jeg kommer utelukkende for \u00e5 v\u00e6re med p\u00e5 dette arrangementet. N\u00e5r Elverum inviterte meg var jeg ikke i tvil om \u00e5 skulle komme. Det \u00e5 m\u00f8te alle de fantastiske folkene man har spilt med, og de som styrer klubben n\u00e5 er veldig g\u00f8y. Det er helt unikt og en \u00e6re \u00e5 f\u00e5 ha v\u00e6rt en del av denne klubben.\u00a0<\/p>\n<p><b>\u2013 Hva har h\u00e5ndballbyen betydd for deg?<\/b><\/p>\n<p>\u2013 Elverum har betydd utrolig mye for meg. Jeg kom hit som 17-\u00e5ring, og har masse venner og gode minner herfra. Selv om jeg bare spilte her i to sesonger, og var ganske ung, s\u00e5 er det noe jeg kommer til \u00e5 huske resten av livet.\u00a0<\/p>\n<p>   <img decoding=\"async\" width=\"5712\" height=\"4284\" fetchpriority=\"low\"  loading=\"lazy\"  src=\"https:\/\/www.europesays.com\/no\/wp-content\/uploads\/2025\/12\/1766007669_620_IMG_8870.jpeg\" alt=\"\" class=\"brick-c-cFOWSL\" style=\"--brick-image-ratio: 5712 \/ 4284;\"\/><\/p>\n<p>      REIST FRA UNGARN: Marcell Kovacs tok med hele familien til Elverum l\u00f8rdag.<br \/>\n      Foto: Simen Nyborg\n    <\/p>\n<p>  Keeperhelten fra 2005<\/p>\n<p>Elverums keeper fra opprykket i 2005, Alexander Liaba var ogs\u00e5 til stede.\u00a0<\/p>\n<p>Han er en legende i klubben og er far til tidligere Elverum-spiller Mishels Liaba, som i dag spiller \u00d6nnereds HK.<\/p>\n<p><b>\u2013 Hvordan er det \u00e5 v\u00e6re tilbake?<\/b><\/p>\n<p>\u2013 Det er veldig g\u00f8y. Det er alltid godt \u00e5 komme hit og m\u00f8te kjente fjes fra en fantastisk tid. Samholdet og gjengen i klubben er helt spesiell. Etter jeg la opp har jeg savnet den tiden jeg spilte for Elverum.\u00a0<\/p>\n<p><b>\u2013 Hvilke f\u00f8lelser kjenner du p\u00e5?<\/b><\/p>\n<p>\u2013 Jeg har skikkelig hjertebank. Det er mange man ikke har sett her p\u00e5 20 \u00e5r, s\u00e5 det betyr ekstremt mye \u00e5 v\u00e6re her samlet med de og f\u00e5 en s\u00e5nn oppmerksomhet med gode gamle kamerater.\u00a0<\/p>\n<p>P\u00e5 sp\u00f8rsm\u00e5l om han fortsatt f\u00f8lger med p\u00e5 Elverum h\u00e5ndball er han rask.\u00a0<\/p>\n<p>\u2013 Selvf\u00f8lgelig. Jeg f\u00f8lger med p\u00e5 resultatene selv om jeg ikke ser s\u00e5 ofte p\u00e5 kampene. Elverum er laget mitt.\u00a0<\/p>\n<p>   <img decoding=\"async\" width=\"3809\" height=\"2672\" fetchpriority=\"low\"  loading=\"lazy\"  src=\"https:\/\/www.europesays.com\/no\/wp-content\/uploads\/2025\/12\/Alexander+Liaba+utsnitt.jpg\" alt=\"\" class=\"brick-c-cFOWSL\" style=\"--brick-image-ratio: 3809 \/ 2672;\"\/><\/p>\n<p>  Familiens st\u00f8rste stjerne<\/p>\n<p>Familien Kulvedr\u00f8sten er et kjent navn i klubben.\u00a0<\/p>\n<p>Stig Kulvedr\u00f8sten var med p\u00e5 opprykkslaget sammen med Liaba i 2005.\u00a0<\/p>\n<p>I dag spiller hans nev\u00f8 Eirik Kulvedr\u00f8sten Sol\u00f8st p\u00e5 Elverums A-lag.<\/p>\n<p>\u2013 Elverum H\u00e5ndball var hele oppveksten min. Jeg har jo blitt f\u00f8dt inn her, og det har gjort at jeg er den h\u00e5ndballidioten jeg er i dag.\u00a0<\/p>\n<p>\u2013 Jeg kjenner p\u00e5 en ekstremt stolthet og glede over \u00e5 ha v\u00e6rt en del av denne gjengen og denne klubben. Det er hyggelig \u00e5 m\u00f8te alle man har spilt med, men jeg skal innr\u00f8mme at jeg m\u00e5tte inn \u00e5 sjekke alle jeg faktisk har spilt med, humrer elverumsingen.\u00a0<\/p>\n<p><b>\u2013 Men hvem er egentlig familiens st\u00f8rste legende? <\/b><\/p>\n<p>\u2013 Det er Kjell (faren til Stig), det er jo klink. Verken Eirik eller jeg er i n\u00e6rheten.\u00a0<\/p>\n<p>   <img decoding=\"async\" width=\"3722\" height=\"2791\" fetchpriority=\"low\"  loading=\"lazy\"  src=\"https:\/\/www.europesays.com\/no\/wp-content\/uploads\/2025\/12\/Stig+Kulvedr\u00f8sten_1.jpg\" alt=\"\" class=\"brick-c-cFOWSL\" style=\"--brick-image-ratio: 3722 \/ 2791;\"\/><\/p>\n<p>  Mr. Elverum<\/p>\n<p>Jon Refseth har jobbet i Elverum H\u00e5ndball i en \u00e5rrekke.\u00a0<\/p>\n<p>Der jobbet han b\u00e5de som trener og i den sportslige ledelsen gjennom flere perioder.\u00a0<\/p>\n<p>For han betyr Elverum H\u00e5ndball mye.<\/p>\n<p>\u2013 Det er et av livets store og viktigste interesser og gleder. Det har v\u00e6rt mange opp- og nedturer, men med en fantastisk gjeng med kamerater og nydelige mennesker. Elverum H\u00e5ndball har, og betyr fortsatt ekstremt mye for meg.\u00a0<\/p>\n<p><b>\u2013 Hvilke f\u00f8lelser kjenner du p\u00e5 n\u00e5r du blir hyllet p\u00e5 denne m\u00e5ten? <\/b><\/p>\n<p>\u2013 Jeg blir r\u00f8rt. Det er ikke s\u00e5 mange andre ord man kan bruke en det.\u00a0<\/p>\n<p>   <img decoding=\"async\" width=\"3473\" height=\"2685\" fetchpriority=\"low\"  loading=\"lazy\"  src=\"https:\/\/www.europesays.com\/no\/wp-content\/uploads\/2025\/12\/Kjell+og+Jon+klipp.jpg\" alt=\"\" class=\"brick-c-cFOWSL\" style=\"--brick-image-ratio: 3473 \/ 2685;\"\/><\/p>\n<p>      Kjell Kulvedr\u00f8sten og Jon Refseth<br \/>\n      Foto: Simen Nyborg\n    <\/p>\n","protected":false},"excerpt":{"rendered":"Noen helt spesielle gjester ble hyllet i Terningen Arena da Elverum herjet med \u00d8IF Arendal l\u00f8rdag.\u00a0 B\u00e5de f\u00f8r&hellip;\n","protected":false},"author":2,"featured_media":115949,"comment_status":"","ping_status":"","sticky":false,"template":"","format":"standard","meta":{"footnotes":""},"categories":[59],"tags":[36,1070,2062,105,30,28,29,83,82,1510],"class_list":{"0":"post-115948","1":"post","2":"type-post","3":"status-publish","4":"format-standard","5":"has-post-thumbnail","7":"category-sport","8":"tag-art","9":"tag-elverum","10":"tag-elverum-handball","11":"tag-handball","12":"tag-no","13":"tag-norge","14":"tag-norway","15":"tag-sport","16":"tag-sports","17":"tag-story"},"share_on_mastodon":{"url":"https:\/\/pubeurope.com\/@no\/115737086408494248","error":""},"_links":{"self":[{"href":"https:\/\/www.europesays.com\/no\/wp-json\/wp\/v2\/posts\/115948","targetHints":{"allow":["GET"]}}],"collection":[{"href":"https:\/\/www.europesays.com\/no\/wp-json\/wp\/v2\/posts"}],"about":[{"href":"https:\/\/www.europesays.com\/no\/wp-json\/wp\/v2\/types\/post"}],"author":[{"embeddable":true,"href":"https:\/\/www.europesays.com\/no\/wp-json\/wp\/v2\/users\/2"}],"replies":[{"embeddable":true,"href":"https:\/\/www.europesays.com\/no\/wp-json\/wp\/v2\/comments?post=115948"}],"version-history":[{"count":0,"href":"https:\/\/www.europesays.com\/no\/wp-json\/wp\/v2\/posts\/115948\/revisions"}],"wp:featuredmedia":[{"embeddable":true,"href":"https:\/\/www.europesays.com\/no\/wp-json\/wp\/v2\/media\/115949"}],"wp:attachment":[{"href":"https:\/\/www.europesays.com\/no\/wp-json\/wp\/v2\/media?parent=115948"}],"wp:term":[{"taxonomy":"category","embeddable":true,"href":"https:\/\/www.europesays.com\/no\/wp-json\/wp\/v2\/categories?post=115948"},{"taxonomy":"post_tag","embeddable":true,"href":"https:\/\/www.europesays.com\/no\/wp-json\/wp\/v2\/tags?post=115948"}],"curies":[{"name":"wp","href":"https:\/\/api.w.org\/{rel}","templated":true}]}}