{"id":11597,"date":"2025-08-18T18:12:50","date_gmt":"2025-08-18T18:12:50","guid":{"rendered":"https:\/\/www.europesays.com\/no\/11597\/"},"modified":"2025-08-18T18:12:50","modified_gmt":"2025-08-18T18:12:50","slug":"lillehammer-okonomi-og-naeringsliv-sa-for-seg-a-bli-pa-lillehammer-sa-ringte-telefonen","status":"publish","type":"post","link":"https:\/\/www.europesays.com\/no\/11597\/","title":{"rendered":"Lillehammer, \u00d8konomi og n\u00e6ringsliv | S\u00e5 for seg \u00e5 bli p\u00e5 Lillehammer \u2013 s\u00e5 ringte telefonen"},"content":{"rendered":"\n<p>I vinter flyttet Sem Aleksander Bergene til Lillehammer med en dr\u00f8m.<\/p>\n<p>Som s\u00e5 mange andre jager han dr\u00f8mmen om et liv i fotballen. Keeperen fra Rogaland har utmerket seg mellom stengene i Lillehammer Fotballklubbs retur p\u00e5 niv\u00e5 fire.<\/p>\n<p>N\u00e5 tar han et stort steg. Et jafs p\u00e5 veg mot dr\u00f8mmen.<\/p>\n<p>\u2013 Jeg kan bekrefte at vi ar godtatt et bud, sier daglig leder i LFK Jostein Wahl.<\/p>\n<p>Vil ikke v\u00e6re vanskelige<\/p>\n<p>J\u00e6rbuen har nemlig trigget noe i en f\u00f8rstedivisjonsklubb fra hjemfylket. Egersund har sikret seg hans signatur.<\/p>\n<p>Wahl erkjenner at Bergene har v\u00e6rt en viktig brikke i den s\u00e5 langt gode sesongen. Samtidig \u00f8nsker han ikke at klubben skal tviholde p\u00e5 spillere n\u00e5r mulighetene byr seg.<\/p>\n<p>\u2013 Vi har ingen ambisjoner om \u00e5 v\u00e6re en vanskelig klubb. Da vi ingen komme hit p\u00e5 sikt.<\/p>\n<p>   <img decoding=\"async\" width=\"5392\" height=\"3592\" fetchpriority=\"low\"  loading=\"lazy\"  src=\"https:\/\/www.europesays.com\/no\/wp-content\/uploads\/2025\/08\/5_18_2125446+TO+TV+AKSJONEN+4.jpg\" alt=\"\" class=\"brick-c-cFOWSL\" style=\"--brick-image-ratio: 5392 \/ 3592;\"\/><\/p>\n<p>    Jostein Wahl, daglig leder i Lillehammer Fotballklubb, bekrefter avtalen med toppfotballklubben.<br \/>\n    Foto: Torbj\u00f8rn Olsen\n  <\/p>\n<p>  Kortene tett til brystet<\/p>\n<p>Litt lettere blir det \u00e5 v\u00e6re villig da skuddstopperen ikke gis bort. Han kj\u00f8pes.<\/p>\n<p>\u2013 I lys av det vi f\u00e5r igjen er vi enige. Vi skulle gjerne hatt han hele sesongen, men slik er det med gode prestasjoner. Dette er en vanlig del av fotballen, selv om det ikke har v\u00e6rt det p\u00e5 Lillehammer, sier han.<\/p>\n<p>Hvor mange sedler som sendes til Stampa vil han ikke si noe om. Men han sl\u00e5r fast at klubbens interesser er ivaretatt p\u00e5 b\u00e5de kort og lang sikt.<\/p>\n<p>      \u2013 Kjempeinspirerende<\/p>\n<p>Bergene er ikke fra Gudbrandsdalen, men har blitt lagt merke til av en klubb i Obos-ligaen mens han har spilt i LFK-drakt. Det tror Wahl sender et signal til de andre i kubben, fra A-lagene og nedover.<\/p>\n<p>\u2013 Dette er kjempeinspirerende for de andre som vil opp og fram. Vi vil legge til rette for topp og bredde. Det er gledelig at flere spiller lengre. For dem med ambisjoner viser dette at det er mulig.<\/p>\n<p>For det vil bli flere salg i \u00e5rene som kommer. Det f\u00f8ler Wahl seg trygg p\u00e5.<\/p>\n<p>\u2013 Dette vil det bli mer og mer av.<\/p>\n<p>Ble overrasket<\/p>\n<p>Bergene selv ringer GD s\u00f8ndag ettermiddag. Da er f\u00f8rste trening med den nye klubben nettopp unnagjort.<\/p>\n<p>\u2013 Jeg satte meg i bilen rett etter siste kamp for LFK. Det er ikke s\u00e5 langt hjem herfra, s\u00e5 jeg kjenner klubben og et par av spillerne fra f\u00f8r, sier Sem Aleksander Bergene.<\/p>\n<p>S\u00e5 sent som tirsdag 5. august plinget det i telefonen. Det var en agent som ringte og forklarte at Bergene var \u00f8nsket i Egersund.<\/p>\n<p>\u2013 Jeg var ganske klar p\u00e5 at jeg ville dit, selv om jeg har hatt det fantastisk i Lillehammer, sier sisteskansen.<\/p>\n<p>S\u00e5 for seg flere \u00e5r<\/p>\n<p>2004-modellen kom til Innlandet foran denne sesongen. At han kort tid etter skulle hoppe bukk over andredivisjon og ta plass i en Obos-garderobe var ikke noe han turte \u00e5 dr\u00f8mme om.<\/p>\n<p>\u2013 Jeg s\u00e5 for meg \u00e5 bli i LFK ut sesongen, kanskje rykke opp og bli et \u00e5r til.<\/p>\n<p>N\u00e5 er han knyttet til Egersund ut neste sesong, med m\u00e5l om \u00e5 kjempe seg til rollen som f\u00f8rstekeeper.<\/p>\n<p>Kollektiv og fj\u00f8sjobb<\/p>\n<p>Tiden p\u00e5 Lillehammer ble kort, men l\u00e6ringskurven var bratt utenfor banen. Han hadde aldri bodd hjemmefra tidligere.<\/p>\n<p>\u2013 Jeg trivdes veldig godt i kollektivet og med arbeidsgiveren.<\/p>\n<p>Begge deler er tidligere omtalt av GD.<\/p>\n<p>  <a href=\"https:\/\/www.gd.no\/5-18-2332489\" class=\"related-teaser has-image default-feature-teaser article--c-eRUmMG article--c-eRUmMG-jKCPdD-design-default\" rel=\"nofollow noopener\" target=\"_blank\"><\/p>\n<p>    <img decoding=\"async\" loading=\"lazy\"  src=\"https:\/\/www.europesays.com\/no\/wp-content\/uploads\/2025\/08\/Lillehammer+fotball.jpg\" alt=\"\" class=\"brick-c-cFOWSL\" style=\"\"\/><\/p>\n<p>\n            Les ogs\u00e5<\/p>\n<p>              Et steinkast unna Stampesletta\n        <\/p>\n<p>  <\/a><br \/>\n  B\u00f8tter med skryt<\/p>\n<p>\u2013 Jeg har kost meg fra ende til annen og gledet meg til \u00e5 treffe gutta. Selv om jeg bare var der i fire m\u00e5neder var det spesielt \u00e5 reise fra. Det er noe spesielt p\u00e5 gang der.<\/p>\n<p>\u2013 Ogs\u00e5 m\u00e5 jeg f\u00e5 skryte spesielt av keeperteamet! Keepertrener Bj\u00f8rn K\u00e5re Karusbakken og keeperne Espen Evenrud Kjetlien og Sahan Wacays. At de har pushet og \u00f8nsket meg det beste hele vegen har gjort at jeg har klart \u00e5 prestere godt. Overgangen min henger sammen med alt de har gjort.<\/p>\n<p>   <img decoding=\"async\" width=\"1612\" height=\"1105\" fetchpriority=\"low\"  loading=\"lazy\"  src=\"https:\/\/www.europesays.com\/no\/wp-content\/uploads\/2025\/08\/Sem.JPG\" alt=\"\" class=\"brick-c-cFOWSL\" style=\"--brick-image-ratio: 1612 \/ 1105;\"\/><\/p>\n<p>    Tiden i Lillehammer b\u00f8d p\u00e5 maye jubel for Sem Aleksander Bergene.<br \/>\n    Foto: Gaute Freng\n  <\/p>\n<p>  Ikke sikkert arbeidshanskene legges vekk<\/p>\n<p>J\u00e6rbuen fikk seg jobb som avl\u00f8ser p\u00e5 Innlandet.<\/p>\n<p>\u2013 Men med proffkontrakt i Obos-ligaen trenger du vel ingen jobb p\u00e5 siden?<\/p>\n<p>\u2013 Ting kommer til \u00e5 g\u00e5 rundt, men vi skal trene p\u00e5 dagtid. S\u00e5 da blir jo sp\u00f8rsm\u00e5let hvor kjedelig det blir \u00e5 ikke g\u00e5 i fj\u00f8set p\u00e5 ettermiddagen. Jeg ringer vel avl\u00f8serlaget etter hvert, sier Sem Aleksander Bergene.<\/p>\n","protected":false},"excerpt":{"rendered":"I vinter flyttet Sem Aleksander Bergene til Lillehammer med en dr\u00f8m. Som s\u00e5 mange andre jager han dr\u00f8mmen&hellip;\n","protected":false},"author":2,"featured_media":11598,"comment_status":"","ping_status":"","sticky":false,"template":"","format":"standard","meta":{"footnotes":""},"categories":[59],"tags":[465,36,92,1428,755,2361,1427,2360,30,28,29,216,83,82,1510],"class_list":{"0":"post-11597","1":"post","2":"type-post","3":"status-publish","4":"format-standard","5":"has-post-thumbnail","7":"category-sport","8":"tag-arbeidsliv","9":"tag-art","10":"tag-fotball","11":"tag-gausdal","12":"tag-landbruk","13":"tag-lfk","14":"tag-lillehammer","15":"tag-lillehammer-fotballklubb","16":"tag-no","17":"tag-norge","18":"tag-norway","19":"tag-okonomi-og-naeringsliv","20":"tag-sport","21":"tag-sports","22":"tag-story"},"share_on_mastodon":{"url":"","error":""},"_links":{"self":[{"href":"https:\/\/www.europesays.com\/no\/wp-json\/wp\/v2\/posts\/11597","targetHints":{"allow":["GET"]}}],"collection":[{"href":"https:\/\/www.europesays.com\/no\/wp-json\/wp\/v2\/posts"}],"about":[{"href":"https:\/\/www.europesays.com\/no\/wp-json\/wp\/v2\/types\/post"}],"author":[{"embeddable":true,"href":"https:\/\/www.europesays.com\/no\/wp-json\/wp\/v2\/users\/2"}],"replies":[{"embeddable":true,"href":"https:\/\/www.europesays.com\/no\/wp-json\/wp\/v2\/comments?post=11597"}],"version-history":[{"count":0,"href":"https:\/\/www.europesays.com\/no\/wp-json\/wp\/v2\/posts\/11597\/revisions"}],"wp:featuredmedia":[{"embeddable":true,"href":"https:\/\/www.europesays.com\/no\/wp-json\/wp\/v2\/media\/11598"}],"wp:attachment":[{"href":"https:\/\/www.europesays.com\/no\/wp-json\/wp\/v2\/media?parent=11597"}],"wp:term":[{"taxonomy":"category","embeddable":true,"href":"https:\/\/www.europesays.com\/no\/wp-json\/wp\/v2\/categories?post=11597"},{"taxonomy":"post_tag","embeddable":true,"href":"https:\/\/www.europesays.com\/no\/wp-json\/wp\/v2\/tags?post=11597"}],"curies":[{"name":"wp","href":"https:\/\/api.w.org\/{rel}","templated":true}]}}