{"id":115974,"date":"2025-12-17T22:06:12","date_gmt":"2025-12-17T22:06:12","guid":{"rendered":"https:\/\/www.europesays.com\/no\/115974\/"},"modified":"2025-12-17T22:06:12","modified_gmt":"2025-12-17T22:06:12","slug":"her-hentes-syk-svane-pa-isen-i-skaun-advarer-mot-fugleinfluensa-nrk-trondelag-lokale-nyheter-tv-og-radio","status":"publish","type":"post","link":"https:\/\/www.europesays.com\/no\/115974\/","title":{"rendered":"Her hentes syk svane p\u00e5 isen i Skaun \u2013 advarer mot fugleinfluensa \u2013 NRK Tr\u00f8ndelag \u2013 Lokale nyheter, TV og radio"},"content":{"rendered":"<p>Bare siden september er det p\u00e5vist fugleinfluensa hos 33 villfugler b\u00e5de i S\u00f8r-Norge, Tr\u00f8ndelag og Nord-Norge.<\/p>\n<p>Veterin\u00e6rinstituttet overv\u00e5ker smitten fra dag til dag.<\/p>\n<p>\u2013 Fugleinfluensa kan i sjeldne tilfeller smitte til mennesker. Ikke ta direkte p\u00e5 syke og d\u00f8de fugler.<\/p>\n<p>Det sier Kristin N\u00e6ss, seksjonssjef i Mattilsynet i Midt-Norge.<\/p>\n<p>I lengre tid har folk sett b\u00e5de d\u00f8de og syke svaner p\u00e5 innsj\u00f8en Laugen i Skaun i Tr\u00f8ndelag. Onsdag ettermiddag ble en syk svane hentet av en privatperson.<\/p>\n<p>    <img decoding=\"async\" class=\"dh-video-videoLoop__fallbackImage\" src=\"https:\/\/www.europesays.com\/no\/wp-content\/uploads\/2025\/12\/3d5bfce6-828c-4fb3-9bfc-e6828c4fb373_360.jpg\" alt=\"\"\/><video preload=\"none\" muted=\"\" poster=\"https:\/\/www.europesays.com\/no\/wp-content\/uploads\/2025\/12\/3d5bfce6-828c-4fb3-9bfc-e6828c4fb373_360.jpg\" style=\"--poster:url(https:\/\/www.europesays.com\/no\/wp-content\/uploads\/2025\/12\/3d5bfce6-828c-4fb3-9bfc-e6828c4fb373_360.jpg);\"><\/video><img decoding=\"async\" class=\"dh-video-videoLoop__fallbackImage\" src=\"https:\/\/www.europesays.com\/no\/wp-content\/uploads\/2025\/12\/3d5bfce6-828c-4fb3-9bfc-e6828c4fb373_720.jpg\" alt=\"\"\/><video preload=\"none\" muted=\"\" poster=\"https:\/\/www.europesays.com\/no\/wp-content\/uploads\/2025\/12\/3d5bfce6-828c-4fb3-9bfc-e6828c4fb373_720.jpg\" style=\"--poster:url(https:\/\/www.europesays.com\/no\/wp-content\/uploads\/2025\/12\/3d5bfce6-828c-4fb3-9bfc-e6828c4fb373_720.jpg);\"><\/video><img decoding=\"async\" class=\"dh-video-videoLoop__fallbackImage\" src=\"https:\/\/www.europesays.com\/no\/wp-content\/uploads\/2025\/12\/3d5bfce6-828c-4fb3-9bfc-e6828c4fb373_1080.jpg\" alt=\"\"\/><video preload=\"none\" muted=\"\" poster=\"https:\/\/www.europesays.com\/no\/wp-content\/uploads\/2025\/12\/3d5bfce6-828c-4fb3-9bfc-e6828c4fb373_1080.jpg\" style=\"--poster:url(https:\/\/www.europesays.com\/no\/wp-content\/uploads\/2025\/12\/3d5bfce6-828c-4fb3-9bfc-e6828c4fb373_1080.jpg);\"><\/video><\/p>\n<p>Film tatt de siste dagene av sangsvaner i Skaun av naturfotograf Ole Grotb\u00e6k Heggen. <\/p>\n<p>Har varslet flere ganger<\/p>\n<p>Naturfotograf Ole Grotb\u00e6k Heggen har de siste dagene observert b\u00e5de syke og d\u00f8de sangsvaner p\u00e5 innsj\u00f8en i Skaun. Han varslet Mattilsynet 8. desember, og er kritisk til at ingenting har skjedd.<\/p>\n<p>\u2013 Jeg mener de umiddelbart burde ha rykka ut og plukka opp de d\u00f8de fuglene. Og samtidig gjort slutt p\u00e5 lidelsene for den syke fuglen som sitter p\u00e5 isen og blir svakere for hver dag, sier han.<\/p>\n<p>Onsdag s\u00e5 Heggen at en privatperson tok seg ut p\u00e5 den islagte innsj\u00f8en. Han bar med seg svanen til land, og kj\u00f8rte til g\u00e5rden sin for \u00e5 f\u00e5 liv i den, forteller Heggen.<\/p>\n<p><strong>\u2013 N\u00e5 skjedde noe av det man fryktet, at folk tar sakene i sine egne hender, sier han.<\/strong><\/p>\n<p><img decoding=\"async\"   src=\"data:image\/gif;base64,R0lGODlhAQABAIAAAAAAAP\/\/\/yH5BAEAAAAALAAAAAABAAEAAAIBRAA7\" loading=\"eager\" alt=\"Svane lagt i fj\u00f8s\" title=\"Foto: Ole Grotb\u00e6k Heggen\"\/><\/p>\n<p class=\"\">TATT MED TIL G\u00c5RD: Syk svane ble hentet og fraktet til denne g\u00e5rden. <\/p>\n<p>Foto: Ole Grotb\u00e6k Heggen<\/p>\n<p>Mattilsynet vil ta pr\u00f8ver<\/p>\n<p>Mattilsynet har i ettermiddag f\u00e5tt beskjed om at privatpersoner har hentet den syke svanen i Skaun. <\/p>\n<p>\u2013 Vi jobber med \u00e5 finne personell som kan hente svanen for pr\u00f8vetaking.<\/p>\n<p>Det sier Kristin N\u00e6ss. <\/p>\n<p>Mattilsynet har enn\u00e5 ikke tatt pr\u00f8ver for \u00e5 p\u00e5vise om svanene i Skaun kan v\u00e6re smittet av fugleinfluensa. <\/p>\n<p>\u2013 Fordi svanene ble funnet langt ute p\u00e5 usikker is, har vi vurdert at det ikke har v\u00e6rt forsvarlig \u00e5 reise ut for \u00e5 ta pr\u00f8ver, sier hun til NRK.<\/p>\n<p><strong>Det er frem til n\u00e5 ikke p\u00e5vist smitte av fugleinfluensa fra fugler til mennesker i Norge. <\/strong><\/p>\n<p>Fugleinfluensa i Norge<\/p>\n<ul>\n<li>Fugleinfluensa ble p\u00e5vist hos villfugl i Norge for f\u00f8rste gang i 2020.<\/li>\n<li>Siden da har sykdommen spredt seg til store deler av landet og f\u00f8rt til h\u00f8y d\u00f8delighet hos enkelte arter.<\/li>\n<li>Fugler smittet av fugleinfluensa kan ha problemer med \u00e5 fly og bevege seg. De kan v\u00e6re slappe, mindre redde for mennesker enn vanlig, og kan titte opp i luften eller holde hode p\u00e5 skakke.<\/li>\n<li>Smitte til mennesker er sv\u00e6rt sjelden. Folkehelseinstituttet vurderer risikoen som sv\u00e6rt lav, og slik smitte er ikke p\u00e5vist i Norge. Man b\u00f8r ikke ta p\u00e5 syke eller d\u00f8de fugler uten beskyttelsesutstyr.<\/li>\n<li>I USA er to mennesker smittet av fugleinfluensa <a href=\"https:\/\/www.nrk.no\/nyheter\/usa_-nytt-fugleinfluensavirus-pavist-hos-menneske-for-forste-gang-1.17654300\" ec-id=\"pp:article:1.17654300\" ec-name=\"de siste ti m\u00e5nedene.\" rel=\"nofollow noopener\" target=\"_blank\">de siste ti m\u00e5nedene.<\/a><\/li>\n<\/ul>\n<p>Kilde: Veterin\u00e6rinstituttet. <\/p>\n<p><img decoding=\"async\"   src=\"data:image\/gif;base64,R0lGODlhAQABAIAAAAAAAP\/\/\/yH5BAEAAAAALAAAAAABAAEAAAIBRAA7\" loading=\"eager\" alt=\"Svaner p\u00e5 innsj\u00f8 i Skaun\" title=\"Foto: Ole Grotb\u00e6k Heggen\"\/><\/p>\n<p class=\"\">Sangsvaner kommer ofte fra Island f\u00f8r de kommer inn langs kysten av Midt-Norge og Vestlandet. Dette bildet er nylig tatt av sangsvaner i Skaun. <\/p>\n<p>Foto: Ole Grotb\u00e6k Heggen<\/p>\n<p>Utbrudd av fugleinfluensa<\/p>\n<p>Veterin\u00e6rinstituttet overv\u00e5ker spredningen av fugleinfluensa i tett samarbeid med Folkehelseinstituttet.<\/p>\n<p>\u2013 Det vi ser i S\u00f8r -Norge, er nok en del av et stort europeisk utbrudd. Det er mange fugler som er ber\u00f8rt over store deler av Europa.<\/p>\n<p>Det sier fagansvarlig ved Veterin\u00e6rinstituttet, Bj\u00f8rnar Ytrehus.<\/p>\n<p>\u2013 I tillegg s\u00e5 har vi f\u00e5tt inn noe smitte med sangsvaner, som mest sannsynlig kommer fra Island.<\/p>\n<p>En annen variant av viruset er i lengre tid p\u00e5vist p\u00e5 m\u00e5ker i Nord -Norge.<\/p>\n<p><img decoding=\"async\"   src=\"data:image\/gif;base64,R0lGODlhAQABAIAAAAAAAP\/\/\/yH5BAEAAAAALAAAAAABAAEAAAIBRAA7\" loading=\"eager\" alt=\"Syk svane\" title=\"Foto: Ole Grotb\u00e6k Heggen\"\/><\/p>\n<p class=\"\">Syk svane er sett p\u00e5 isen i flere dager i Skaun.<\/p>\n<p>Foto: Ole Grotb\u00e6k Heggen<\/p>\n<p>Bekymret<\/p>\n<p>Ytrehus sier de f\u00f8lger utviklingen tett.<\/p>\n<p>\u2013 Det er mange villfugler, spesielt sj\u00f8fugl, som strever og har fallende bestander av mange ulike grunner \u2013 og s\u00e5 kommer dette i tillegg. <\/p>\n<p><strong>\u2013 Vi er engstelige for at hunder og katter skal f\u00e5 dette og smitte eierne sine. Og vi er engstelige for at folk skal ta inn fugler som er syke og v\u00e6re i n\u00e6r kontakt med dem, sier han.<\/strong><\/p>\n<p><img decoding=\"async\"   src=\"data:image\/gif;base64,R0lGODlhAQABAIAAAAAAAP\/\/\/yH5BAEAAAAALAAAAAABAAEAAAIBRAA7\" loading=\"eager\" alt=\"Spiser d\u00f8d svane\" title=\"Foto: Ole Grotb\u00e6k Heggen\"\/><\/p>\n<p class=\"\">B\u00e5de \u00f8rn og kr\u00e5ker har de siste dagene spist p\u00e5 d\u00f8d svane i Skaun<\/p>\n<p>Foto: Ole Grotb\u00e6k Heggen<\/p>\n<p>Frykter kr\u00e5ke sprer smitte<\/p>\n<p>Ole Grotb\u00e6k Heggen forventer n\u00e5 at pr\u00f8ver tas for \u00e5 p\u00e5vise om dette er fugleinfluensa, og at Mattilsynet unders\u00f8ker den syke svanen som ble tatt med til en g\u00e5rd i Skaun.<\/p>\n<p>Han har de siste dagene tatt bilde av kr\u00e5kefugler og \u00f8rn som spiser p\u00e5 d\u00f8de svaner.<\/p>\n<p><strong>\u2013 \u00d8rnen d\u00f8r gjerne alene, men kr\u00e5kene drar ut andre steder der det er mennesker. S\u00e5 det er jo ikke helt heldig, sier Bj\u00f8rnar Ytrehus ved Veterin\u00e6rinstituttet.<\/strong><\/p>\n<p>Fugleinfluensa er p\u00e5vist p\u00e5 sangsvaner <a href=\"https:\/\/www.nrk.no\/trondelag\/funn-av-fugleinfluensa-i-orland-1.17658926\" ec-id=\"pp:article:1.17658926\" ec-name=\"ved Rusasetvatnet i \u00d8rland i Tr\u00f8ndelag i slutten av november.\" rel=\"nofollow noopener\" target=\"_blank\">ved Rusasetvatnet i \u00d8rland i Tr\u00f8ndelag i slutten av november.<\/a> Det er vel fem mil fra innsj\u00f8en i Skaun.<\/p>\n<p><img decoding=\"async\"   src=\"data:image\/gif;base64,R0lGODlhAQABAIAAAAAAAP\/\/\/yH5BAEAAAAALAAAAAABAAEAAAIBRAA7\" loading=\"eager\" alt=\"Sangsvane mulig fugleinfluensa\" title=\"Foto: Ole Grotb\u00e6k Heggen\"\/><\/p>\n<p class=\"\">Sangsvane i Skaun filmet med drone.<\/p>\n<p>Foto: Ole Grotb\u00e6k Heggen<\/p>\n<p>Publisert<\/p>\n<p>17.12.2025, kl. 21.15<\/p>\n","protected":false},"excerpt":{"rendered":"Bare siden september er det p\u00e5vist fugleinfluensa hos 33 villfugler b\u00e5de i S\u00f8r-Norge, Tr\u00f8ndelag og Nord-Norge. Veterin\u00e6rinstituttet overv\u00e5ker&hellip;\n","protected":false},"author":2,"featured_media":115975,"comment_status":"","ping_status":"","sticky":false,"template":"","format":"standard","meta":{"footnotes":""},"categories":[5],"tags":[20,21,24,25,15,19,22,23,17,18,13,30,28,29,14,16,26,27],"class_list":{"0":"post-115974","1":"post","2":"type-post","3":"status-publish","4":"format-standard","5":"has-post-thumbnail","7":"category-overskrifter","8":"tag-breaking-news","9":"tag-breakingnews","10":"tag-featured-news","11":"tag-featurednews","12":"tag-headlines","13":"tag-hovedoppslag","14":"tag-latest-news","15":"tag-latestnews","16":"tag-main-news","17":"tag-mainnews","18":"tag-news","19":"tag-no","20":"tag-norge","21":"tag-norway","22":"tag-nyheter","23":"tag-overskrifter","24":"tag-top-stories","25":"tag-topstories"},"share_on_mastodon":{"url":"https:\/\/pubeurope.com\/@no\/115737184579116478","error":""},"_links":{"self":[{"href":"https:\/\/www.europesays.com\/no\/wp-json\/wp\/v2\/posts\/115974","targetHints":{"allow":["GET"]}}],"collection":[{"href":"https:\/\/www.europesays.com\/no\/wp-json\/wp\/v2\/posts"}],"about":[{"href":"https:\/\/www.europesays.com\/no\/wp-json\/wp\/v2\/types\/post"}],"author":[{"embeddable":true,"href":"https:\/\/www.europesays.com\/no\/wp-json\/wp\/v2\/users\/2"}],"replies":[{"embeddable":true,"href":"https:\/\/www.europesays.com\/no\/wp-json\/wp\/v2\/comments?post=115974"}],"version-history":[{"count":0,"href":"https:\/\/www.europesays.com\/no\/wp-json\/wp\/v2\/posts\/115974\/revisions"}],"wp:featuredmedia":[{"embeddable":true,"href":"https:\/\/www.europesays.com\/no\/wp-json\/wp\/v2\/media\/115975"}],"wp:attachment":[{"href":"https:\/\/www.europesays.com\/no\/wp-json\/wp\/v2\/media?parent=115974"}],"wp:term":[{"taxonomy":"category","embeddable":true,"href":"https:\/\/www.europesays.com\/no\/wp-json\/wp\/v2\/categories?post=115974"},{"taxonomy":"post_tag","embeddable":true,"href":"https:\/\/www.europesays.com\/no\/wp-json\/wp\/v2\/tags?post=115974"}],"curies":[{"name":"wp","href":"https:\/\/api.w.org\/{rel}","templated":true}]}}