{"id":115976,"date":"2025-12-17T22:08:12","date_gmt":"2025-12-17T22:08:12","guid":{"rendered":"https:\/\/www.europesays.com\/no\/115976\/"},"modified":"2025-12-17T22:08:12","modified_gmt":"2025-12-17T22:08:12","slug":"kultur-og-underholdning-konsert-superstjerna-mener-disse-to-er-blant-landets-beste-begge-bor-i-samme-nabolag-i-honefoss","status":"publish","type":"post","link":"https:\/\/www.europesays.com\/no\/115976\/","title":{"rendered":"Kultur og underholdning, Konsert | Superstjerna mener disse to er blant landets beste: Begge bor i samme nabolag i H\u00f8nefoss"},"content":{"rendered":"\n<p>I fjor flyttet trommeslager Per Hillestad til H\u00f8nefoss fra Asker, og <a href=\"https:\/\/www.ringblad.no\/5-45-1952054.html\" rel=\"Follow nofollow noopener\" target=\"_blank\">ble dermed nabo med Trond Lien<\/a> p\u00e5 Hov. Begge var med p\u00e5 den musikalske versjonen av Team Antonsen, og i \u00e5r er de tilbake p\u00e5 den store scenen i hjembyen.<\/p>\n<p><b>\u2013 Vi har funnet oss veldig godt til rette i H\u00f8nefoss, sier Per Hillestad, som gjennom karrieren har spilt sammen med alle fra A-ha til Jahn Teigen og Sissel Kyrkjeb\u00f8.<\/b><\/p>\n<p>\u2013 Det er en veldig hyggelig by, og vi kjenner litt folk her fra f\u00f8r av. Stemningen i byen er god, sier Hillestad.<\/p>\n<p>\u2013 Det er en s\u00e5nn service-greie i forretningene. Du f\u00e5r litt bedre hjelp enn det jeg er vant til.<\/p>\n<p>Kona har funnet seg et kor \u00e5 synge i, og Per har blitt integrert som h\u00f8nefossing.<\/p>\n<p><b>\u2013 Vi stortrives!<\/b><\/p>\n<p>Trond Lien er en av de n\u00e6rmeste naboene, og Per avsl\u00f8rer at det har blitt litt hjelp med praktiske ting p\u00e5 huset. Men forel\u00f8pig har de til gode \u00e5 lage musikk sammen i eget nabolag.<\/p>\n<p>\u2013 Vi har snakket om \u00e5 gj\u00f8re litt sammen. Det kan hende det blir noe av etter hvert.<\/p>\n<p>\u2013 To av de beste<\/p>\n<p>Men n\u00e5 handler det om juleturneen. 26 stopp er det underveis, og konserten p\u00e5 fredag er den 25. i rekka.<\/p>\n<p>\u2013 Vi begynte planleggingen i august, forteller Trond.<\/p>\n<p><b>\u2013 Det er trivelig med denne typen turneer. Vi har flinke folk i alle ledd, og et godt program, synes vi.<\/b><\/p>\n<p>Trond er med p\u00e5 andre \u00e5ret, men Per Hillestad har skapt desemberstemning gjennom 12 \u00e5r.<\/p>\n<p>Sjefen sj\u00f8l, Ole Edvard Antonsen, kjenner begge de to h\u00f8nefossingene godt.<\/p>\n<p>\u2013 De er to av de beste i bransjen, sl\u00e5r han fast.<\/p>\n<p><b>\u2013 Per har spilt med meg gjennom mer enn 20 \u00e5r. Han er en ener p\u00e5 sitt felt. Trond har jeg ogs\u00e5 jobbet mye med, og han er s\u00e5 mye mer enn Beat for beat-musiker. Han har en enorm kunnskap og stilforst\u00e5else, sier Antonsen.<\/b><\/p>\n<p>   <img decoding=\"async\" width=\"4496\" height=\"3000\" fetchpriority=\"low\"  loading=\"lazy\"  src=\"https:\/\/www.europesays.com\/no\/wp-content\/uploads\/2025\/12\/5_45_1952115+_DSC0810.jpg\" alt=\"\" class=\"brick-c-cFOWSL\" style=\"--brick-image-ratio: 4496 \/ 3000;\"\/><\/p>\n<p>      TRE GODE KOLLEGER: Per Hillestad, Trond Lien og Ole Edvard Antonsen trives sv\u00e6rt godt p\u00e5 scenen sammen.<br \/>\n      Foto: Knut Andreas Ramsrud\n    <\/p>\n<p>\u2013 Jeg utfordrer dem begge p\u00e5 ting jeg \u00f8nsker \u00e5 f\u00e5 til, enten det er harmonikk eller lyder. Det tror jeg de setter pris p\u00e5.<\/p>\n<p>Humor og ettertanke<\/p>\n<p>Antonsen gleder seg til \u00e5 spille i H\u00f8nefoss. Faktisk gleder han seg til hver eneste julekonsert, hvert eneste \u00e5r.<\/p>\n<p><b>\u2013 Vi vil f\u00f8rst og fremst gi folk en fin opplevelse. Vi byr p\u00e5 gode stemninger, litt humor, og litt ettertanke. F\u00f8rjulstida er en tid hvor b\u00e5de de gode og de mindre gode f\u00f8lelsene forsterkes, og det har jeg stor respekt for.<\/b><\/p>\n<p>I tillegg til Per Hillestad og Trond Lien, har Antonsen med seg broren Tom Erik p\u00e5 bass, samt vokalistene Stine Hole Ulla og Espen Grjotheim. Er du fan av musikal-stjernen Grjotheim, b\u00f8r du benytte sjansen n\u00e5.<\/p>\n<p>   <img decoding=\"async\" width=\"1280\" height=\"853\" fetchpriority=\"low\"  loading=\"lazy\"  src=\"https:\/\/www.europesays.com\/no\/wp-content\/uploads\/2025\/12\/DSC_6400.jpg\" alt=\"\" class=\"brick-c-cFOWSL\" style=\"--brick-image-ratio: 1280 \/ 853;\"\/><\/p>\n<p>      KOMMER TIL H\u00d8NEFOSS: Ole Edvard Antonsen, med vokalistene Stine Hole Ulla og Espen Grjotheim.<br \/>\n      Foto: Matthias Stedt\n    <\/p>\n<p>\u2013 Espen har meldt at han ikke kan v\u00e6re med oss neste \u00e5r. Han har f\u00e5tt hovedrollen i Les Mis\u00e9rables p\u00e5 Folketeateret, forteller Antonsen.<\/p>\n<p>Han har brukt 2025 p\u00e5 konserter i Japan, Spania, USA og Danmark, for \u00e5 nevne noe. Neste \u00e5r starter med nytt\u00e5rskonserter i Stavanger, f\u00f8r det blir en liten nostalgitripp tilbake til den f\u00f8rste popul\u00e6r-plata han laget p\u00e5 1980-tallet.<\/p>\n<p><b>\u2013 Den het Tour de Force, og slo veldig godt an. Jeg ble bedt om \u00e5 bygge en konsert rundt den p\u00e5 Hjorten teater i Trondheim, og fant ut at vi ville ta med oss Oslo konserthus i samme slengen.<\/b><\/p>\n<p>Teigen, revy og Funhouse<\/p>\n<p>Med p\u00e5 laget i b\u00e5de Trondheim og Oslo er Per Hillestad. Ogs\u00e5 han har flere ting p\u00e5 programmet i 2026.<\/p>\n<p><b>\u2013 Jeg skal spille med Teigens Tropper og Anita Skorgan, og med Funhouse, forteller han.<\/b><\/p>\n<p>Trond Lien har l\u00e6rerjobb \u00e5 skj\u00f8tte i H\u00f8nefoss, men har ogs\u00e5 litt p\u00e5 gang, blant annet i form av opptredener sammen med Fr\u00f8ydis Grorud. Og han blir ikke overrasket om det blir sp\u00f8rsm\u00e5l om litt revy-musikk ogs\u00e5 n\u00e5r den tiden kommer.<\/p>\n<p>Men f\u00f8rst handler det om konsert i Alles kulturhus i H\u00f8nefoss p\u00e5 fredag.<\/p>\n<p>\u2013 Folk sier at dette er den beste julekonserten vi har hatt p\u00e5 de 17-18 \u00e5rene vi har drevet p\u00e5. Vi er i hvert fall veldig godt forn\u00f8yd med programmet selv, sier Ole Edvard Antonsen.<\/p>\n","protected":false},"excerpt":{"rendered":"I fjor flyttet trommeslager Per Hillestad til H\u00f8nefoss fra Asker, og ble dermed nabo med Trond Lien p\u00e5&hellip;\n","protected":false},"author":2,"featured_media":115977,"comment_status":"","ping_status":"","sticky":false,"template":"","format":"standard","meta":{"footnotes":""},"categories":[58],"tags":[36,71,5593,155,410,955,30,28,29,1510,14016,72],"class_list":{"0":"post-115976","1":"post","2":"type-post","3":"status-publish","4":"format-standard","5":"has-post-thumbnail","7":"category-underholdning","8":"tag-art","9":"tag-entertainment","10":"tag-jul","11":"tag-konsert","12":"tag-kultur","13":"tag-kultur-og-underholdning","14":"tag-no","15":"tag-norge","16":"tag-norway","17":"tag-story","18":"tag-trond-lien","19":"tag-underholdning"},"share_on_mastodon":{"url":"https:\/\/pubeurope.com\/@no\/115737192435394632","error":""},"_links":{"self":[{"href":"https:\/\/www.europesays.com\/no\/wp-json\/wp\/v2\/posts\/115976","targetHints":{"allow":["GET"]}}],"collection":[{"href":"https:\/\/www.europesays.com\/no\/wp-json\/wp\/v2\/posts"}],"about":[{"href":"https:\/\/www.europesays.com\/no\/wp-json\/wp\/v2\/types\/post"}],"author":[{"embeddable":true,"href":"https:\/\/www.europesays.com\/no\/wp-json\/wp\/v2\/users\/2"}],"replies":[{"embeddable":true,"href":"https:\/\/www.europesays.com\/no\/wp-json\/wp\/v2\/comments?post=115976"}],"version-history":[{"count":0,"href":"https:\/\/www.europesays.com\/no\/wp-json\/wp\/v2\/posts\/115976\/revisions"}],"wp:featuredmedia":[{"embeddable":true,"href":"https:\/\/www.europesays.com\/no\/wp-json\/wp\/v2\/media\/115977"}],"wp:attachment":[{"href":"https:\/\/www.europesays.com\/no\/wp-json\/wp\/v2\/media?parent=115976"}],"wp:term":[{"taxonomy":"category","embeddable":true,"href":"https:\/\/www.europesays.com\/no\/wp-json\/wp\/v2\/categories?post=115976"},{"taxonomy":"post_tag","embeddable":true,"href":"https:\/\/www.europesays.com\/no\/wp-json\/wp\/v2\/tags?post=115976"}],"curies":[{"name":"wp","href":"https:\/\/api.w.org\/{rel}","templated":true}]}}