{"id":115986,"date":"2025-12-17T22:28:07","date_gmt":"2025-12-17T22:28:07","guid":{"rendered":"https:\/\/www.europesays.com\/no\/115986\/"},"modified":"2025-12-17T22:28:07","modified_gmt":"2025-12-17T22:28:07","slug":"ny-forskning-om-forvaring-10-prosent-gjentar-grov-kriminalitet-nrk-trondelag-lokale-nyheter-tv-og-radio","status":"publish","type":"post","link":"https:\/\/www.europesays.com\/no\/115986\/","title":{"rendered":"Ny forskning om forvaring \u2013 10 prosent gjentar grov kriminalitet. \u2013 NRK Tr\u00f8ndelag \u2013 Lokale nyheter, TV og radio"},"content":{"rendered":"<p>L\u00f8rdag 13. desember ble <a href=\"http:\/\/www.nrk.no\/trondelag\/kvinne-funnet-dod-_-mann-pagrepet-og-siktet-for-drap-1.17691797\" ec-id=\"pp:article:1.17691797\" ec-name=\"en kvinne i 30-\u00e5rene funnet drept utend\u00f8rs p\u00e5 L\u00f8kken\" rel=\"nofollow noopener\" target=\"_blank\">en kvinne i 30-\u00e5rene funnet drept utend\u00f8rs p\u00e5 L\u00f8kken<\/a> i Orkland kommune i Tr\u00f8ndelag.<\/p>\n<p>Like etter hun ble funnet, p\u00e5grep politiet J\u00f8rn Andersen og siktet ham for drapet.<\/p>\n<p><strong>Drapssiktede er tidligere d\u00f8mt for drap. Han er ogs\u00e5 flere ganger tidligere d\u00f8mt for vold og trusler og har en forvaringsdom. Flere reagerer p\u00e5 at han n\u00e5 var en fri mann.<\/strong><\/p>\n<p>\u2013 Vi har ingen sikre metoder for \u00e5 forutse menneskelig adferd. Dette er nok den beste metoden vi har per i dag, sier Berit Johnsen, forsker ved Kriminalomsorgens h\u00f8gskole og utdanningssenter (KRUS).<\/p>\n<p>Hun er en av tre forskere bak en <a href=\"https:\/\/www.scup.com\/eprint\/T4IAEQVHN7FQJHZRFRYQ\/full?activationRedirect=%2Fdoi%2Ffull%2F10.18261%2Fnjc.27.2.3\" ec-id=\"https:\/\/www.scup.com\/eprint\/T4IAEQVHN7FQJHZRFRYQ\/full\" ec-name=\"ny studie om gjentagelsesfare etter forvaring\" rel=\"nofollow noopener\" target=\"_blank\">ny studie om gjentagelsesfare etter forvaring<\/a> som nylig ble publisert.<\/p>\n<p>Hun presiserer at hun ikke kommenterer drapssaken som er under etterforskning p\u00e5 L\u00f8kken.<\/p>\n<p>NRK presiserer at Andersen er sikta i saken p\u00e5 L\u00f8kken og fortsatt ikke har forklart seg.<\/p>\n<p>Mannens forsvarer \u00f8nsker ikke \u00e5 kommentere saken.<\/p>\n<p>Derfor identifiserer NRK J\u00f8rn Andersen: <\/p>\n<p>Pressen skal v\u00e6re varsomme med \u00e5 identifisere personer som omtales i forbindelse med straffbare forhold. Etter pressens etiske regelverk, V\u00e6r varsom-plakaten, gjelder dette spesielt i omtale av saker der etterforskningen er p\u00e5 et tidlig stadium. Det kan likevel v\u00e6re berettiget \u00e5 identifisere ved alvorlige og gjentatte kriminelle handlinger. Det mener vi det er i tilknytning til Andersen, som n\u00e5 er siktet for drap i Orkland.<\/p>\n<p>Andersen ble i 2000 d\u00f8mt til 15 \u00e5rs fengsel for drap p\u00e5 en ekskj\u00e6reste.<\/p>\n<p>Mens han sonet dommen for drapet ut\u00f8vde han grov vold mot en annen tidligere kj\u00e6reste, under en pr\u00f8vel\u00f8slatelse. Han ble derfor d\u00f8mt til 4 \u00e5r og 6 m\u00e5neders forvaring for grov vold og trusler mot henne.<\/p>\n<p>NRK mener det er viktig med en viss grad av \u00e5penhet ogs\u00e5 rundt de mest alvorlige straffesakene i samfunnet. Vi har vurdert det slik at offentligheten har et berettiget behov for informasjon om Andersen, som n\u00e5 er siktet for \u00e5 ha utf\u00f8rt en ny, sv\u00e6rt alvorlig handling.<\/p>\n<p>Dette er nettopp fordi han tidligere er d\u00f8mt for de mest alvorlige forbrytelsene i samfunnet.<\/p>\n<p>Det er tidlig i etterforskningen av saken og vi vet forel\u00f8pig ikke hvordan Andersen stiller seg til siktelsen.<\/p>\n<p>Forvaringsd\u00f8mt<\/p>\n<p>Andersen er tidligere d\u00f8mt til 15 \u00e5r i fengsel for drapet p\u00e5 sin tidligere kj\u00e6reste, 16 \u00e5r gamle Linn Charlott Nesblom, i Mel\u00f8y i Nordland i 1999.<\/p>\n<p><strong>Mens han sonet dommen ut\u00f8vde han grov vold mot en annen tidligere kj\u00e6reste under pr\u00f8vel\u00f8slatelse.<\/strong><\/p>\n<p>Da ble han <a href=\"https:\/\/www.nrk.no\/nordland\/tiltalt-for-vold-under-permisjon-1.7184449\" ec-id=\"pp:article:1.7184449\" ec-name=\"d\u00f8mt til fire \u00e5r og seks m\u00e5neder\" rel=\"nofollow noopener\" target=\"_blank\">d\u00f8mt til fire \u00e5r og seks m\u00e5neder<\/a> forvaring for voldsut\u00f8velsen og gjenst\u00e5ende soningstid for drapet.<\/p>\n<p>I forkant av drapet i 1999 er han ogs\u00e5 domfelt for vold og trusler.<\/p>\n<p>N\u00e5 er han alts\u00e5 siktet for nok et drap.<\/p>\n<p><img decoding=\"async\"   src=\"data:image\/gif;base64,R0lGODlhAQABAIAAAAAAAP\/\/\/yH5BAEAAAAALAAAAAABAAEAAAIBRAA7\" loading=\"eager\" alt=\"Politiet st\u00e5r i et omr\u00e5de med sn\u00f8 og grus, if\u00f8rt uniformer. Noen i hvite beskyttelsesdrakter unders\u00f8ker en gjenstand p\u00e5 bakken. En annen person i beskyttelsesdrakt er b\u00f8yd ned, trolig i ferd med \u00e5 samle inn bevis. Det er et hvitt bygg i bakgrunnen, delvis dekket av sn\u00f8. (Bildebeskrivelsen er laget av en KI-tjeneste)\" title=\"Foto: Bjarte M. Johannesen \/ NRK\"\/><\/p>\n<p class=\"\">Kriminalteknikere og politiet jobbet med store styrker p\u00e5 stedet tirsdag og onsdag. <\/p>\n<p>Foto: Bjarte M. Johannesen \/ NRK<\/p>\n<p>Mor reagerer<\/p>\n<p>Helen Nesblom er mor til Linn Charlott Nesblom som ble drept i 1999.<\/p>\n<p><strong>\u2013 Jeg har ment hele tiden at han ikke skulle ha v\u00e6rt ute i samfunnet. Jeg har nesten ikke ord, det er s\u00e5 tragisk, sa hun til NRK etter drapet p\u00e5 L\u00f8kken.<\/strong><\/p>\n<p>Ogs\u00e5 Daniel Mikkelborg som nesten ofret livet for \u00e5 berge Linn Charlott reagerer p\u00e5 at Andersen n\u00e5 er en fri mann. Det fortalte han<a href=\"https:\/\/www.dagbladet.no\/nyheter\/jeg-ble-ikke-sjokkert\/83993124\" ec-id=\"https:\/\/www.dagbladet.no\/nyheter\/jeg-ble-ikke-sjokkert\/83993124\" ec-name=\"til Dagbladet\" rel=\"nofollow noopener\" target=\"_blank\"> til Dagbladet<\/a>.<\/p>\n<p><strong>\u2013 Jeg forst\u00e5r ikke de vurderingene som har blitt gjort, sier han om l\u00f8slatelsen.<\/strong><\/p>\n<p>Han mener at den siktede mannen er ei tikkende bombe, og stiller sp\u00f8rsm\u00e5l ved at han ble l\u00f8slatt i 2016.<\/p>\n<p><strong>\u2013 Det er kanskje stygt \u00e5 si, men jeg ble ikke sjokkert over at dette skjedde. Man hadde liksom bare ventet p\u00e5 at det skulle skje igjen, sier han.<\/strong><\/p>\n<p><img decoding=\"async\"   src=\"data:image\/gif;base64,R0lGODlhAQABAIAAAAAAAP\/\/\/yH5BAEAAAAALAAAAAABAAEAAAIBRAA7\" loading=\"eager\" alt=\"Bildet viser et minnesomr\u00e5de med blomster, deriblant r\u00f8de og hvite roser, plassert i sn\u00f8. Det st\u00e5r ogs\u00e5 en figur av en engel, sammen med lys som er tent. Omr\u00e5det er omkranset av tr\u00e6r, som gir en naturlig bakgrunn. Det skaper en stille og respektfull atmosf\u00e6re. (Bildebeskrivelsen er laget av en KI-tjeneste)\" title=\"Foto: Bjarte M. Johannesen \/ NRK\"\/><\/p>\n<p class=\"\">Flere har satt ned blomster og lys for \u00e5 minnes den avd\u00f8de kvinnen. <\/p>\n<p>Foto: Bjarte M. Johannesen \/ NRK<\/p>\n<p>Ferskvare<\/p>\n<p>Forsker Berit Johnsen forst\u00e5r at folk reagerer.<\/p>\n<p><strong>\u2013 Det er n\u00e5r det som ikke skal skje, skjer, at samfunnet reagerer. Det er de sakene som oppr\u00f8rer oss, og som farger mye av hvordan vi ser p\u00e5 forvaringsordninga.<\/strong><\/p>\n<p>\u2013 Det er det som dekkes i media, og det er forst\u00e5elig, for det er alvorlige saker.<\/p>\n<p>Deres forskning viser at 48 av de 131 personene med forvaringsdom fikk en ny fengsel- eller forvaringsdom. Dette inkluderer ogs\u00e5 mindre alvorlige lovbrudd.<\/p>\n<p><strong>10 prosent hadde tilbakefall p\u00e5 grov kriminalitet, men andelen er bare 2 til 3 prosent om man ser p\u00e5 de f\u00f8rste \u00e5rene etter l\u00f8slatelse.<\/strong><\/p>\n<p>Ny forskning<\/p>\n<p>Forskere fra KRUS, NTNU og St Olavs hospital publiserte nylig en <a href=\"https:\/\/www.scup.com\/eprint\/T4IAEQVHN7FQJHZRFRYQ\/full?activationRedirect=%2Fdoi%2Ffull%2F10.18261%2Fnjc.27.2.3\" ec-id=\"https:\/\/www.scup.com\/eprint\/T4IAEQVHN7FQJHZRFRYQ\/full\" ec-name=\"studie\" rel=\"nofollow noopener\" target=\"_blank\">studie<\/a> om risikoen for at forvaringsd\u00f8mte faller tilbake til ny og alvorlig kriminialitet.<\/p>\n<p>Studien var av 131 personer som var ferdige med \u00e5 sone en forvaringsdom i perioden 2002\u20132022.<\/p>\n<p>Alts\u00e5 de f\u00f8rste 20 \u00e5rene av at forvaring har eksistert,<\/p>\n<p>Tilbakefall betyr i deres studie hvor mange som begikk ny kriminalitet hvor de ble d\u00f8mt til en ny fengsels- eller forvaringsstraff i l\u00f8pet av denne 20 \u00e5rs perioden.<\/p>\n<p>48 av de 131 personene fikk en ny fengsel- eller forvaringsdom.<\/p>\n<p>\u2013 Dette kan virke h\u00f8yt. Men i dette tallet er all kriminalitet inkludert \u2013 ogs\u00e5 mindre alvorlige lovbrudd, skriver forskerne.<\/p>\n<p>Blant de 131 er det 13 personer som har blitt d\u00f8mt for alvorlig kriminalitet \u2013 slik som grov vold, voldtekt eller drap \u2013 etter \u00e5 ha sonet forvaringsdommen sin. Dette gir et tilbakefall p\u00e5 10 prosent.<\/p>\n<p>\u2013 Forvaring skal ikke beskytte samfunnet mot all type kriminalitet. Den skal bare beskytte oss mot ny og alvorlig kriminalitet som krenker v\u00e5re liv, v\u00e5r helse og v\u00e5r frihet. Dette kan for eksempel v\u00e6re grov vold, voldtekt eller drap.<\/p>\n<p>Flere av de 13 ble d\u00f8mt mer enn seks \u00e5r etter at de ble l\u00f8slatt fra forvaringsdommen. Beregner vi tilbakefallet 2 eller 4 \u00e5r etter l\u00f8slatelse, som er mest vanlig n\u00e5r man forsker p\u00e5 tilbakefall, finner vi at tilbakefallet er mellom to og tre prosent.<\/p>\n<p>\u2013 Dette er lave tall, men de er bekymringsfulle. Det som ikke skal skje, skjer likevel. Dette er det dessverre helt umulig \u00e5 unng\u00e5. Det finnes ingen helt sikre metoder som kan forutse hva et menneske vil gj\u00f8re i fremtiden, skriver forskerne.<\/p>\n<p>Hun mener dette viser at vurderingene om en person er klar til \u00e5 komme ut i samfunnet er ferskvare.<\/p>\n<p><strong>\u2013 Vi har ingen sikre metoder for \u00e5 forutse menneskelig atferd. Det gj\u00f8res risikovurderinger av sakkyndige, men s\u00e5nne vurderinger er jo ferskvare.<\/strong>\n<\/p>\n<p><img decoding=\"async\"   src=\"data:image\/gif;base64,R0lGODlhAQABAIAAAAAAAP\/\/\/yH5BAEAAAAALAAAAAABAAEAAAIBRAA7\" loading=\"eager\" alt=\"en kvinne med armene i kors (Bildebeskrivelsen er laget av en KI-tjeneste)\" title=\"Foto: KRUS\"\/><\/p>\n<p class=\"\">Forsker Berit Johnsen forteller at forskningsgrunnlaget for forvaringsd\u00f8mte heldigvis er lavt i Norge. <\/p>\n<p>Foto: KRUS<\/p>\n<p>\u2013 N\u00e5r noen beg\u00e5r kriminalitet 10 -15 \u00e5r etter en slik vurdering, kan noen sp\u00f8rre seg hvor riktig vurderingen var. Det var kanskje riktig der og da, og for en stund framover. Men det \u00e5 tro at det skal v\u00e6re riktig i lang tid, det har vi ingen sikre metoder for.<\/p>\n<p><strong>\u2013 S\u00e5 det er nesten uunng\u00e5elig at det her vil skje. Det m\u00e5 vi nesten regne med.<\/strong><\/p>\n<p>Hun sier at forvaring etterfulgt av en slik vurdering nok likevel er den beste metoden vi har.<\/p>\n<p><strong>\u2013 Det er heller ingen andre land som Norge kan sammenligne seg med, alts\u00e5 vestlige demokratiske samfunn som har funnet en perfekt m\u00e5te forutse om folk vil beg\u00e5 ny kriminalitet.<\/strong><\/p>\n<p>\u2013 Hadde noen funnet den, s\u00e5 tror jeg alle hadde hoppa p\u00e5 det og adoptert det systemet.<\/p>\n<p><img decoding=\"async\"   src=\"data:image\/gif;base64,R0lGODlhAQABAIAAAAAAAP\/\/\/yH5BAEAAAAALAAAAAABAAEAAAIBRAA7\" loading=\"eager\" alt=\"Et skilt henger p\u00e5 d\u00f8ren til Bj\u00f8rnlihet Pub, som informerer om at puben er stengt. Skiltet forklarer at stengingen er et resultat av en tragisk hendelse og at puben holder stengt ut \u00e5ret. Det er en grannekrans p\u00e5 siden av d\u00f8ren, som kan indikere en h\u00f8ytidelig atmosf\u00e6re. Bakgrunnen viser elementer av bygningens fasade. (Bildebeskrivelsen er laget av en KI-tjeneste)\" title=\"Foto: Bjarte M. Johannesen \/ NRK\"\/><\/p>\n<p class=\"\">Puben offeret og den tiltalte hadde tilknytning til, er stengt etter hendelsen. <\/p>\n<p>Foto: Bjarte M. Johannesen \/ NRK<\/p>\n<p>Arbeidsgiver visste om dommen<\/p>\n<p>Tom Ketil Krogstad driver Bj\u00f8rnlihiet pub og gjesteheim p\u00e5 L\u00f8kken i Orkland i Tr\u00f8ndelag.<\/p>\n<p>Her jobbet den drepte kvinnen, og den drapssiktede bodde her.<\/p>\n<p>Krogstad var klar over at Andersen som er sikta for drapet, var d\u00f8mt for drapet av ekskj\u00e6resten i 1999.<\/p>\n<p><strong>\u2013 N\u00e5r det gjelder siktede sin fortid og dom viser jeg til at samfunnet, rettssystemet og helsepersonell har vurdert han sikker til \u00e5 v\u00e6re i samfunnet, sier Krogstad.<\/strong><\/p>\n<p>Publisert<\/p>\n<p>17.12.2025, kl. 21.59<\/p>\n","protected":false},"excerpt":{"rendered":"L\u00f8rdag 13. desember ble en kvinne i 30-\u00e5rene funnet drept utend\u00f8rs p\u00e5 L\u00f8kken i Orkland kommune i Tr\u00f8ndelag.&hellip;\n","protected":false},"author":2,"featured_media":115987,"comment_status":"","ping_status":"","sticky":false,"template":"","format":"standard","meta":{"footnotes":""},"categories":[5],"tags":[20,21,24,25,15,19,22,23,17,18,13,30,28,29,14,16,26,27],"class_list":{"0":"post-115986","1":"post","2":"type-post","3":"status-publish","4":"format-standard","5":"has-post-thumbnail","7":"category-overskrifter","8":"tag-breaking-news","9":"tag-breakingnews","10":"tag-featured-news","11":"tag-featurednews","12":"tag-headlines","13":"tag-hovedoppslag","14":"tag-latest-news","15":"tag-latestnews","16":"tag-main-news","17":"tag-mainnews","18":"tag-news","19":"tag-no","20":"tag-norge","21":"tag-norway","22":"tag-nyheter","23":"tag-overskrifter","24":"tag-top-stories","25":"tag-topstories"},"share_on_mastodon":{"url":"https:\/\/pubeurope.com\/@no\/115737270994382249","error":""},"_links":{"self":[{"href":"https:\/\/www.europesays.com\/no\/wp-json\/wp\/v2\/posts\/115986","targetHints":{"allow":["GET"]}}],"collection":[{"href":"https:\/\/www.europesays.com\/no\/wp-json\/wp\/v2\/posts"}],"about":[{"href":"https:\/\/www.europesays.com\/no\/wp-json\/wp\/v2\/types\/post"}],"author":[{"embeddable":true,"href":"https:\/\/www.europesays.com\/no\/wp-json\/wp\/v2\/users\/2"}],"replies":[{"embeddable":true,"href":"https:\/\/www.europesays.com\/no\/wp-json\/wp\/v2\/comments?post=115986"}],"version-history":[{"count":0,"href":"https:\/\/www.europesays.com\/no\/wp-json\/wp\/v2\/posts\/115986\/revisions"}],"wp:featuredmedia":[{"embeddable":true,"href":"https:\/\/www.europesays.com\/no\/wp-json\/wp\/v2\/media\/115987"}],"wp:attachment":[{"href":"https:\/\/www.europesays.com\/no\/wp-json\/wp\/v2\/media?parent=115986"}],"wp:term":[{"taxonomy":"category","embeddable":true,"href":"https:\/\/www.europesays.com\/no\/wp-json\/wp\/v2\/categories?post=115986"},{"taxonomy":"post_tag","embeddable":true,"href":"https:\/\/www.europesays.com\/no\/wp-json\/wp\/v2\/tags?post=115986"}],"curies":[{"name":"wp","href":"https:\/\/api.w.org\/{rel}","templated":true}]}}