{"id":115999,"date":"2025-12-17T22:50:09","date_gmt":"2025-12-17T22:50:09","guid":{"rendered":"https:\/\/www.europesays.com\/no\/115999\/"},"modified":"2025-12-17T22:50:09","modified_gmt":"2025-12-17T22:50:09","slug":"byradsleiar-meyer-i-bergen-tek-til-orde-for-lovendring-etter-innsynsbrak-nrk-vestland","status":"publish","type":"post","link":"https:\/\/www.europesays.com\/no\/115999\/","title":{"rendered":"Byr\u00e5dsleiar Meyer i Bergen tek til orde for lovendring etter innsynsbr\u00e5k \u2013 NRK Vestland"},"content":{"rendered":"<p>If\u00f8lge lova m\u00e5 hovudverneombodet i Bergen kommune utlevere sin dialog med pressa om ei varslingssak i kommunen.<\/p>\n<p>Det sl\u00e5r kommuneadvokaten fast onsdag f\u00f8remiddag.<\/p>\n<p>Varslinga gjaldt byr\u00e5dsavdelinga for barnevern, sosiale teneste og mangfald.<\/p>\n<p>Fleire reagerte d\u00e5 den same avdelinga bad om \u00e5 f\u00e5 oversendt verneombodet og pressa sin dialog om saka.<\/p>\n<p>Det heile har resultert i at Raudt Bergen vil stille mistillitsforslag mot byr\u00e5dsleiar Christine Meyer (H).<\/p>\n<p><strong>No ber Meyer regjeringa om \u00e5 vurdere ei lovendring, for \u00e5 sikra alle verneombod sin rett til \u00e5 ha fortruleg kontakt med media.<\/strong><\/p>\n<p>Men korleis gjekk dette til?<\/p>\n<p>For \u00e5 forst\u00e5 det m\u00e5 vi tilbake til saka som verneombod May Britt Kindem varsla om i fjor sommar.<\/p>\n<p>\u00abOfra\u00bb seksjonssjef etter datalekkasje om barn p\u00e5 krisesenter<\/p>\n<p>Etter at Bergens Tidende<a href=\"http:\/\/www.bt.no\/politikk\/i\/25RP24\/kommunaldirektoer-belen-birkenes-avsatte-mellomleder-i-bergen-kommune\" ec-id=\"http:\/\/www.bt.no\/politikk\/i\/25RP24\/kommunaldirektoer-belen-birkenes-avsatte-mellomleder-i-bergen-kommune\" ec-name=\"omtalte ei varslingssak i Bergen kommune\" rel=\"nofollow noopener\" target=\"_blank\"> omtalte ei varslingssak i Bergen kommune<\/a>, har ein anonym person bedt om innsyn i verneombodet og BT sin dialog om saka.<\/p>\n<p>Utgangspunktet var ein handlingsplan mot vald i n\u00e6re relasjonar, som vart publisert p\u00e5 kommunen sine nettsider i fjor sommar. D\u00e5 det vart oppdaga at planen inneheldt tausheitsbelagde opplysingar, m\u00e5tte nokon ta konsekvensane.<\/p>\n<p>Seksjonssjef Mads Hageb\u00f8, som hadde ansvar for seksjonen som lagde handlingsplanen, <a href=\"https:\/\/www.nrk.no\/vestland\/bt_-sikkerheitsglipp-i-bergen-kommune-_-seksjonssjef-matte-ga-av-1.17631482\" ec-id=\"pp:article:1.17631482\" ec-name=\"vart br\u00e5tt omplassert\" rel=\"nofollow noopener\" target=\"_blank\">vart br\u00e5tt omplassert<\/a>.<\/p>\n<p>Hovudverneombod May Britt Kindem reagerte sterkt p\u00e5 at kommunaldirekt\u00f8r Bel\u00e8n Birkenes hadde informert arvtakaren til Hageb\u00f8 om ny stilling, f\u00f8r Hageb\u00f8 sj\u00f8lv vart informert.<\/p>\n<p>Kindem leverte difor eit varsel p\u00e5 Birkenes si handtering av saka.<\/p>\n<p><strong>I tillegg skal Birkenes ha sagt at \u00abdet var naudsynt \u00e5 be seksjonssjefen om \u00e5 trekke seg fr\u00e5 stillinga, for elles m\u00e5tte byr\u00e5den og Birkenes g\u00e5\u00bb.<\/strong><\/p>\n<p>Hva er et verneombud?<\/p>\n<p>Verneombudet er et bindeledd mellom arbeidsgiver og arbeidstaker, s\u00e5 de kan samarbeide om \u00e5 skape en trygg arbeidsplass gjennom helse-, milj\u00f8- og sikkerhetsarbeidet (HMS).<\/p>\n<p>Verneombudet har mulighet til \u00e5 stanse arbeidet ved umiddelbar fare for liv og helse.<\/p>\n<p>Verneombudet skal v\u00e6re en viktig del av arbeidstakernes rett til medvirkning og medbestemmelse p\u00e5 arbeidsplassen.<\/p>\n<p>Hvis verneombudet blir gjort oppmerksom p\u00e5, eller selv oppdager, kritikkverdige arbeidsmilj\u00f8forhold p\u00e5 arbeidsplassen, har hen plikt til \u00e5 si ifra til arbeidsgiver.<\/p>\n<p>Kilde. Arbeidstilsynet<\/p>\n<p><img decoding=\"async\"   src=\"data:image\/gif;base64,R0lGODlhAQABAIAAAAAAAP\/\/\/yH5BAEAAAAALAAAAAABAAEAAAIBRAA7\" loading=\"eager\" alt=\"Bildet viser flere personer som sitter i en rekke med stoler i et rom med formell innredning. Den sentrale personen har p\u00e5 seg en bl\u00e5 jakke og et skjerf i flere farger. Omgivelsene inkluderer en lys vegg med detaljer i gull og vinduer med gardiner. Det er en generell atmosf\u00e6re som tyder p\u00e5 et offentlig m\u00f8te eller en h\u00f8ring. (Bildebeskrivelsen er laget av en KI-tjeneste)\" title=\"Foto: Oskar Rennedal \/ NRK\"\/><\/p>\n<p class=\"\">I bystyrem\u00f8tet onsdag vart haustens andre mistillitsforslag mot Spurkeland nedstemt. Kommunaldirekt\u00f8r Birkenes har ogs\u00e5 st\u00e5tt i hardt v\u00ear.<\/p>\n<p>Foto: Oskar Rennedal \/ NRK<\/p>\n<p>Birkenes avviser at Hageb\u00f8 m\u00e5tte g\u00e5 av for \u00e5 \u00abredde byr\u00e5det\u00bb.<\/p>\n<p>Det resulterte i at <a href=\"https:\/\/www.nrk.no\/vestland\/sv-fremmer-nytt-mistillitsforslag-mot-sosialbyrad-charlotte-spurkeland-_h_-1.17659884\" ec-id=\"pp:article:1.17659884\" ec-name=\"SV fremma mistillitsforslag mot sosialbyr\u00e5d\" rel=\"nofollow noopener\" target=\"_blank\">SV fremma mistillitsforslag mot sosialbyr\u00e5d<\/a> Charlotte Spurkeland (H), same dag som eit anna mistillitsforslag mot byr\u00e5den vart nedstemt.<\/p>\n<p>I bystyrem\u00f8tet onsdag ettermiddag vart ogs\u00e5 det <a href=\"https:\/\/www.nrk.no\/vestland\/bystyret-stemte-ned-mistillit-nummer-to-mot-spurkeland-1.17696392\" ec-id=\"pp:article:1.17696392\" ec-name=\"mistillitsforslaget nedstemt\" rel=\"nofollow noopener\" target=\"_blank\">mistillitsforslaget nedstemt<\/a>.<\/p>\n<p>Byr\u00e5dsavdelinga bad om dialogen mellom verneombod og presse<\/p>\n<p>Etter at BT omtalte varslingssaka <a href=\"https:\/\/www.bt.no\/politikk\/i\/BxVOGv\/innsynskrav-mot-hovedverneombud-og-varsler-may-britt-kindem\" ec-id=\"https:\/\/www.bt.no\/politikk\/i\/BxVOGv\/innsynskrav-mot-hovedverneombud-og-varsler-may-britt-kindem\" ec-name=\"bad ein anonym innbyggar om \u00e5 f\u00e5 sj\u00e5\" rel=\"nofollow noopener\" target=\"_blank\">bad ein anonym innbyggar om \u00e5 f\u00e5 sj\u00e5<\/a> dialogen mellom hovudverneombod Kindem og avisa.<\/p>\n<p>Saka gjaldt byr\u00e5dsavdeling for barnevern, sosiale tenester og mangfald, der Spurkeland er byr\u00e5d og Birkenes er kommunaldirekt\u00f8r.<\/p>\n<p>For \u00e5 avgjere om innsynet skulle innvilgast, bad saksbehandlar i avdelinga om \u00e5 f\u00e5 oversendt dokumenta. Dette er if\u00f8lgje byr\u00e5det ein del av den ordin\u00e6re saksbehandlinga av innsynskrav.<\/p>\n<p>Men i denne saka har det f\u00f8rt til sterke reaksjonar.<\/p>\n<p><img decoding=\"async\"   src=\"data:image\/gif;base64,R0lGODlhAQABAIAAAAAAAP\/\/\/yH5BAEAAAAALAAAAAABAAEAAAIBRAA7\" loading=\"eager\" alt=\"May Britt Kindem\" title=\"Foto: Dag Harald Kvammen Andersen\"\/><\/p>\n<p class=\"\">Hovudverneombod i byr\u00e5dsavdeling for barnevern, sosiale tenester og mangfald vil ikkje utlevere sin dialog med pressa.<\/p>\n<p>Foto: Dag Harald Kvammen Andersen<\/p>\n<p><strong>Kindem meiner det gjer jobben hennar umogleg, dersom ho skal utlevere informasjonen. <\/strong><\/p>\n<p>\u2013 Eg blir bedt om \u00e5 levere fr\u00e5 meg SMS og e-postar slik at arbeidsgivar kan g\u00e5 gjennom. Det synest eg er veldig spesielt. For d\u00e5 vil jo folk vegre seg for \u00e5 ta kontakt med meg.<\/p>\n<p><strong>Gruppeleiar i Raudt Bergen, Mailiss Solheim-\u00c5kerblom, meiner kravet \u00f8ydelegg funksjonen eit verneombod har.<\/strong><\/p>\n<p>\u2013 Viss verneombodet ikkje kan gjere jobben sin utan \u00e5 vere redd for \u00e5 at kommunen skal krevje informasjon om det ein jobbar med, d\u00e5 har ein eit stort problem.<\/p>\n<p>I f\u00f8rre veke kom haustens tredje mistillitsforslag i kommunen. Denne gongen fr\u00e5 Raudt, mot byr\u00e5dsleiar Christine Meyer (H), for hennar handtering av saka.<\/p>\n<p>\u2013 Eg har aldri sj\u00f8lv vore ein p\u00e5drivar for at informasjonen skal utleverast, sa Meyer til NRK.<\/p>\n<p>Kommuneadvokaten sl\u00e5r fast at innbyggjaren skal f\u00e5 innsyn<\/p>\n<p>\u2013 Eg kjem uansett ikkje til \u00e5 levere fr\u00e5 meg noko papir i denne saka, sa verneombod Kindem og bad om ei juridisk vurdering fr\u00e5 kommuneadvokaten.<\/p>\n<p>Det er administrasjonen som har bede om ei vurdering fr\u00e5 kommuneadvokaten, med st\u00f8tte fr\u00e5 byr\u00e5dsleiar.<\/p>\n<p><strong>Onsdag f\u00f8remiddag konkluderte kommuneadvokat Helge Strand med at innbyggaren if\u00f8lge lova skal f\u00e5 innsyn i dialogen mellom Kindem og pressa.<\/strong><\/p>\n<p>Med det vurderte han ogs\u00e5 at kommunen si behandling av saka var i tr\u00e5d med lova.<\/p>\n<p>\u2013 Kommuneadvokaten konkluderer med at det ikkje finst heimel for \u00e5 unnta denne dialogen fr\u00e5 offentlegheita, og Bergen kommune er sj\u00f8lvsagt p\u00e5lagt \u00e5 f\u00f8lge den, skriv Meyer til NRK.<\/p>\n<p><strong>Men kommuneadvokaten p\u00e5peika ogs\u00e5 at eit innsynskrav retta mot dialog mellom ein offentleg tilsett og pressa ikkje har vore behandla tidlegare.<\/strong><\/p>\n<p>Byr\u00e5dsleiar Meyer ber regjeringa vurdere ei lovendring<\/p>\n<p>I lys av debatten som har vore rundt saka, tek byr\u00e5dsleiar Meyer til orde for verneombodet sin rett til \u00e5 ha ein konfidensiell dialog med pressa.<\/p>\n<p>\u2013 Eg meiner det er viktig at verneomboda kjenner seg trygge p\u00e5 at dei kan kommunisere med media n\u00e5r det er naudsynt, s\u00e6rleg i saker som omhandlar varslingar, seier byr\u00e5dsleiaren.<\/p>\n<p><img decoding=\"async\"   src=\"data:image\/gif;base64,R0lGODlhAQABAIAAAAAAAP\/\/\/yH5BAEAAAAALAAAAAABAAEAAAIBRAA7\" loading=\"eager\" alt=\"Christine Meyer\" title=\"Foto: Benjamin Ren\u00e9 Dyrdal \/ NRK\"\/><\/p>\n<p class=\"\">Meyer vurderer om det burde vore eit unntak i offentlegheitslova for verneomboda sin konfidensielle dialog med media.<\/p>\n<p>Foto: Benjamin Ren\u00e9 Dyrdal \/ NRK<\/p>\n<p>Meyer set sp\u00f8rsm\u00e5lsteikn ved om det burde vore gjort eit unntak i offentlegheitslova for verneombodet sin konfidensielle dialog med media.<\/p>\n<p><strong>\u2013 Eg vil difor sende eit brev til arbeidsministeren og justisministeren der eg ber dei vurdere om det i lys av denne saka b\u00f8r gjerast endringar i lovverket, skriv Meyer til NRK.<\/strong><\/p>\n<p>Inntil saka er avklart vil verken den anonyme innbyggaren eller byr\u00e5dsavdelinga f\u00e5 tilgang til dialogen mellom verneombod Kindem og pressa.<\/p>\n<p>Publisert<\/p>\n<p>17.12.2025, kl. 21.33<\/p>\n<p>Oppdatert<\/p>\n<p>17.12.2025, kl. 21.47<\/p>\n","protected":false},"excerpt":{"rendered":"If\u00f8lge lova m\u00e5 hovudverneombodet i Bergen kommune utlevere sin dialog med pressa om ei varslingssak i kommunen. Det&hellip;\n","protected":false},"author":2,"featured_media":116000,"comment_status":"","ping_status":"","sticky":false,"template":"","format":"standard","meta":{"footnotes":""},"categories":[5],"tags":[20,21,24,25,15,19,22,23,17,18,13,30,28,29,14,16,26,27],"class_list":{"0":"post-115999","1":"post","2":"type-post","3":"status-publish","4":"format-standard","5":"has-post-thumbnail","7":"category-overskrifter","8":"tag-breaking-news","9":"tag-breakingnews","10":"tag-featured-news","11":"tag-featurednews","12":"tag-headlines","13":"tag-hovedoppslag","14":"tag-latest-news","15":"tag-latestnews","16":"tag-main-news","17":"tag-mainnews","18":"tag-news","19":"tag-no","20":"tag-norge","21":"tag-norway","22":"tag-nyheter","23":"tag-overskrifter","24":"tag-top-stories","25":"tag-topstories"},"share_on_mastodon":{"url":"https:\/\/pubeurope.com\/@no\/115737357401183519","error":""},"_links":{"self":[{"href":"https:\/\/www.europesays.com\/no\/wp-json\/wp\/v2\/posts\/115999","targetHints":{"allow":["GET"]}}],"collection":[{"href":"https:\/\/www.europesays.com\/no\/wp-json\/wp\/v2\/posts"}],"about":[{"href":"https:\/\/www.europesays.com\/no\/wp-json\/wp\/v2\/types\/post"}],"author":[{"embeddable":true,"href":"https:\/\/www.europesays.com\/no\/wp-json\/wp\/v2\/users\/2"}],"replies":[{"embeddable":true,"href":"https:\/\/www.europesays.com\/no\/wp-json\/wp\/v2\/comments?post=115999"}],"version-history":[{"count":0,"href":"https:\/\/www.europesays.com\/no\/wp-json\/wp\/v2\/posts\/115999\/revisions"}],"wp:featuredmedia":[{"embeddable":true,"href":"https:\/\/www.europesays.com\/no\/wp-json\/wp\/v2\/media\/116000"}],"wp:attachment":[{"href":"https:\/\/www.europesays.com\/no\/wp-json\/wp\/v2\/media?parent=115999"}],"wp:term":[{"taxonomy":"category","embeddable":true,"href":"https:\/\/www.europesays.com\/no\/wp-json\/wp\/v2\/categories?post=115999"},{"taxonomy":"post_tag","embeddable":true,"href":"https:\/\/www.europesays.com\/no\/wp-json\/wp\/v2\/tags?post=115999"}],"curies":[{"name":"wp","href":"https:\/\/api.w.org\/{rel}","templated":true}]}}