{"id":116007,"date":"2025-12-17T23:05:11","date_gmt":"2025-12-17T23:05:11","guid":{"rendered":"https:\/\/www.europesays.com\/no\/116007\/"},"modified":"2025-12-17T23:05:11","modified_gmt":"2025-12-17T23:05:11","slug":"valerenga-ute-av-champions-league-tapte-mot-bayern-munchen","status":"publish","type":"post","link":"https:\/\/www.europesays.com\/no\/116007\/","title":{"rendered":"V\u00e5lerenga ute av Champions League \u2013 tapte mot Bayern M\u00fcnchen"},"content":{"rendered":"\n<p class=\"_lead_o9xde_2 _lead_xtcu6_50 layout-component text-serif-m layout-normal text-serif-l layout-component layout-wide layout-padded _wide_17hqh_1 layout-padded\">V\u00e5lerenga trengte seier mot Bayern M\u00fcnchen i den siste kampen i ligafasen for \u00e5 avansere til playoff i mesterligaen, men lyktes ikke i Tyskland. <\/p>\n<p><img alt=\"Synne Skinnes Hansen og V\u00e5lerenga tapte mot Bayern M\u00fcnchen i mesterligaen.  Foto: Thomas Andersen \/ NTB\" class=\"_image_qp4xg_65 layout-component layout-wide\" data-fullscreen- data-track-element-type=\"Article image fullscreen\" data-track-name=\"ImageFullscreen\" fetchpriority=\"high\" decoding=\"sync\" loading=\"eager\" height=\"2292\" itemprop=\"image\"  src=\"https:\/\/www.europesays.com\/no\/wp-content\/uploads\/2025\/12\/a99eb114-0661-4e7a-8b09-c884316fbc76\"  style=\"object-position:0% 0%\" width=\"3438\"\/>Synne Skinnes Hansen og V\u00e5lerenga tapte mot Bayern M\u00fcnchen i mesterligaen.  Foto: Thomas Andersen \/ NTB<\/p>\n<ul aria-hidden=\"true\" class=\"_images_ntbth_112\">\n<li><a class=\"_link_ntbth_117\" href=\"https:\/\/www.vg.no\/forfatter\/ntb\" style=\"z-index:1\" title=\"NTB\" rel=\"nofollow noopener\" target=\"_blank\"><img alt=\"Bilde av NTB\" class=\"_image_ntbth_93\" fetchpriority=\"low\" loading=\"lazy\" decoding=\"async\" itemprop=\"image\"  src=\"https:\/\/www.europesays.com\/no\/wp-content\/uploads\/2025\/12\/1766012711_634_c33980b0-5d07-4027-84a1-813f90a7c8d6\"  width=\"480\"\/><\/a><\/li>\n<\/ul>\n<p> Oppdatert onsdag 17. desember kl. 23:21     <\/p>\n<p class=\"_paragraph_o9xde_4 _paragraph_xtcu6_10 layout-component text-serif-m layout-normal text-serif-m layout-padded\">V\u00e5lerenga sto med fire poeng etter seier borte mot Roma og ett poeng hjemme mot St. Polten. <\/p>\n<p class=\"_paragraph_o9xde_4 _paragraph_xtcu6_10 layout-component text-serif-m layout-normal text-serif-m layout-padded\">V\u00e5lerenga fikk en d\u00e5rlig start mot den tyske storklubben Bayern M\u00fcnchen.<\/p>\n<p class=\"_paragraph_o9xde_4 _paragraph_xtcu6_10 layout-component text-serif-m layout-normal text-serif-m layout-padded\">Allerede etter to minutter sendte den japanske midtbanespilleren Momoko Tanikawa tyskerne i f\u00f8ringen. Bayern M\u00fcnchen spilte seg elegant opp i 16-meteren til V\u00e5lerenga og Tanikawa l\u00f8p inn i feltet og prikket ballen i m\u00e5l. <\/p>\n<p class=\"_paragraph_o9xde_4 _paragraph_xtcu6_10 layout-component text-serif-m layout-normal text-serif-m layout-padded\">Vondt ble til verre da den tidligere V\u00e5lerenga-kapteinen Stine Ballisager doblet for Bayern M\u00fcnchen etter ti minutter med et kjempetreff fra utsiden av 16-meteren. Dansken spilte i V\u00e5lerenga fra 2018 til 2023.<\/p>\n<p class=\"_paragraph_o9xde_4 _paragraph_xtcu6_10 layout-component text-serif-m layout-normal text-serif-m layout-padded\">Litt over halvtimen spilt h\u00e6lsparket Linda Dallmann ballen opp i armen til VIF-spiller Michaela Kovacs. Det var kort avstand mellom spillerne, men dommeren d\u00f8mte straffespark etter en VAR-sjekk. <\/p>\n<p class=\"_paragraph_o9xde_4 _paragraph_xtcu6_10 layout-component text-serif-m layout-normal text-serif-m layout-padded\">Det ble dermed den femte straffen V\u00e5lerenga fikk imot seg i Champions League denne h\u00f8sten. Alle avgj\u00f8relsene har kommet etter hands. <\/p>\n<p class=\"_paragraph_o9xde_4 _paragraph_xtcu6_10 layout-component text-serif-m layout-normal text-serif-m layout-padded\">\u2013 Det begynner \u00e5 bli en parodi. Den er brutal. De har f\u00e5tt en del tvilsomme avgj\u00f8relser mot seg, men det der er den dr\u00f8yeste, sa TV 2s kommentator Endre Olav Osnes. <\/p>\n<p class=\"_paragraph_o9xde_4 _paragraph_xtcu6_10 layout-component text-serif-m layout-normal text-serif-m layout-padded\">Bayern M\u00fcnchen-kaptein og den engelske landslagsspilleren Georgia Stanway tok straffen, men en sterk redning av Tove Enblom hindret baklengsm\u00e5l. Dermed sto det 2-0 til pause. <\/p>\n<p class=\"_paragraph_o9xde_4 _paragraph_xtcu6_10 layout-component text-serif-m layout-normal text-serif-m layout-padded\">Den danske stjernespilleren Pernille Harder \u00f8kte til 3-0 etter en heading fra fem meter. Nettkjenningen kom etter 58 minutter og sikret en komfortabel seier. <\/p>\n<p class=\"_paragraph_o9xde_4 _paragraph_xtcu6_10 layout-component text-serif-m layout-normal text-serif-m layout-padded\">Bayern M\u00fcnchen tok seg videre i mesterligaen, og Oslo-klubben ut i ligafasen. <\/p>\n","protected":false},"excerpt":{"rendered":"V\u00e5lerenga trengte seier mot Bayern M\u00fcnchen i den siste kampen i ligafasen for \u00e5 avansere til playoff i&hellip;\n","protected":false},"author":2,"featured_media":116008,"comment_status":"","ping_status":"","sticky":false,"template":"","format":"standard","meta":{"footnotes":""},"categories":[5],"tags":[20,21,24,25,15,19,22,23,17,18,13,30,28,29,14,16,26,27],"class_list":{"0":"post-116007","1":"post","2":"type-post","3":"status-publish","4":"format-standard","5":"has-post-thumbnail","7":"category-overskrifter","8":"tag-breaking-news","9":"tag-breakingnews","10":"tag-featured-news","11":"tag-featurednews","12":"tag-headlines","13":"tag-hovedoppslag","14":"tag-latest-news","15":"tag-latestnews","16":"tag-main-news","17":"tag-mainnews","18":"tag-news","19":"tag-no","20":"tag-norge","21":"tag-norway","22":"tag-nyheter","23":"tag-overskrifter","24":"tag-top-stories","25":"tag-topstories"},"share_on_mastodon":{"url":"https:\/\/pubeurope.com\/@no\/115737416695518699","error":""},"_links":{"self":[{"href":"https:\/\/www.europesays.com\/no\/wp-json\/wp\/v2\/posts\/116007","targetHints":{"allow":["GET"]}}],"collection":[{"href":"https:\/\/www.europesays.com\/no\/wp-json\/wp\/v2\/posts"}],"about":[{"href":"https:\/\/www.europesays.com\/no\/wp-json\/wp\/v2\/types\/post"}],"author":[{"embeddable":true,"href":"https:\/\/www.europesays.com\/no\/wp-json\/wp\/v2\/users\/2"}],"replies":[{"embeddable":true,"href":"https:\/\/www.europesays.com\/no\/wp-json\/wp\/v2\/comments?post=116007"}],"version-history":[{"count":0,"href":"https:\/\/www.europesays.com\/no\/wp-json\/wp\/v2\/posts\/116007\/revisions"}],"wp:featuredmedia":[{"embeddable":true,"href":"https:\/\/www.europesays.com\/no\/wp-json\/wp\/v2\/media\/116008"}],"wp:attachment":[{"href":"https:\/\/www.europesays.com\/no\/wp-json\/wp\/v2\/media?parent=116007"}],"wp:term":[{"taxonomy":"category","embeddable":true,"href":"https:\/\/www.europesays.com\/no\/wp-json\/wp\/v2\/categories?post=116007"},{"taxonomy":"post_tag","embeddable":true,"href":"https:\/\/www.europesays.com\/no\/wp-json\/wp\/v2\/tags?post=116007"}],"curies":[{"name":"wp","href":"https:\/\/api.w.org\/{rel}","templated":true}]}}