{"id":116042,"date":"2025-12-18T00:52:14","date_gmt":"2025-12-18T00:52:14","guid":{"rendered":"https:\/\/www.europesays.com\/no\/116042\/"},"modified":"2025-12-18T00:52:14","modified_gmt":"2025-12-18T00:52:14","slug":"politi-troms-politidistrikt-17-politifolk-har-sluttet-i-troms-hittil-i-ar","status":"publish","type":"post","link":"https:\/\/www.europesays.com\/no\/116042\/","title":{"rendered":"Politi, Troms politidistrikt | 17 politifolk har sluttet i Troms hittil i \u00e5r"},"content":{"rendered":"\n<p><a rel=\"Follow nofollow noopener\" href=\"https:\/\/www.politiforum.no\/rekordmange-politifolk-slutter-1100-borte-pa-fire-ar\/285669\" target=\"_blank\">Politiforum kom onsdag med oppsiktsvekkende tall for yrkesgruppen. <\/a><\/p>\n<p>I en artikkel p\u00e5 sine nettsider skriver de at aldri f\u00f8r har flere politifolk sluttet i politiet enn i 2025. P\u00e5 fire \u00e5r har nasjonalt nesten 1100 politifolk forlatt etaten og f\u00e5tt seg jobb utenfor politiet.<\/p>\n<p>Politiforum har talt opp distrikt for distrikt \u2013 og det er naturligvis de st\u00f8rste politidistriktene som mister flest.<\/p>\n<p>Tallene for Troms viser at det til og med november i \u00e5r sluttet 17 politifolk i Troms politidistrikt. I fjor var tallet 11.<\/p>\n<p>   <img decoding=\"async\" width=\"705\" height=\"597\" fetchpriority=\"low\"  loading=\"lazy\"  src=\"https:\/\/www.europesays.com\/no\/wp-content\/uploads\/2025\/12\/Skjermbilde+2025-12-17+220547_1.jpg\" alt=\"\" class=\"brick-c-cFOWSL\" style=\"--brick-image-ratio: 705 \/ 597;\"\/><\/p>\n<p>      Foto: Kilde: Politiforum.no\n    <\/p>\n<p>Politiforum har ogs\u00e5 gjennomf\u00f8rt en sp\u00f8rreunders\u00f8kelse blant politifolk, der de sp\u00f8r om de i l\u00f8pet av de to siste \u00e5rene har vurdert \u00e5 slutte. Her kommer Troms d\u00e5rligst ut av alle: Over 80 prosent svarer at ja, de har vurdert \u00e5 slutte.<\/p>\n<p>\u00abArbeidsbelastningen ble for stor, noe som medf\u00f8rte sykmelding. En har naturligvis under en slik periode hvor man blir syk av jobben stilt seg selv sp\u00f8rsm\u00e5let hvorvidt dette er noe en vil fortsette med\u00bb, sier en polititjenestemann fra Troms politidistrikt i <a rel=\"Follow nofollow noopener\" href=\"https:\/\/www.politiforum.no\/her-slutter-det-flest-politifolk-sjekk-ditt-politidistrikt\/285836\" target=\"_blank\">Politiforums sp\u00f8rreunders\u00f8kelse.<\/a><\/p>\n<p>   <img decoding=\"async\" width=\"343\" height=\"604\" fetchpriority=\"low\"  loading=\"lazy\"  src=\"https:\/\/www.europesays.com\/no\/wp-content\/uploads\/2025\/12\/Skjermbilde+2025-12-17+220606.jpg\" alt=\"\" class=\"brick-c-cFOWSL\" style=\"--brick-image-ratio: 343 \/ 604;\"\/><\/p>\n<p>      Foto: Kilde: politiforum.no\n    <\/p>\n<p>Inkludert de som pensjonerer seg, slutter det n\u00e5 flere politifolk enn det kommer nye til fra Politih\u00f8gskolen.<\/p>\n<p>\u2013 Det g\u00e5r i minus. I en tid hvor vi virkelig trenger politifolk, er dette noe som burde bekymre flere enn meg, sier Unn Alma Skatvold, leder for Politiets Fellesforbund (PF) i artikkelen.<\/p>\n<p>L\u00f8nnsniv\u00e5 og arbeidsbelastning oppgis som hoved\u00e5rsaker til at folk slutter eller har vurdert \u00e5 slutte.<\/p>\n<p>Dersom de som pensjonerer seg tas med i regnestykket, har flere politifolk forlatt etaten enn det har kommet nye til fra Politih\u00f8gskolen (PHS) hvert av de siste tre \u00e5rene. Totalt er \u00abunderskuddet\u00bb p\u00e5 249 politifolk, skriver <a href=\"https:\/\/www.politiforum.no\/rekordmange-politifolk-slutter-1100-borte-pa-fire-ar\/285669\" rel=\"Follow nofollow noopener\" target=\"_blank\">Politiforum<\/a> om de nasjonale tallene.<\/p>\n","protected":false},"excerpt":{"rendered":"Politiforum kom onsdag med oppsiktsvekkende tall for yrkesgruppen. I en artikkel p\u00e5 sine nettsider skriver de at aldri&hellip;\n","protected":false},"author":2,"featured_media":2176,"comment_status":"","ping_status":"","sticky":false,"template":"","format":"standard","meta":{"footnotes":""},"categories":[10],"tags":[465,36,20,21,24,25,15,22,23,13,30,28,29,14,16,254,1510,26,27,1625],"class_list":{"0":"post-116042","1":"post","2":"type-post","3":"status-publish","4":"format-standard","5":"has-post-thumbnail","7":"category-norge","8":"tag-arbeidsliv","9":"tag-art","10":"tag-breaking-news","11":"tag-breakingnews","12":"tag-featured-news","13":"tag-featurednews","14":"tag-headlines","15":"tag-latest-news","16":"tag-latestnews","17":"tag-news","18":"tag-no","19":"tag-norge","20":"tag-norway","21":"tag-nyheter","22":"tag-overskrifter","23":"tag-politi","24":"tag-story","25":"tag-top-stories","26":"tag-topstories","27":"tag-troms-politidistrikt"},"share_on_mastodon":{"url":"https:\/\/pubeurope.com\/@no\/115737837190255946","error":""},"_links":{"self":[{"href":"https:\/\/www.europesays.com\/no\/wp-json\/wp\/v2\/posts\/116042","targetHints":{"allow":["GET"]}}],"collection":[{"href":"https:\/\/www.europesays.com\/no\/wp-json\/wp\/v2\/posts"}],"about":[{"href":"https:\/\/www.europesays.com\/no\/wp-json\/wp\/v2\/types\/post"}],"author":[{"embeddable":true,"href":"https:\/\/www.europesays.com\/no\/wp-json\/wp\/v2\/users\/2"}],"replies":[{"embeddable":true,"href":"https:\/\/www.europesays.com\/no\/wp-json\/wp\/v2\/comments?post=116042"}],"version-history":[{"count":0,"href":"https:\/\/www.europesays.com\/no\/wp-json\/wp\/v2\/posts\/116042\/revisions"}],"wp:featuredmedia":[{"embeddable":true,"href":"https:\/\/www.europesays.com\/no\/wp-json\/wp\/v2\/media\/2176"}],"wp:attachment":[{"href":"https:\/\/www.europesays.com\/no\/wp-json\/wp\/v2\/media?parent=116042"}],"wp:term":[{"taxonomy":"category","embeddable":true,"href":"https:\/\/www.europesays.com\/no\/wp-json\/wp\/v2\/categories?post=116042"},{"taxonomy":"post_tag","embeddable":true,"href":"https:\/\/www.europesays.com\/no\/wp-json\/wp\/v2\/tags?post=116042"}],"curies":[{"name":"wp","href":"https:\/\/api.w.org\/{rel}","templated":true}]}}