{"id":116045,"date":"2025-12-18T00:58:24","date_gmt":"2025-12-18T00:58:24","guid":{"rendered":"https:\/\/www.europesays.com\/no\/116045\/"},"modified":"2025-12-18T00:58:24","modified_gmt":"2025-12-18T00:58:24","slug":"dere-gjor-det-vanskelig-a-leve","status":"publish","type":"post","link":"https:\/\/www.europesays.com\/no\/116045\/","title":{"rendered":"&#8216;Dere gj\u00f8r det vanskelig \u00e5 leve&#8217;"},"content":{"rendered":"<p class=\"kicker \" style=\"\">Jacob Elordi:<\/p>\n<p>  Skuespilleren sl\u00e5r hardt tilbake mot fotografene.\u00a0<\/p>\n<p>\n    KREVENDE: Jacob Elordi uttrykker at det ikke bare er enkelt \u00e5 ha et kjent ansikt. Foto: Christopher Peterson \/ SplashNews.com \/ NTB\n  <\/p>\n<p id=\"text\" class=\"svelte-1bgec1z\">I samarbeid med<\/p>\n<p>     <img decoding=\"async\" src=\"https:\/\/www.europesays.com\/no\/wp-content\/uploads\/2025\/12\/fishermansFriend.png\" alt=\"kommersiell logo\" class=\"svelte-1bgec1z\"\/>          <\/p>\n<p>Den australske skuespilleren Jacob Elordi (28) gikk nylig rundt i Paris&#8217; gater da han plutselig st\u00f8tte p\u00e5 en fotograf ved togstasjonen Gare du Nord.\u00a0Det melder blant andre\u00a0<a href=\"https:\/\/people.com\/jacob-elordi-tells-photographer-you-make-it-really-hard-for-me-to-live-11868572\" style=\"font-size: 1.4rem;\" rel=\"nofollow noopener\" target=\"_blank\">People<\/a>.<\/p>\n<p>    <a itemprop=\"url\" href=\"https:\/\/www.seher.no\/kjendis\/det-er-over-for-godt\/83783824\" rel=\"nofollow noopener\" target=\"_blank\"><\/p>\n<p>        <img loading=\"lazy\" decoding=\"async\" src=\"https:\/\/www.europesays.com\/no\/wp-content\/uploads\/2025\/12\/83784315.webp\" width=\"980\" height=\"441\" title=\"- Det er slutt for alltid\" alt=\"\" class=\"lazyload\" style=\"--aspect-ratio-image: 2.22; \"\/><\/p>\n<p>        &#8211; Det er slutt for alltid<\/p>\n<p>    <\/a><\/p>\n<p>I en video, som n\u00e5 deles p\u00e5 sosiale medier, kan man se at fotografen pr\u00f8ver \u00e5 f\u00e5 oppmerksomheten til 28-\u00e5ringen.<\/p>\n<p>&#8211; Jacob, vi elsker deg, sier fotografen.<\/p>\n<p>        AVKREFTER: Det oppstod misforst\u00e5elser da en promovideo til \u00abSofa\u00bb ble vist p\u00e5 TV 2s v\u00e5rlansering. Video: Nora Skavhaug\/ Thea Hope<\/p>\n<p>Da valgte skuespilleren \u00e5 ta ut den ene \u00f8reproppen og svarte:<\/p>\n<p class=\"font-weight-bold m-font-weight-bold\" data-lab-font_weight=\"font-weight-bold\">&#8211; Dere gj\u00f8r det vanskelig for meg \u00e5 leve.<\/p>\n<p>Fotografen pr\u00f8vde \u00e5 f\u00e5 frem budskapet en gang til ved \u00e5 gjenta at de elsker ham, men fikk et enda tydeligere svar tilbake fra skuespilleren:<\/p>\n<p>        TIPS: Kongehusekspert Caroline Vagle oppfordrer den norske kongefamilien \u00e5 la seg inspirere av naboene. Reporter: Caroline Vagle. Video: Instagram\/@prinseparet \/ Kine Falch.<\/p>\n<p>&#8211; Jeg elsker ikke dere. Dere gj\u00f8r det vanskelig for meg \u00e5 leve.<\/p>\n<p>Hendelsen har eksplodert i sosiale medier og mange av Jacobs fans viser ham st\u00f8tte.\u00a0<\/p>\n<p class=\"font-weight-bold m-font-weight-bold\" data-lab-font_weight=\"font-weight-bold\">\u00abDette er \u00e6rlig talt hjerteskj\u00e6rende. Ber\u00f8mmelse er ikke en gratisbillett for verden til \u00e5 ignorere noens grenser\u00bb, skriver en fan.<\/p>\n<p>En annen legger til:\u00a0<\/p>\n<p>        <img loading=\"lazy\" decoding=\"async\" src=\"https:\/\/www.europesays.com\/no\/wp-content\/uploads\/2025\/12\/83987641.webp\" width=\"667\" height=\"601\" title=\"PRISUTDELING: Jacob var nylig p\u00e5 Gotham Film Awards med Guillermo del Toro, Oscar Isaac og J. J. Abrams. Foto: Michael loccisano \/ GETTY IMAGES NORTH AMERICA \/ Getty Images via AFP\" alt=\"\" class=\"\" style=\"--aspect-ratio-image: 1.11; \"\/><\/p>\n<p>\n        PRISUTDELING: Jacob var nylig p\u00e5 Gotham Film Awards med Guillermo del Toro, Oscar Isaac og J. J. Abrams. Foto: Michael loccisano \/ GETTY IMAGES NORTH AMERICA \/ Getty Images via AFP\n    <\/p>\n<p>\u00abJeg hadde blitt irritert fra f\u00f8rste sekund hvis noen fulgte etter meg s\u00e5nn\u00bb.<\/p>\n<p>28-\u00e5ringen slo f\u00f8rst gjennom med Netflix-serien \u00abThe Kissing Booth\u00bb fra 2018. Siden har han dukket opp i flere store produksjoner som \u00abEuphoria\u00bb og \u00abFrankenstein\u00bb.\u00a0<\/p>\n<p class=\"\">For sistnevnte film ble han nominert til en Golden Globe-pris.<\/p>\n","protected":false},"excerpt":{"rendered":"Jacob Elordi: Skuespilleren sl\u00e5r hardt tilbake mot fotografene.\u00a0 KREVENDE: Jacob Elordi uttrykker at det ikke bare er enkelt&hellip;\n","protected":false},"author":2,"featured_media":116046,"comment_status":"","ping_status":"","sticky":false,"template":"","format":"standard","meta":{"footnotes":""},"categories":[12],"tags":[20,21,24,25,15,4322,479,2543,22,23,13,30,28,29,14,16,26,27,42,43,44,45],"class_list":{"0":"post-116045","1":"post","2":"type-post","3":"status-publish","4":"format-standard","5":"has-post-thumbnail","7":"category-verden","8":"tag-breaking-news","9":"tag-breakingnews","10":"tag-featured-news","11":"tag-featurednews","12":"tag-headlines","13":"tag-jacob-elordi","14":"tag-kjendis","15":"tag-kjendisdesken","16":"tag-latest-news","17":"tag-latestnews","18":"tag-news","19":"tag-no","20":"tag-norge","21":"tag-norway","22":"tag-nyheter","23":"tag-overskrifter","24":"tag-top-stories","25":"tag-topstories","26":"tag-verden","27":"tag-world","28":"tag-world-news","29":"tag-worldnews"},"share_on_mastodon":{"url":"https:\/\/pubeurope.com\/@no\/115737861146681119","error":""},"_links":{"self":[{"href":"https:\/\/www.europesays.com\/no\/wp-json\/wp\/v2\/posts\/116045","targetHints":{"allow":["GET"]}}],"collection":[{"href":"https:\/\/www.europesays.com\/no\/wp-json\/wp\/v2\/posts"}],"about":[{"href":"https:\/\/www.europesays.com\/no\/wp-json\/wp\/v2\/types\/post"}],"author":[{"embeddable":true,"href":"https:\/\/www.europesays.com\/no\/wp-json\/wp\/v2\/users\/2"}],"replies":[{"embeddable":true,"href":"https:\/\/www.europesays.com\/no\/wp-json\/wp\/v2\/comments?post=116045"}],"version-history":[{"count":0,"href":"https:\/\/www.europesays.com\/no\/wp-json\/wp\/v2\/posts\/116045\/revisions"}],"wp:featuredmedia":[{"embeddable":true,"href":"https:\/\/www.europesays.com\/no\/wp-json\/wp\/v2\/media\/116046"}],"wp:attachment":[{"href":"https:\/\/www.europesays.com\/no\/wp-json\/wp\/v2\/media?parent=116045"}],"wp:term":[{"taxonomy":"category","embeddable":true,"href":"https:\/\/www.europesays.com\/no\/wp-json\/wp\/v2\/categories?post=116045"},{"taxonomy":"post_tag","embeddable":true,"href":"https:\/\/www.europesays.com\/no\/wp-json\/wp\/v2\/tags?post=116045"}],"curies":[{"name":"wp","href":"https:\/\/api.w.org\/{rel}","templated":true}]}}