{"id":116053,"date":"2025-12-18T01:24:56","date_gmt":"2025-12-18T01:24:56","guid":{"rendered":"https:\/\/www.europesays.com\/no\/116053\/"},"modified":"2025-12-18T01:24:56","modified_gmt":"2025-12-18T01:24:56","slug":"hushovd-reagerer-etter-idrettsgalla-nominasjoner-latterlig-og-teit","status":"publish","type":"post","link":"https:\/\/www.europesays.com\/no\/116053\/","title":{"rendered":"Hushovd reage\u00adrer etter Idretts\u00adgalla-nomi\u00adnasjo\u00adner: \u2013 Latter\u00adlig og teit"},"content":{"rendered":"<p>Jonas Abrahamsen vant i sommer en etappe i Tour de France i det som ble et suksessrikt ritt for Uno-X-laget.Tobias Halland Johannessen ble nummer seks sammenlagt. Ingen av dem er nominert til individuelle priser p\u00e5 Idrettsgallaen i januar.<\/p>\n<p>Thor Hushovd, som er \u00f8verste sjef i Uno-X, reagerer.<\/p>\n<p>\u2013 Jeg synes det er helt latterlig, patetisk og teit. At det ikke er plass blant de 14 som er nominert, det f\u00e5r meg til \u00e5 steile, sie<a href=\"https:\/\/www.vg.no\/sport\/i\/K8volM\/hardt-ut-mot-idrettsgallaen-latterlig-patetisk-og-teit\" rel=\"noopener nofollow\" target=\"_blank\">r Hushovd til VG.<\/a><\/p>\n<p>  De nominerte til \u00e5rets mannlinge ut\u00f8ver  Vis mer \u2193 <\/p>\n<ul class=\"List\">\n<li>\n<p>Johannes Thingnes B\u00f8, skiskyting<\/p>\n<\/li>\n<li>\n<p>Sander Eitrem, sk\u00f8yter<\/p>\n<\/li>\n<li>\n<p>Kasper Harlem Fosser, orientering<\/p>\n<\/li>\n<li>\n<p>Erling Braut Haaland, fotball<\/p>\n<\/li>\n<li>\n<p>Jakob Ingebrigtsen, friidrett<\/p>\n<\/li>\n<li>\n<p>Johannes H\u00f8sflot Kl\u00e6bo, langrenn<\/p>\n<\/li>\n<li>\n<p>Peder Kongshaug, sk\u00f8yter<\/p>\n<\/li>\n<li>\n<p>Sturla Holm L\u00e6greid, skiskyting<\/p>\n<\/li>\n<li>\n<p>Kristoffer Reitan, golf<\/p>\n<\/li>\n<li>\n<p>Jarl Magnus Riiber, kombinert<\/p>\n<\/li>\n<li>\n<p>Birk Ruud, freeski<\/p>\n<\/li>\n<li>\n<p>Sander Aae Skotheim, friidrett<\/p>\n<\/li>\n<li>\n<p>Casper Stornes, triatlon<\/p>\n<\/li>\n<li>\n<p>Martin \u00d8degaard, fotball<\/p>\n<\/li>\n<\/ul>\n<p>Norges idrettsforbund kunngjorde onsdag alle nominasjonene til gallaen i Hamar over nytt\u00e5r. Der er Uno-X med i kampen om \u00e5 bli \u00e5rets lag, men individuelt er ingen fra laget nominert.<\/p>\n<p>TV 2 sykkelekspert Kaggestad mener Abrahamsen hadde v\u00e6rt et klart navn p\u00e5 listen etter triumfen i Frankrike i sommer.<\/p>\n<p>\u2013 Han gikk i brudd fra f\u00f8rste tr\u00e5kk og holdt unna for vilt jagende felt som ble bare mindre og mindre. Det ble en samlet kamp p\u00e5 en flat etappe. S\u00e5 jeg tenker at det trekker opp litt ekstra oppi det hele. For meg er det helt uforst\u00e5elig at han ikke er nominert, sier Kaggestad til NTB.<\/p>\n<p>\u2013 Heller Tour de France-seier enn VM-s\u00f8lv<\/p>\n<p>Kaggestad mener det i Norge blir fokusert mye p\u00e5 medaljer i VM og OL. Det skader ut\u00f8vere i idretter som sykling.<\/p>\n<p>\u2013 I sykkel er det veldig f\u00e5 muligheter til \u00e5 vinne OL. Selv om jeg mener at bevisstheten rundt interessen for sykling er p\u00e5 vei opp, og forst\u00e5elsen er p\u00e5 vei opp, s\u00e5 virker det ikke som det sitter helt i Idretts-Norge, sier han og legger til:<\/p>\n<p>\u2013 Jeg sidestiller en etappeseier med Tour de France med en VM-medalje i sykling. Kanskje ikke seier, men heller Tour de France-seier enn s\u00f8lvmedalje.<\/p>\n<p>Kaggestad peker samtidig p\u00e5 at Tobias Halland Johannessen ble nummer seks sammenlagt. Det er den sterkeste sammenlagtplasseringen i et Grand Tour-ritt i norsk sykkelhistorie.<\/p>\n<p>Toppidrettssjefen svarer<\/p>\n<p>Juryleder og toppidrettssjef Tore \u00d8vreb\u00f8 forst\u00e5r kritikken, men forsvarer valgene som er tatt.<\/p>\n<p> \u2013 Jeg skj\u00f8nner godt at de er skuffet. De har hatt flotte prestasjoner. Det er det imidlertid andre som ogs\u00e5 har hatt, sier \u00d8vreb\u00f8 til <a href=\"https:\/\/www.vg.no\/sport\/i\/K8volM\/hardt-ut-mot-idrettsgallaen-latterlig-patetisk-og-teit\" rel=\"noopener nofollow\" target=\"_blank\">VG<\/a>.<\/p>\n<p>\u2013 Det er noe av situasjonen i norsk toppidrett for tiden. Man m\u00e5 prestere p\u00e5 ekstremt h\u00f8yt niv\u00e5 for \u00e5 bli nominert.<\/p>\n","protected":false},"excerpt":{"rendered":"Jonas Abrahamsen vant i sommer en etappe i Tour de France i det som ble et suksessrikt ritt&hellip;\n","protected":false},"author":2,"featured_media":116054,"comment_status":"","ping_status":"","sticky":false,"template":"","format":"standard","meta":{"footnotes":""},"categories":[59],"tags":[967,30,28,29,83,82],"class_list":{"0":"post-116053","1":"post","2":"type-post","3":"status-publish","4":"format-standard","5":"has-post-thumbnail","7":"category-sport","8":"tag-artikler-fra-ntb","9":"tag-no","10":"tag-norge","11":"tag-norway","12":"tag-sport","13":"tag-sports"},"share_on_mastodon":{"url":"https:\/\/pubeurope.com\/@no\/115737966894706458","error":""},"_links":{"self":[{"href":"https:\/\/www.europesays.com\/no\/wp-json\/wp\/v2\/posts\/116053","targetHints":{"allow":["GET"]}}],"collection":[{"href":"https:\/\/www.europesays.com\/no\/wp-json\/wp\/v2\/posts"}],"about":[{"href":"https:\/\/www.europesays.com\/no\/wp-json\/wp\/v2\/types\/post"}],"author":[{"embeddable":true,"href":"https:\/\/www.europesays.com\/no\/wp-json\/wp\/v2\/users\/2"}],"replies":[{"embeddable":true,"href":"https:\/\/www.europesays.com\/no\/wp-json\/wp\/v2\/comments?post=116053"}],"version-history":[{"count":0,"href":"https:\/\/www.europesays.com\/no\/wp-json\/wp\/v2\/posts\/116053\/revisions"}],"wp:featuredmedia":[{"embeddable":true,"href":"https:\/\/www.europesays.com\/no\/wp-json\/wp\/v2\/media\/116054"}],"wp:attachment":[{"href":"https:\/\/www.europesays.com\/no\/wp-json\/wp\/v2\/media?parent=116053"}],"wp:term":[{"taxonomy":"category","embeddable":true,"href":"https:\/\/www.europesays.com\/no\/wp-json\/wp\/v2\/categories?post=116053"},{"taxonomy":"post_tag","embeddable":true,"href":"https:\/\/www.europesays.com\/no\/wp-json\/wp\/v2\/tags?post=116053"}],"curies":[{"name":"wp","href":"https:\/\/api.w.org\/{rel}","templated":true}]}}