{"id":116074,"date":"2025-12-18T02:41:09","date_gmt":"2025-12-18T02:41:09","guid":{"rendered":"https:\/\/www.europesays.com\/no\/116074\/"},"modified":"2025-12-18T02:41:09","modified_gmt":"2025-12-18T02:41:09","slug":"jeg-har-avsluttet-atte-kriger","status":"publish","type":"post","link":"https:\/\/www.europesays.com\/no\/116074\/","title":{"rendered":"\u2013 Jeg har avsluttet \u00e5tte kriger"},"content":{"rendered":"\n<p class=\"_lead_o9xde_2 _lead_xtcu6_50 layout-component text-serif-m layout-normal text-serif-l layout-component layout-wide layout-padded _wide_17hqh_1 layout-padded\">USAs president taler til nasjonen samtidig som det stormer rundt Det hvite hus. <\/p>\n<p> <img class=\"_image_qp4xg_65 layout-component layout-wide\" data-fullscreen- data-track-element-type=\"Article image fullscreen\" data-track-name=\"ImageFullscreen\" fetchpriority=\"high\" decoding=\"sync\" loading=\"eager\" height=\"102\" itemprop=\"image\"  src=\"https:\/\/www.europesays.com\/no\/wp-content\/uploads\/2025\/12\/b0e1e250d2d2d9b03b6cd23972992c9e.jpg\"  style=\"object-position:50% 50%;aspect-ratio:1.75;height:auto;object-fit:cover;width:100%\" width=\"102\"\/>  <\/p>\n<ul aria-hidden=\"true\" class=\"_images_ntbth_112\">\n<li><a class=\"_link_ntbth_117\" href=\"https:\/\/www.vg.no\/forfatter\/kaja-marie-andreassen\" style=\"z-index:1\" title=\"Kaja Marie Andreassen\" rel=\"nofollow noopener\" target=\"_blank\"><img alt=\"Bilde av Kaja Marie Andreassen\" class=\"_image_ntbth_93\" fetchpriority=\"low\" loading=\"lazy\" decoding=\"async\" itemprop=\"image\"  src=\"https:\/\/www.europesays.com\/no\/wp-content\/uploads\/2025\/12\/1766025669_109_f9ab1286-21d8-4f37-8c46-c914fd91234e\"  width=\"480\"\/><\/a><\/li>\n<\/ul>\n<p> Oppdatert torsdag 18. desember kl. 03:23     <\/p>\n<p class=\"_paragraph_o9xde_4 _paragraph_xtcu6_10 layout-component text-serif-m layout-normal text-serif-m layout-padded\">\u2013 Jeg har gjenopprettet amerikansk styrke, avsluttet \u00e5tte kriger p\u00e5 ti m\u00e5neder, \u00f8delagt Irans atomtrussel og avsluttet krigen i Gaza, og for f\u00f8rste gang p\u00e5 3000 \u00e5r brakt fred til Midt\u00f8sten, samt sikret l\u00f8slatelsen av gislene, b\u00e5de levende og d\u00f8de. <\/p>\n<p class=\"_paragraph_o9xde_4 _paragraph_xtcu6_10 layout-component text-serif-m layout-normal text-serif-m layout-padded\">Slik begynner president <a href=\"https:\/\/www.vg.no\/tag\/donald-trump-2?utm_source=vg-article&amp;utm_medium=auto-tagger&amp;utm_campaign=q6n2Oe\" class=\"_link_o9xde_39\" rel=\"nofollow noopener\" target=\"_blank\">Donald Trumps<\/a> tale til nasjonen. <\/p>\n<p class=\"_paragraph_o9xde_4 _paragraph_xtcu6_10 layout-component text-serif-m layout-normal text-serif-m layout-padded\">Presidenten fortsetter med \u00e5 oppsummere de siste 11 m\u00e5nedene: <\/p>\n<p class=\"_paragraph_o9xde_4 _paragraph_xtcu6_10 layout-component text-serif-m layout-normal text-serif-m layout-padded\">\u2013 I kveld, etter 11 m\u00e5neder, er grensene v\u00e5re sikret, inflasjonen har stoppet, l\u00f8nningene er h\u00f8yere, prisene g\u00e5r ned, nasjonen v\u00e5r er sterk. Amerika er respektert, og landet v\u00e5rt er tilbake &#8211; sterkere enn noen gang f\u00f8r. <\/p>\n<p class=\"_paragraph_o9xde_4 _paragraph_xtcu6_10 layout-component text-serif-m layout-normal text-serif-m layout-padded\">Saken oppdateres.<\/p>\n<p>Sv\u00e6rt anstrengt forhold<\/p>\n<p class=\"_paragraph_o9xde_4 _paragraph_xtcu6_10 layout-component text-serif-m layout-normal text-serif-m layout-padded\">Talen kommer etter Trump natt til onsdag klassifiserte <a href=\"https:\/\/www.vg.no\/nyheter\/i\/vrmLpj\/trump-klassifiserer-venezuelas-regime-som-utenlandsk-terrororganisasjon\" data-track-element-type=\"Link\" data-track-id=\"link:vrmLpj\" class=\"_link_o9xde_39\" rel=\"nofollow noopener\" target=\"_blank\">Venezuelas regime som utenlandsk terrororganisasjon<\/a>. Han kunngjorde ogs\u00e5 p\u00e5 <a href=\"https:\/\/truthsocial.com\/@realDonaldTrump\/posts\/115731908387416458?utm_source=sdrn%3Avg%3Aarticle%3AvrmLpj\" class=\"_link_o9xde_39\" rel=\"nofollow noopener\" target=\"_blank\">Truth Social<\/a> at den amerikanske marinefl\u00e5tens tilstedev\u00e6relse utenfor Venezuelas kyst skal forsterkes. <\/p>\n<p class=\"_paragraph_o9xde_4 _paragraph_xtcu6_10 layout-component text-serif-m layout-normal text-serif-m layout-padded\">Forholdet mellom USA og Venezuela har blitt sv\u00e6rt anstrengt de siste m\u00e5nedene, og Trump-administrasjonen har gjennomf\u00f8rt en rekke angrep mot b\u00e5ter som if\u00f8lge Washington frakter narkotika fra Venezuela til USA. <\/p>\n<p>Oppsiktsvekkende intervju<\/p>\n<p class=\"_paragraph_o9xde_4 _paragraph_xtcu6_10 layout-component text-serif-m layout-normal text-serif-m layout-padded\">Samme dag kom Donald Trumps stabssjef Susie Wiles med <a href=\"https:\/\/www.vg.no\/nyheter\/i\/rrLQGA\/trumps-stabssjef-i-intervju-trump-har-en-alkoholikers-personlighet\" data-track-element-type=\"Link\" data-track-id=\"link:rrLQGA\" class=\"_link_o9xde_39\" rel=\"nofollow noopener\" target=\"_blank\">en rekke kritiske og oppsiktsvekkende p\u00e5stander om sjefen sin<\/a> i et st\u00f8rre intervju i <a href=\"https:\/\/www.vanityfair.com\/news\/story\/trump-susie-wiles-interview-exclusive-part-1?utm_source=sdrn%3Avg%3Aarticle%3ArrLQGA\" class=\"_link_o9xde_39\" rel=\"nofollow noopener\" target=\"_blank\">Vanity Fair<\/a>. I intervjuet sier blant annet Wiles at Trump har en \u00abalkoholikers personlighet\u00bb. <\/p>\n<p class=\"_paragraph_o9xde_4 _paragraph_xtcu6_10 layout-component text-serif-m layout-normal text-serif-m layout-padded\">N\u00e5r det gjelder Trumps Venezuela-strategi, sier hun at Trump vil fortsette \u00e5 sprenge b\u00e5ter i lufta til Maduro skriker \u00abJeg gir meg\u00bb.<\/p>\n<p class=\"_paragraph_o9xde_4 _paragraph_xtcu6_10 layout-component text-serif-m layout-normal text-serif-m layout-padded\">Wiles gikk kort tid etterp\u00e5 hardt ut mot saken og ga Trump sin fulle st\u00f8tte. Trump forsvarte ogs\u00e5 Wiles, og sier at hun gj\u00f8r en fantastisk jobb. <\/p>\n","protected":false},"excerpt":{"rendered":"USAs president taler til nasjonen samtidig som det stormer rundt Det hvite hus. Oppdatert torsdag 18. desember kl.&hellip;\n","protected":false},"author":2,"featured_media":116075,"comment_status":"","ping_status":"","sticky":false,"template":"","format":"standard","meta":{"footnotes":""},"categories":[5],"tags":[20,21,55,24,25,15,19,22,23,17,18,13,30,28,29,14,16,26,27,50],"class_list":{"0":"post-116074","1":"post","2":"type-post","3":"status-publish","4":"format-standard","5":"has-post-thumbnail","7":"category-overskrifter","8":"tag-breaking-news","9":"tag-breakingnews","10":"tag-donald-trump","11":"tag-featured-news","12":"tag-featurednews","13":"tag-headlines","14":"tag-hovedoppslag","15":"tag-latest-news","16":"tag-latestnews","17":"tag-main-news","18":"tag-mainnews","19":"tag-news","20":"tag-no","21":"tag-norge","22":"tag-norway","23":"tag-nyheter","24":"tag-overskrifter","25":"tag-top-stories","26":"tag-topstories","27":"tag-usa"},"share_on_mastodon":{"url":"https:\/\/pubeurope.com\/@no\/115738265900347326","error":""},"_links":{"self":[{"href":"https:\/\/www.europesays.com\/no\/wp-json\/wp\/v2\/posts\/116074","targetHints":{"allow":["GET"]}}],"collection":[{"href":"https:\/\/www.europesays.com\/no\/wp-json\/wp\/v2\/posts"}],"about":[{"href":"https:\/\/www.europesays.com\/no\/wp-json\/wp\/v2\/types\/post"}],"author":[{"embeddable":true,"href":"https:\/\/www.europesays.com\/no\/wp-json\/wp\/v2\/users\/2"}],"replies":[{"embeddable":true,"href":"https:\/\/www.europesays.com\/no\/wp-json\/wp\/v2\/comments?post=116074"}],"version-history":[{"count":0,"href":"https:\/\/www.europesays.com\/no\/wp-json\/wp\/v2\/posts\/116074\/revisions"}],"wp:featuredmedia":[{"embeddable":true,"href":"https:\/\/www.europesays.com\/no\/wp-json\/wp\/v2\/media\/116075"}],"wp:attachment":[{"href":"https:\/\/www.europesays.com\/no\/wp-json\/wp\/v2\/media?parent=116074"}],"wp:term":[{"taxonomy":"category","embeddable":true,"href":"https:\/\/www.europesays.com\/no\/wp-json\/wp\/v2\/categories?post=116074"},{"taxonomy":"post_tag","embeddable":true,"href":"https:\/\/www.europesays.com\/no\/wp-json\/wp\/v2\/tags?post=116074"}],"curies":[{"name":"wp","href":"https:\/\/api.w.org\/{rel}","templated":true}]}}