{"id":116076,"date":"2025-12-18T02:46:13","date_gmt":"2025-12-18T02:46:13","guid":{"rendered":"https:\/\/www.europesays.com\/no\/116076\/"},"modified":"2025-12-18T02:46:13","modified_gmt":"2025-12-18T02:46:13","slug":"avslort-av-pappa","status":"publish","type":"post","link":"https:\/\/www.europesays.com\/no\/116076\/","title":{"rendered":"Avsl\u00f8rt av pappa"},"content":{"rendered":"<p>  Vanity Fair-fotograf b\u00e5de hylles og slaktes for bildene av de ansatte i Trump-staben. N\u00e5 svarer han for sin kontroversielle fotostil.<\/p>\n<p>\n    AVSL\u00d8RENDE N\u00c6RT: Et n\u00e6rbilde i en Vanity Fair-artikkel av Det hvite hus sin pressesekret\u00e6r Karoline Leavitt g\u00e5r viralt i sosiale medier. Bildet, som du kan se lenket til i artikkelen, viser et ufiltrert ansikt med rynker og s\u00e5r etter leppeinjeksjoner. Dette er ikke bildet som framg\u00e5r i Vanity Fair-artikkelen. Her er Leavitt avbildet under en pressekonferanse 11. desember. Foto: Jim WATSON \/ AFP\n  <\/p>\n<p>    Kort fortalt<\/p>\n<ul lang=\"nb-NO\">\n<li>Vanity Fair publiserte et intervju med Susie Wiles og n\u00e6rbilder av Trump-administrasjonen.<\/li>\n<li>Bildene, tatt av Christopher Anderson, viser detaljer uten retusjering og har skapt sterke reaksjoner.<\/li>\n<li>Anderson forsvarer sin fotostil og avviser kritikk om manipulering.<\/li>\n<li>Susie Wiles og andre i administrasjonen mener at artikkelen og bildene gir et feilaktig inntrykk.<\/li>\n<\/ul>\n<p class=\"italic ai-disclaimer\" data-lab-italic=\"italic\">Sammendraget er laget av ChatGPT og godkjent av Dagbladet.<\/p>\n<p>      Vis mer<br \/>\n      Vis mindre<\/p>\n<p>Tirsdag publiserte\u00a0magasinet Vanity Fair et\u00a0eksklusivt intervju med stabssjef i Det hvite hus, Susie Wiles, og portretter av sentrale personer i\u00a0 Trump-administrasjonen.<\/p>\n<p>Selve artikkelen, men ogs\u00e5 de \u00abr\u00e5\u00bb n\u00e6rbildene av Trump-staben\u00a0<a href=\"https:\/\/www.dagbladet.no\/nyheter\/trumps-stabssjef-en-alkoholikers-personlighet\/83993366\" rel=\"nofollow noopener\" target=\"_blank\">har skapt mange reaksjoner<\/a>.\u00a0<\/p>\n<p>    <a itemprop=\"url\" href=\"https:\/\/www.dagbladet.no\/nyheter\/trumps-stabssjef-en-alkoholikers-personlighet\/83993366\" rel=\"nofollow noopener\" target=\"_blank\"><\/p>\n<p>        <img loading=\"lazy\" decoding=\"async\" src=\"https:\/\/www.europesays.com\/no\/wp-content\/uploads\/2025\/12\/1766025970_581_83993800.webp\" width=\"147\" height=\"98\" title=\"Trumps stabssjef: - En alkoholikers personlighet\" alt=\"\" class=\"lazyload\" style=\"--aspect-ratio-image: 1.50; \"\/><\/p>\n<p>        Trumps stabssjef: &#8211; En alkoholikers personlighet<\/p>\n<p>    <\/a><\/p>\n<p>Et bilde av Det hvite hus&#8217; pressesekret\u00e6r Karoline Leavitt har f\u00e5tt over 140 000 likerklikk p\u00e5 Instagram:<\/p>\n<p>Portretter i samme stil  <\/p>\n<p>Bildene, som er tatt av fotografen Christopher Anderson, er tatt i ekstrem n\u00e6rhet, og viser urenheter, injeksjons\u00e5r og rynker uten retusjering.<\/p>\n<p>&#8211; Mitt m\u00e5l,\u00a0n\u00e5r jeg fotograferer den politiske verden, er \u00e5 ta bilder som skj\u00e6rer gjennom det iscenesatte og regisserte uttrykket for \u00e5 avdekke noe mer ekte, sier Anderson til <a href=\"https:\/\/www.newsweek.com\/karoline-leavitt-vanity-fair-photographer-christopher-anderson-close-up-white-house-11225398\" rel=\"nofollow noopener\" target=\"_blank\">Newsweek<\/a>.<\/p>\n<p>Han avviser kritikken om at han bevisst pr\u00f8ver \u00e5 f\u00e5 folk til \u00e5 se d\u00e5rlige ut.<\/p>\n<p>&#8211; Hvis du ser p\u00e5 arbeidet mitt, har jeg gjort mange n\u00e6rbilder i samme stil av mennesker fra hele det politiske spekteret, sier han til <a href=\"https:\/\/www.independent.co.uk\/news\/world\/americas\/us-politics\/vanity-fair-portraits-white-house-b2885676.html\" rel=\"nofollow noopener\" target=\"_blank\">The Independent<\/a>.<\/p>\n<p><a href=\"https:\/\/www.washingtonpost.com\/style\/power\/2025\/12\/17\/vanity-fair-susie-wiles-photos\/\" rel=\"nofollow noopener\" target=\"_blank\">Washington Post<\/a> skriver i et intervju med fotografen at\u00a0\u00abhans Vanity Fair-bilder av Trump-verdenen eksploderte p\u00e5 nettet\u00bb.<\/p>\n<p>&#8211; Det er en del av hvordan jeg tenker om portrettkunst p\u00e5 mange m\u00e5ter: n\u00e6rt, intimt, avsl\u00f8rende, forklarer han overfor avisa.\u00a0<\/p>\n<p>    <a itemprop=\"url\" href=\"https:\/\/www.dagbladet.no\/nyheter\/washington-koker-gar-mot-slutten\/83995855\" rel=\"nofollow noopener\" target=\"_blank\"><\/p>\n<p>        <img loading=\"lazy\" decoding=\"async\" src=\"https:\/\/www.europesays.com\/no\/wp-content\/uploads\/2025\/12\/1766025972_959_83993804.webp\" width=\"980\" height=\"441\" title=\"Washington koker: - G\u00e5r mot slutten\" alt=\"\" class=\"lazyload\" style=\"--aspect-ratio-image: 2.22; \"\/><\/p>\n<p>        Washington koker: &#8211; G\u00e5r mot slutten<\/p>\n<p>    <\/a><\/p>\n<p>&#8211; Har uttrykt sjokk <\/p>\n<p>Bildene og artikkelen har mottatt ulike reaksjoner &#8211; de b\u00e5de hylles og slaktes.<\/p>\n<p>P\u00e5 sp\u00f8rsm\u00e5l om reaksjonene p\u00e5 bildene, sier\u00a0Anderson til Newsweek at han syntes det er mer sjokkerende at folk tenker at journalistiske bilder burde ha blitt retusjert.<\/p>\n<p>&#8211; Noen har uttrykt sjokk over at jeg valgte \u00e5 ikke retusjere urenheter, injeksjonsmerker og rynker. Fra mitt perspektiv burde det v\u00e6re sjokkerende hvis jeg faktisk hadde fjernet disse tingene, sier han.<\/p>\n<p>Overfor The Washington Post forklarer Anderson at det\u00a0\u00abville v\u00e6rt en l\u00f8gn\u00bb om han hadde\u00a0\u00abskjult sannheten\u00bb.<\/p>\n<p>Han er videre overrasket over reaksjonene p\u00e5 n\u00e6rbilde av Leavitt.<\/p>\n<p class=\"font-weight-bold m-font-weight-bold\" data-lab-font_weight=\"font-weight-bold\">&#8211;\u00a0Det er sminken hun tar p\u00e5 seg, det er injeksjonene hun har gitt seg selv. Hvis det vises p\u00e5 et bilde, hva vil du at jeg skal si? Jeg vet ikke om det sier noe om verden vi lever i &#8211; Photoshop-alderen, AI-filter-alderen p\u00e5 Instagram &#8211; men det at internett f\u00e5r fullstendig panikk fordi de ser ekte bilder og ikke retusjerte, sier meg noe.<\/p>\n<p>        DET HVITE HUS: Under president Donald Trumps julesamling p\u00e5 Det hvite hus avbryter han talens sin da han f\u00e5r \u00f8ye p\u00e5 en kvinne i salen. Video: X og Youtube\/The White House. Reporter: Trond Markus Gravdal<\/p>\n<p> Wiles: &#8211; Negativt narrativ   <\/p>\n<p>Etter artikkelen ble publisert skrev stabssjef Susie Wiles X at Vanity Fair hadde sett bort fra viktig kontekst.<\/p>\n<p>&#8211; Dette ble gjort for \u00e5 skape et overveldende kaotisk og negativt narrativ om presidenten og teamet v\u00e5rt, skrev hun i et innlegg.<\/p>\n<p>Karoline Leavitt har forel\u00f8pig ikke kommentert n\u00e6rbildet av henne selv, men hun har blant annet g\u00e5tt ut og tatt Wiles i forsvar.<\/p>\n<p>    <a itemprop=\"url\" href=\"https:\/\/www.dagbladet.no\/nyheter\/isdronninga\/82975145\" rel=\"nofollow noopener\" target=\"_blank\"><\/p>\n<p>        <img loading=\"lazy\" decoding=\"async\" src=\"https:\/\/www.europesays.com\/no\/wp-content\/uploads\/2025\/12\/1766025973_278_82981568.webp\" width=\"980\" height=\"441\" title=\"Isdronninga\" alt=\"\" class=\"lazyload\" style=\"--aspect-ratio-image: 2.22; \"\/><\/p>\n<p>        Isdronninga<\/p>\n<p>    <\/a><\/p>\n<p>I et innlegg p\u00e5\u00a0<a href=\"https:\/\/x.com\/PressSec\/status\/2000944086904160480\" rel=\"nofollow\">X\u00a0<\/a>skriver hun at\u00a0Wiles har hjulpet Trump med \u00e5 oppn\u00e5 historisk mye de f\u00f8rste elleve m\u00e5nedene i embetet.<\/p>\n<p>&#8211; President Trump har ingen st\u00f8rre eller mer lojal r\u00e5dgiver enn Susie, skriver Leavitt og legger til:<\/p>\n<p>&#8211; Hele administrasjonen er takknemlig for hennes stabile lederskap og stiller seg fullt og helt bak henne.<\/p>\n<p>        I et Instagram-innlegg annonserer Melania Trump sin nye dokumentar \u00abMelania\u00bb.<\/p>\n<p>&#8211; Bevisst manipulerte bilder <\/p>\n<p>Utenriksminister Marco Rubio, er blant personene i Trump sin stab som reagerer p\u00e5 bildene.\u00a0<\/p>\n<p>&#8211; Det er \u00e5penbart for de fleste at Vanity Fair bevisst manipulerte bilder og gjenga uttalelser uten kontekst for \u00e5 f\u00e5 WH-teamet (Det hvite hus-teamet red.) til \u00e5 se d\u00e5rlig ut, skriver han p\u00e5 X.<\/p>\n<p>    <a itemprop=\"url\" href=\"https:\/\/www.dagbladet.no\/nyheter\/avslort-av-pappa\/83993652\" rel=\"nofollow noopener\" target=\"_blank\"><\/p>\n<p>        <img loading=\"lazy\" decoding=\"async\" src=\"https:\/\/www.europesays.com\/no\/wp-content\/uploads\/2025\/12\/1766025973_694_83993680.webp\" width=\"147\" height=\"98\" title=\"Avsl\u00f8rt av pappa\" alt=\"\" class=\"lazyload\" style=\"--aspect-ratio-image: 1.50; \"\/><\/p>\n<p>        Avsl\u00f8rt av pappa<\/p>\n<p>    <\/a><\/p>\n<p>Donald Trump tar ogs\u00e5 Wiles i forsvar i et intervju med\u00a0<a href=\"https:\/\/nypost.com\/2025\/12\/16\/us-news\/trump-stands-by-chief-of-staff-susie-wiles-after-bombshell-vanity-fair-interviews-admits-he-has-alcoholics-personality\/\" rel=\"nofollow noopener\" target=\"_blank\">New York Post<\/a>, der han uttalte at\u00a0hun har hans fulle tillit, og kalte henne \u00abfantastisk\u00bb.<\/p>\n","protected":false},"excerpt":{"rendered":"Vanity Fair-fotograf b\u00e5de hylles og slaktes for bildene av de ansatte i Trump-staben. N\u00e5 svarer han for sin&hellip;\n","protected":false},"author":2,"featured_media":116077,"comment_status":"","ping_status":"","sticky":false,"template":"","format":"standard","meta":{"footnotes":""},"categories":[12],"tags":[20,21,55,14019,24,25,15,22,23,13,30,28,29,14,16,26,27,50,412,42,43,44,45],"class_list":{"0":"post-116076","1":"post","2":"type-post","3":"status-publish","4":"format-standard","5":"has-post-thumbnail","7":"category-verden","8":"tag-breaking-news","9":"tag-breakingnews","10":"tag-donald-trump","11":"tag-donald-trump-jr","12":"tag-featured-news","13":"tag-featurednews","14":"tag-headlines","15":"tag-latest-news","16":"tag-latestnews","17":"tag-news","18":"tag-no","19":"tag-norge","20":"tag-norway","21":"tag-nyheter","22":"tag-overskrifter","23":"tag-top-stories","24":"tag-topstories","25":"tag-usa","26":"tag-utenriks","27":"tag-verden","28":"tag-world","29":"tag-world-news","30":"tag-worldnews"},"share_on_mastodon":{"url":"https:\/\/pubeurope.com\/@no\/115738285858695849","error":""},"_links":{"self":[{"href":"https:\/\/www.europesays.com\/no\/wp-json\/wp\/v2\/posts\/116076","targetHints":{"allow":["GET"]}}],"collection":[{"href":"https:\/\/www.europesays.com\/no\/wp-json\/wp\/v2\/posts"}],"about":[{"href":"https:\/\/www.europesays.com\/no\/wp-json\/wp\/v2\/types\/post"}],"author":[{"embeddable":true,"href":"https:\/\/www.europesays.com\/no\/wp-json\/wp\/v2\/users\/2"}],"replies":[{"embeddable":true,"href":"https:\/\/www.europesays.com\/no\/wp-json\/wp\/v2\/comments?post=116076"}],"version-history":[{"count":0,"href":"https:\/\/www.europesays.com\/no\/wp-json\/wp\/v2\/posts\/116076\/revisions"}],"wp:featuredmedia":[{"embeddable":true,"href":"https:\/\/www.europesays.com\/no\/wp-json\/wp\/v2\/media\/116077"}],"wp:attachment":[{"href":"https:\/\/www.europesays.com\/no\/wp-json\/wp\/v2\/media?parent=116076"}],"wp:term":[{"taxonomy":"category","embeddable":true,"href":"https:\/\/www.europesays.com\/no\/wp-json\/wp\/v2\/categories?post=116076"},{"taxonomy":"post_tag","embeddable":true,"href":"https:\/\/www.europesays.com\/no\/wp-json\/wp\/v2\/tags?post=116076"}],"curies":[{"name":"wp","href":"https:\/\/api.w.org\/{rel}","templated":true}]}}