{"id":116082,"date":"2025-12-18T03:16:20","date_gmt":"2025-12-18T03:16:20","guid":{"rendered":"https:\/\/www.europesays.com\/no\/116082\/"},"modified":"2025-12-18T03:16:20","modified_gmt":"2025-12-18T03:16:20","slug":"politikk-skolebehovsplanen-nar-useriositet-uansvarlighet-og-uredelighet-gar-ned-i-en-lavere-enhet","status":"publish","type":"post","link":"https:\/\/www.europesays.com\/no\/116082\/","title":{"rendered":"Politikk, Skolebehovsplanen | N\u00e5r useri\u00f8sitet, uansvarlighet og uredelighet g\u00e5r ned i en lavere enhet"},"content":{"rendered":"\n<p>Det var 17. desember og \u00e5rets siste m\u00f8te i Oslo bystyre. P\u00e5 dagen \u00e9n uke igjen til julaften. Den episk melodisvake balladen om byens skoler hadde v\u00e6rt sunget falskt i snart to \u00e5r. N\u00e5 skulle faenskapet omsider vedtas. Byr\u00e5dspartiene H\u00f8yre og Venstre hadde omsider f\u00e5tt med seg Frp og KrF p\u00e5 laget. Lange og vanskelige forhandlinger hadde b\u00e5ret frukter. De borgerlige hadde flertall, for pokker!<\/p>\n<p>Jeg har skrevet hva jeg mener om denne avtalen her:<\/p>\n<p>  <a href=\"https:\/\/www.ao.no\/5-128-1201438\" class=\"related-teaser has-image default-opinion-teaser article--c-eRUmMG article--c-eRUmMG-jKCPdD-design-default\" rel=\"nofollow noopener\" target=\"_blank\"><\/p>\n<p>    <img decoding=\"async\" loading=\"lazy\"  src=\"https:\/\/www.europesays.com\/no\/wp-content\/uploads\/2025\/12\/1766027775_303_Kopi+av+MAL_KOMMENTAR_AO+%281%29.jpg\" alt=\"\" class=\"brick-c-cFOWSL\" style=\"\"\/><\/p>\n<p>\n            Les ogs\u00e5<\/p>\n<p>              Kj\u00e6re byr\u00e5d og bystyre, skrot hele skolebehovsplanen \u2013 og begynn p\u00e5 nytt igjen!\n        <\/p>\n<p>  <\/a><\/p>\n<p>Og du kan lese byr\u00e5dens svar her:<\/p>\n<p>  <a href=\"https:\/\/www.ao.no\/5-128-1216668\" class=\"related-teaser has-image default-opinion-teaser article--c-eRUmMG article--c-eRUmMG-jKCPdD-design-default\" rel=\"nofollow noopener\" target=\"_blank\"><\/p>\n<p>    <img decoding=\"async\" loading=\"lazy\"  src=\"https:\/\/www.europesays.com\/no\/wp-content\/uploads\/2025\/12\/photo__71_.jpg\" alt=\"\" class=\"brick-c-cFOWSL\" style=\"\"\/><\/p>\n<p>\n            Les ogs\u00e5<\/p>\n<p>              Jeg tviler p\u00e5 at tidligere skolebehovsplaner har v\u00e6rt like grundige\n        <\/p>\n<p>  <\/a><\/p>\n<p><b>Men det ble ingen gledens dag for verken byr\u00e5det eller det borgerlige flertallet i bystyresalen. For \u00e5 si det sv\u00e6rt forsiktig.<\/b><\/p>\n<p>Pinlig og svakt<\/p>\n<p><b>Tvert imot ble det den klart svakeste og pinligste forestillingen i dette byr\u00e5dets snart to og et halvt \u00e5r lange historie. <\/b><\/p>\n<p>I l\u00f8pet av m\u00f8tet ble det nemlig klart, til alle andres mildt sagt store overraskelse, at H\u00f8yre og Venstres bystyregrupper i nattens mulm og m\u00f8rke hadde bestemt seg for \u00e5 stemme for et forslag fra Frp om \u00e5 skrote planene om \u00e5 bygge en videreg\u00e5ende skole for 840 skoleplasser i Myntgata 2 i Kvadraturen.<\/p>\n<p>Hele prosjektet skal kastes p\u00e5 historiens skraphaug!<\/p>\n<p>  <a href=\"https:\/\/www.ao.no\/5-128-1217990\" class=\"related-teaser has-image default-story-teaser article--c-eRUmMG article--c-eRUmMG-jKCPdD-design-default\" rel=\"nofollow noopener\" target=\"_blank\"><\/p>\n<p>    <img decoding=\"async\" loading=\"lazy\"  src=\"https:\/\/www.europesays.com\/no\/wp-content\/uploads\/2025\/12\/5L2A4911.JPG\" alt=\"\" class=\"brick-c-cFOWSL\" style=\"\"\/><\/p>\n<p>\n            Les ogs\u00e5<\/p>\n<p>              Omstridt skoleplan vedtas. Sjokkerte salen med helomvending: \u2013 Herregud\n        <\/p>\n<p>  <\/a><\/p>\n<p>Tomt og eiendom ble kj\u00f8pt av Forsvarsbygg allerede i 2017. I 2023 ferdigstilte Oslobygg et forprosjekt som inneholdt skole, flerbrukshall og n\u00e6ringslokaler.<\/p>\n<p>I 2024 grep det relativt ferske borgerlige byr\u00e5det inn. Da fikk Oslobygg i oppdrag \u00e5 lage en nedskalert versjon for \u00e5 redusere kostnader og risiko. N\u00e5 var flerbrukshallen redusert til gymsal, og n\u00e6ringslokaler droppet. Dermed kunne skolen benytte alle arealer i eksisterende bygg. Det bet\u00f8d at nybygget p\u00e5 den 6,4 store eiendommen kunne reduseres fra 7700 til 3600 kvadratmeter.<\/p>\n<p><b>I byr\u00e5dets eget forslag til skolebehovsplan \u2013 alts\u00e5 det som ble stemt over 17. desember \u2013 st\u00e5r det svart p\u00e5 hvitt at \u00abdet planlegges at skolen vil kunne ferdigstilles mellom 2030-2034\u00bb.<\/b><\/p>\n<p>Hva har skjedd?<\/p>\n<p>S\u00e5 hva i all verdens land og rike har skjedd? H\u00f8yre, Venstre, Frp og KrF var jo enige om ny skolebehovsplan, der Myntgata videreg\u00e5ende skole i aller h\u00f8yeste grad l\u00e5 inne.<\/p>\n<p><b>Jo, n\u00e5 skal dere h\u00f8re \u2013 og hold dere fast godt fast: Rundt 24 timer f\u00f8r bystyret skulle vedta den nye planen la plutselig Frps varaordf\u00f8rer Julianne Ofstad inn et forslag om \u00e5 vrake hele Myntgata 2!<\/b><\/p>\n<p>Som H\u00f8yre og Venstres bystyregrupper bestemmer seg for \u00e5 st\u00f8tte. Stikk i strid med det som st\u00e5r i deres egen skolebehovsplan!<\/p>\n<p>Uten noen nye utredninger, enn si vurderinger, absolutt ingenting, kun noen kjappe setninger festet til et papir rett f\u00f8r m\u00f8tet, og uten \u00e5 informere en kjeft!<\/p>\n<p>You can&#8217;t make this shit up, som amerikanerne gjerne sier ved liknende tilfeller.<\/p>\n<p><b>Hva med KrF? Hva med skolebehovsplanpartner KrF?<\/b><\/p>\n<p><b>Nei, de ble utelatt, gitt. Visste ingen ting f\u00f8r i g\u00e5r!<\/b><\/p>\n<p>KrF stemte nei!<\/p>\n<p>Hva gjorde s\u00e5 KrF?<\/p>\n<p>Stemte mot forslaget, som likevel ble vedtatt fordi H\u00f8yre, Venstre og Frp har flertall uten KrFs ene representant.<\/p>\n<p><b>KrFs \u00d8yvind H\u00e5brekke kalte det oppsiktsvekkende vedtaket for et \u00abselvm\u00e5l\u00bb. Det er ingen overdrivelse.<\/b><\/p>\n<p>B\u00e5de utdanningsbyr\u00e5d Julie Remen Midtgarden (H) og byr\u00e5dsleder Eirik Lae Solberg s\u00e5 forvirret ut i bystyresalen. Det var akkurat som om skandalen begynte \u00e5 g\u00e5 opp for dem mens m\u00f8tet p\u00e5gikk. Ingen av dem gikk heller opp p\u00e5 talerstolen for \u00e5 forsvare \u2013 eller forklare \u2013 vedtaket. Det gjorde heller ikke H\u00f8yres gruppeleder Merete Agerbak-Jensen.<\/p>\n<p>Det sier vel i grunnen alt om hva som skjedde.<\/p>\n<p>\u2013 Lemfeldig og lettvint<\/p>\n<p>Dette sa SVs Ola Wolff Elvevold fra bystyrets talerstol:<\/p>\n<p><b>\u2013 Dette er toppen av den lemfeldighet og lettvinthet som kjennetegner hele m\u00e5ten de borgerlige partiene har behandlet skoleplanen med. De har forhandlet fram et angivelig helhetlig forlik og plan, og s\u00e5 hopper de p\u00e5 et forslag sendt inn 24 timer f\u00f8r vedtak. Det er noe av det mest useri\u00f8se jeg har sett i Oslo bystyre.<\/b><\/p>\n<p>Det smerter meg \u00e5 si det, men Elvevold har ikke bare rett, men er samtidig helt presis i beskrivelsen av byr\u00e5det og det borgerlige flertallets n\u00e6rmest hjelpel\u00f8se opptreden i bystyret.<\/p>\n<p>Selve essensen i argumentasjonen bak hvorfor det var n\u00f8dvendig med en skolebehovsplan som har snudd opp ned p\u00e5 hele Oslo-skolen i snart to \u00e5r, er en akutt n\u00e5v\u00e6rende og fremtidig mangel p\u00e5 plasser i videreg\u00e5ende skole.<\/p>\n<p>F\u00e6rre er det nye flere?<\/p>\n<p><b>Det kunne v\u00e6rt interessant \u00e5 h\u00f8re hvordan de politisk ansvarlige for skolebehovsplanen begrunner at \u00e5 fjerne 840 plasser gir flere plasser. <\/b><\/p>\n<p>Hva med alle pengene som er brukt p\u00e5 prosjektet til n\u00e5?<\/p>\n<p><b>Fullstendig bortkastet?<\/b><\/p>\n<p><b>Skal eiendommen selges til private?<\/b><\/p>\n<p>H\u00f8yres utdanningspolitiske talsperson Bj\u00f8rgulv Vinje Borgundvaag var etterp\u00e5 n\u00f8ye med \u00e5 poengtere at Myntgata 2 ikke var en del av skolebehovsplanen, men at de tok stilling da forslaget fra Frp kom!<\/p>\n<p>Da var det litt artig \u00e5 se hva som fortsatt st\u00e5r p\u00e5 Oslo kommunes hjemmesider, under tittelen \u00abM\u00e5l for prosjektet\u00bb.<\/p>\n<p>\u00abProsjektet skal skape samvirke mellom den videreg\u00e5ende skolen, n\u00e6ringsliv og kulturliv i og rundt kvartalet for \u00e5 bidra til:<\/p>\n<p>** Flere elever og l\u00e6rlinger fullf\u00f8rer og best\u00e5r videreg\u00e5ende oppl\u00e6ring, og er godt forberedt til h\u00f8yere utdanning og arbeidsliv<\/p>\n<p>** Samfunnsn\u00e6r og relevant utdanning og oppdaterte kunnskapsmilj\u00f8er spesielt knyttet til entrepren\u00f8rskap og b\u00e6rekraftig n\u00e6ringsliv<\/p>\n<p>** Innovasjonsutvikling i sentrum<\/p>\n<p>** Styrking av kvadraturen som en levende del av Oslos kunst- og kulturliv<\/p>\n<p>** Kvartalet \u00e5pnes opp for byens innbyggere og bidrar til \u00f8kt byliv i omr\u00e5det<\/p>\n<p>** Myntgata 2 skal utvikles p\u00e5 kulturminnenes premisser, og utviklingen av kvartalet skal knytte festningen n\u00e6rmere byen\u00bb.<\/p>\n<p><b>Uansett er det greit \u00e5 vite at byr\u00e5det og det borgerlige flertallet \u2013 minus KrF \u2013 \u00e5penbart ikke mener noe av dette lenger.<\/b><\/p>\n<p>  <a href=\"https:\/\/www.ao.no\/5-128-1213753\" class=\"related-teaser has-image default-opinion-teaser article--c-eRUmMG article--c-eRUmMG-jKCPdD-design-default\" rel=\"nofollow noopener\" target=\"_blank\"><\/p>\n<p>    <img decoding=\"async\" loading=\"lazy\"  src=\"https:\/\/www.europesays.com\/no\/wp-content\/uploads\/2025\/12\/KOMMENTAR.jpg\" alt=\"\" class=\"brick-c-cFOWSL\" style=\"\"\/><\/p>\n<p>\n            Les ogs\u00e5<\/p>\n<p>              Plutselig var de enige, gitt! Skulle det s\u00e5 lite til?\n        <\/p>\n<p>  <\/a><\/p>\n<p>  <a href=\"https:\/\/www.ao.no\/5-128-1196556\" class=\"related-teaser has-image default-opinion-teaser article--c-eRUmMG article--c-eRUmMG-jKCPdD-design-default\" rel=\"nofollow noopener\" target=\"_blank\"><\/p>\n<p>    <img decoding=\"async\" loading=\"lazy\"  src=\"https:\/\/www.europesays.com\/no\/wp-content\/uploads\/2025\/12\/Kommentar+computer.png\" alt=\"\" class=\"brick-c-cFOWSL\" style=\"\"\/><\/p>\n<p>\n            Les ogs\u00e5<\/p>\n<p>              Foreldrenes frustrasjon er p\u00e5 kokepunktet. Alt de h\u00f8rer er: \u00abComputer says no\u00bb\n        <\/p>\n<p>  <\/a><\/p>\n<p>  <a href=\"https:\/\/www.ao.no\/5-128-1204861\" class=\"related-teaser has-image default-opinion-teaser article--c-eRUmMG article--c-eRUmMG-jKCPdD-design-default\" rel=\"nofollow noopener\" target=\"_blank\"><\/p>\n<p>    <img decoding=\"async\" loading=\"lazy\"  src=\"https:\/\/www.europesays.com\/no\/wp-content\/uploads\/2025\/12\/Kopi+av+MAL_KOMMENTAR_AO.jpg\" alt=\"\" class=\"brick-c-cFOWSL\" style=\"\"\/><\/p>\n<p>\n            Les ogs\u00e5<\/p>\n<p>              Det er ikke sikkert at budsjettkutt er s\u00e5 popul\u00e6rt som mange tror\n        <\/p>\n<p>  <\/a><\/p>\n<p>  <a href=\"https:\/\/www.ao.no\/5-128-1192186\" class=\"related-teaser has-image default-opinion-teaser article--c-eRUmMG article--c-eRUmMG-jKCPdD-design-default\" rel=\"nofollow noopener\" target=\"_blank\"><\/p>\n<p>    <img decoding=\"async\" loading=\"lazy\"  src=\"https:\/\/www.europesays.com\/no\/wp-content\/uploads\/2025\/12\/Kopi+av+MAL_KOMMENTAR_AO+-+2025-11-14T161127.509.jpg\" alt=\"\" class=\"brick-c-cFOWSL\" style=\"\"\/><\/p>\n<p>\n            Les ogs\u00e5<\/p>\n<p>              Det har brutt ut full \u00abfritidsklubb-panikk\u00bb i byr\u00e5det\n        <\/p>\n<p>  <\/a><\/p>\n","protected":false},"excerpt":{"rendered":"Det var 17. desember og \u00e5rets siste m\u00f8te i Oslo bystyre. P\u00e5 dagen \u00e9n uke igjen til julaften.&hellip;\n","protected":false},"author":2,"featured_media":116083,"comment_status":"","ping_status":"","sticky":false,"template":"","format":"standard","meta":{"footnotes":""},"categories":[10],"tags":[36,14023,20,21,14022,24,25,15,14020,310,22,23,14021,13,30,28,29,14,14024,1533,16,41,307,26,27,2209],"class_list":{"0":"post-116082","1":"post","2":"type-post","3":"status-publish","4":"format-standard","5":"has-post-thumbnail","7":"category-norge","8":"tag-art","9":"tag-bjorgulv-vinje-borgundvaag","10":"tag-breaking-news","11":"tag-breakingnews","12":"tag-byradsleder-eirik-lae-solberg","13":"tag-featured-news","14":"tag-featurednews","15":"tag-headlines","16":"tag-julianne-ofstad","17":"tag-julie-remen-midtgarden","18":"tag-latest-news","19":"tag-latestnews","20":"tag-myntgata","21":"tag-news","22":"tag-no","23":"tag-norge","24":"tag-norway","25":"tag-nyheter","26":"tag-ola-wolff-elvevold","27":"tag-opinion","28":"tag-overskrifter","29":"tag-politikk","30":"tag-skolebehovsplanen","31":"tag-top-stories","32":"tag-topstories","33":"tag-videregaende-skole"},"share_on_mastodon":{"url":"https:\/\/pubeurope.com\/@no\/115738403640394246","error":""},"_links":{"self":[{"href":"https:\/\/www.europesays.com\/no\/wp-json\/wp\/v2\/posts\/116082","targetHints":{"allow":["GET"]}}],"collection":[{"href":"https:\/\/www.europesays.com\/no\/wp-json\/wp\/v2\/posts"}],"about":[{"href":"https:\/\/www.europesays.com\/no\/wp-json\/wp\/v2\/types\/post"}],"author":[{"embeddable":true,"href":"https:\/\/www.europesays.com\/no\/wp-json\/wp\/v2\/users\/2"}],"replies":[{"embeddable":true,"href":"https:\/\/www.europesays.com\/no\/wp-json\/wp\/v2\/comments?post=116082"}],"version-history":[{"count":0,"href":"https:\/\/www.europesays.com\/no\/wp-json\/wp\/v2\/posts\/116082\/revisions"}],"wp:featuredmedia":[{"embeddable":true,"href":"https:\/\/www.europesays.com\/no\/wp-json\/wp\/v2\/media\/116083"}],"wp:attachment":[{"href":"https:\/\/www.europesays.com\/no\/wp-json\/wp\/v2\/media?parent=116082"}],"wp:term":[{"taxonomy":"category","embeddable":true,"href":"https:\/\/www.europesays.com\/no\/wp-json\/wp\/v2\/categories?post=116082"},{"taxonomy":"post_tag","embeddable":true,"href":"https:\/\/www.europesays.com\/no\/wp-json\/wp\/v2\/tags?post=116082"}],"curies":[{"name":"wp","href":"https:\/\/api.w.org\/{rel}","templated":true}]}}