{"id":116086,"date":"2025-12-18T03:30:26","date_gmt":"2025-12-18T03:30:26","guid":{"rendered":"https:\/\/www.europesays.com\/no\/116086\/"},"modified":"2025-12-18T03:30:26","modified_gmt":"2025-12-18T03:30:26","slug":"trafikk-ulykker-trailer-koyrde-inn-i-skilt-gjenstandar-trefte-bilen-bak","status":"publish","type":"post","link":"https:\/\/www.europesays.com\/no\/116086\/","title":{"rendered":"Trafikk, Ulykker | Trailer k\u00f8yrde inn i skilt \u2013 gjenstandar trefte bilen bak"},"content":{"rendered":"\n<p>Ein trailer har k\u00f8yrt i h\u00f8gdebegrensaren i Sundafjellstunnelen p\u00e5 rv. 5 mellom Flor\u00f8 og Storebru. <\/p>\n<p>\u2013 Det skal ha falle gjenstandar ned p\u00e5 bilen bak, seier Frode Kolltveit, operasjonsleiar ved Vest politidistrikt til Firda. <\/p>\n<p>Kolltveit fortel at det ikkje er meldt om personskade, men at bilen som har blitt treft skal ha f\u00e5tt mindre materielle skadar. <\/p>\n<p>Traileren st\u00e5r 100 meter inn i tunnelen mot F\u00f8rde.<\/p>\n<p><b>Trailer og personbil er ute av tunnelen og den er open igjen, melder Kolltveit klokka 17.08. <\/b><\/p>\n<p>Politiet har gjennomf\u00f8rt avh\u00f8yr av dei involverte.<\/p>\n<p>Klokka 17.42 melder politiet at entrepren\u00f8r er p\u00e5 plass. Dei vil gjere unders\u00f8kingar i tunneltaket og stenger dermed tunnelen inntil vidare. <\/p>\n<p><b>SISTE: <\/b>Klokka 18.16 melder politiet at tunnelen er open igjen. Dei opprettar sak p\u00e5 hendinga. <\/p>\n","protected":false},"excerpt":{"rendered":"Ein trailer har k\u00f8yrt i h\u00f8gdebegrensaren i Sundafjellstunnelen p\u00e5 rv. 5 mellom Flor\u00f8 og Storebru. \u2013 Det skal&hellip;\n","protected":false},"author":2,"featured_media":231,"comment_status":"","ping_status":"","sticky":false,"template":"","format":"standard","meta":{"footnotes":""},"categories":[10],"tags":[36,20,21,24,25,15,6234,22,23,13,30,28,29,14,16,1510,26,27,224,1204],"class_list":{"0":"post-116086","1":"post","2":"type-post","3":"status-publish","4":"format-standard","5":"has-post-thumbnail","7":"category-norge","8":"tag-art","9":"tag-breaking-news","10":"tag-breakingnews","11":"tag-featured-news","12":"tag-featurednews","13":"tag-headlines","14":"tag-kinn","15":"tag-latest-news","16":"tag-latestnews","17":"tag-news","18":"tag-no","19":"tag-norge","20":"tag-norway","21":"tag-nyheter","22":"tag-overskrifter","23":"tag-story","24":"tag-top-stories","25":"tag-topstories","26":"tag-trafikk","27":"tag-ulykker"},"share_on_mastodon":{"url":"https:\/\/pubeurope.com\/@no\/115738458382249292","error":""},"_links":{"self":[{"href":"https:\/\/www.europesays.com\/no\/wp-json\/wp\/v2\/posts\/116086","targetHints":{"allow":["GET"]}}],"collection":[{"href":"https:\/\/www.europesays.com\/no\/wp-json\/wp\/v2\/posts"}],"about":[{"href":"https:\/\/www.europesays.com\/no\/wp-json\/wp\/v2\/types\/post"}],"author":[{"embeddable":true,"href":"https:\/\/www.europesays.com\/no\/wp-json\/wp\/v2\/users\/2"}],"replies":[{"embeddable":true,"href":"https:\/\/www.europesays.com\/no\/wp-json\/wp\/v2\/comments?post=116086"}],"version-history":[{"count":0,"href":"https:\/\/www.europesays.com\/no\/wp-json\/wp\/v2\/posts\/116086\/revisions"}],"wp:featuredmedia":[{"embeddable":true,"href":"https:\/\/www.europesays.com\/no\/wp-json\/wp\/v2\/media\/231"}],"wp:attachment":[{"href":"https:\/\/www.europesays.com\/no\/wp-json\/wp\/v2\/media?parent=116086"}],"wp:term":[{"taxonomy":"category","embeddable":true,"href":"https:\/\/www.europesays.com\/no\/wp-json\/wp\/v2\/categories?post=116086"},{"taxonomy":"post_tag","embeddable":true,"href":"https:\/\/www.europesays.com\/no\/wp-json\/wp\/v2\/tags?post=116086"}],"curies":[{"name":"wp","href":"https:\/\/api.w.org\/{rel}","templated":true}]}}