{"id":116096,"date":"2025-12-18T04:08:11","date_gmt":"2025-12-18T04:08:11","guid":{"rendered":"https:\/\/www.europesays.com\/no\/116096\/"},"modified":"2025-12-18T04:08:11","modified_gmt":"2025-12-18T04:08:11","slug":"arbeidsliv-mosjoen-maja-34-ble-en-av-de-heldige-jeg-far-ikke-helt-den-losningen-til-a-stemme-helgelendingen","status":"publish","type":"post","link":"https:\/\/www.europesays.com\/no\/116096\/","title":{"rendered":"Arbeidsliv, Mosj\u00f8en | Maja (34) ble en av de heldige: \u2013 Jeg f\u00e5r ikke helt den l\u00f8sningen til \u00e5 stemme &#8211; Helgelendingen"},"content":{"rendered":"<ol>\n<li><a href=\"https:\/\/news.google.com\/rss\/articles\/CBMirAFBVV95cUxNMUFMMW9MMFhNcDdmQTdQZG5hS3Fha0JnVFJPYy1oSVVBRkZ3NGJOLUJuXzVXTU1aOGlSdHJQVE9LdklITVI1cDVka2NJRFJsVWlYUjdnMHJJVmZaSWxrNWF2QTUteDljY2ZPOFlsem83bFl2TDhGOWZQcXY0VU9zci1Pc1pKcFdDalVPRTdtRnRDaURzbnZKbl9uVnpoYXczUGl0MGpWOW0ycE9v?oc=5\" target=\"_blank\" rel=\"nofollow noopener\">Arbeidsliv, Mosj\u00f8en | Maja (34) ble en av de heldige: \u2013 Jeg f\u00e5r ikke helt den l\u00f8sningen til \u00e5 stemme<\/a>&nbsp;&nbsp;Helgelendingen<\/li>\n<li><a href=\"https:\/\/news.google.com\/rss\/articles\/CBMihgFBVV95cUxPcDNKcU1nM0w5NkJSRjJNTlZ4RVJUVGZsbjlrMWhkZHJaR1FqTGw2OW5NQVJzTzNuYlhNamlDMllzNnpqekdOVm9NSThOMEJNc0lCRGJfVTFILV9aX1BmRmd4MlBKOXRzYWc3MjJ6bVVaWlhUSjAzVVBEYWs3MWpuamRfRk1QUQ?oc=5\" target=\"_blank\" rel=\"nofollow noopener\">Kommentar: Statens skattelotteri skaper full forvirring<\/a>&nbsp;&nbsp;VG<\/li>\n<li><a href=\"https:\/\/news.google.com\/rss\/articles\/CBMioAFBVV95cUxPSmo3UUlkVmF1Wm0tRWJzM09JcjE5amwwLWVXN2FKdjJkcGU5a21Wb1d4WWVMLXVsVVJlLTFvRktlQWFnWi1Pb0ZKY3FfTVRqcXVmRXdBSmQ2cU8ySDk5YkZ0ZEdoYW1CTUdkTWRnQXUxbUlienk3V29vcEdrM283eDJDUGxuOWktbHZsX2hxMnhDT2pnTnZMWmdjQ3BpT2Yw?oc=5\" target=\"_blank\" rel=\"nofollow noopener\">Lin\u00e9a trodde det var umulig \u2013 s\u00e5 \u00e5pnet hun meldingen<\/a>&nbsp;&nbsp;agderposten.no<\/li>\n<li><a href=\"https:\/\/news.google.com\/rss\/articles\/CBMinwFBVV95cUxOR1BsYlVXbHAzbGhWRWtiUEkxQXdXZmY4MzZHeEc1ejlzODdpOUVSck5rYjNham5NRTREWERlZnpEd294eHBoXzRmOUdyWkhjMS1IbmdPOWVzREJHZV9tVjc3ZkU2NmlvMVhoTWY2TXFYZ2NxY19BdlN0MExWZGRxcjNpUFJROElGUUxKSGJCRW8zNGxvUEs0X3RtY2FGN1k?oc=5\" target=\"_blank\" rel=\"nofollow noopener\">Lukas (21) ble trukket ut i skattelotteri: \u2013 Jeg er mer motivert<\/a>&nbsp;&nbsp;E24<\/li>\n<li><a href=\"https:\/\/news.google.com\/rss\/articles\/CBMinwFBVV95cUxOcDdxTjJGbjlHYkdxb1hxOXI3XzJlcE9NYUg0RTJjZV9lQTJWb0NkRnZNVEp3SHBwQ1BWUDFkQ2NTenJGRVJ3OGJQMG1vMlRrQjFsM2xYdEE2dTdnUzdPRzhCd1daRkFZeXVkLXc0SURRZWtkdlBuLVB3aW5aV2dhYm1RZ0doQi1ZMU1sWl9BYWpnbHhsQU5HWXhzU29iRGc?oc=5\" target=\"_blank\" rel=\"nofollow noopener\">Linn Sophie (21) vant i skattelotteri: \u2013 Jeg skj\u00f8nte det ikke helt<\/a>&nbsp;&nbsp;opp.no<\/li>\n<\/ol>\n","protected":false},"excerpt":{"rendered":"Arbeidsliv, Mosj\u00f8en | Maja (34) ble en av de heldige: \u2013 Jeg f\u00e5r ikke helt den l\u00f8sningen til&hellip;\n","protected":false},"author":2,"featured_media":116097,"comment_status":"","ping_status":"","sticky":false,"template":"","format":"standard","meta":{"footnotes":""},"categories":[5],"tags":[20,21,24,25,15,19,22,23,17,18,13,30,28,29,14,16,26,27],"class_list":{"0":"post-116096","1":"post","2":"type-post","3":"status-publish","4":"format-standard","5":"has-post-thumbnail","7":"category-overskrifter","8":"tag-breaking-news","9":"tag-breakingnews","10":"tag-featured-news","11":"tag-featurednews","12":"tag-headlines","13":"tag-hovedoppslag","14":"tag-latest-news","15":"tag-latestnews","16":"tag-main-news","17":"tag-mainnews","18":"tag-news","19":"tag-no","20":"tag-norge","21":"tag-norway","22":"tag-nyheter","23":"tag-overskrifter","24":"tag-top-stories","25":"tag-topstories"},"share_on_mastodon":{"url":"https:\/\/pubeurope.com\/@no\/115738607791981406","error":""},"_links":{"self":[{"href":"https:\/\/www.europesays.com\/no\/wp-json\/wp\/v2\/posts\/116096","targetHints":{"allow":["GET"]}}],"collection":[{"href":"https:\/\/www.europesays.com\/no\/wp-json\/wp\/v2\/posts"}],"about":[{"href":"https:\/\/www.europesays.com\/no\/wp-json\/wp\/v2\/types\/post"}],"author":[{"embeddable":true,"href":"https:\/\/www.europesays.com\/no\/wp-json\/wp\/v2\/users\/2"}],"replies":[{"embeddable":true,"href":"https:\/\/www.europesays.com\/no\/wp-json\/wp\/v2\/comments?post=116096"}],"version-history":[{"count":0,"href":"https:\/\/www.europesays.com\/no\/wp-json\/wp\/v2\/posts\/116096\/revisions"}],"wp:featuredmedia":[{"embeddable":true,"href":"https:\/\/www.europesays.com\/no\/wp-json\/wp\/v2\/media\/116097"}],"wp:attachment":[{"href":"https:\/\/www.europesays.com\/no\/wp-json\/wp\/v2\/media?parent=116096"}],"wp:term":[{"taxonomy":"category","embeddable":true,"href":"https:\/\/www.europesays.com\/no\/wp-json\/wp\/v2\/categories?post=116096"},{"taxonomy":"post_tag","embeddable":true,"href":"https:\/\/www.europesays.com\/no\/wp-json\/wp\/v2\/tags?post=116096"}],"curies":[{"name":"wp","href":"https:\/\/api.w.org\/{rel}","templated":true}]}}