{"id":116098,"date":"2025-12-18T04:10:09","date_gmt":"2025-12-18T04:10:09","guid":{"rendered":"https:\/\/www.europesays.com\/no\/116098\/"},"modified":"2025-12-18T04:10:09","modified_gmt":"2025-12-18T04:10:09","slug":"det-saret-meg-litt","status":"publish","type":"post","link":"https:\/\/www.europesays.com\/no\/116098\/","title":{"rendered":"&#8211; Det s\u00e5ret meg litt"},"content":{"rendered":"<p class=\"font-weight-bold m-font-weight-bold\" data-lab-font_weight=\"font-weight-bold\">&#8211; Problemet med lojalitet er at det ikke blir sett p\u00e5 s\u00e5nn som det en gang ble.\u00a0<\/p>\n<p data-lab-font_weight=\"\">Det sier Bruno Fernandes i et intervju med portugisiske Canal 11. If\u00f8lge Manchester United ble intervjuet gjort for noen uker siden mens han var p\u00e5 landslagssamling. Det ble alts\u00e5 ikke gjort etter mandagens Bournemouth-kamp. Det melder flere journalister, deriblant <a href=\"https:\/\/x.com\/RichFay\/status\/2000901101185323290\" target=\"_blank\" rel=\"nofollow\">Rich Fay<\/a>.\u00a0<\/p>\n<p data-lab-font_weight=\"\">Intervjuet ble imidlertid\u00a0 etter mandagens 4-4-kamp. I intervjuet \u00e5pner United-kapteinen opp om hva som foregikk i sommer da han kunne forlatt Old Trafford &#8211; og om hvordan klubbens respons s\u00e5ret ham.<\/p>\n<p data-lab-font_weight=\"\">La oss f\u00f8rst spole litt tilbake.<\/p>\n<p>Sommeren 2025, etter en begredelig United-sesong som endte med 15. plass p\u00e5 tabellen og tap i Europa League-finalen, var det mange rykter om at Bruno Fernandes kunne ende opp med \u00e5 forlate United.\u00a0<\/p>\n<p>Saudiarabiske Al Hilal tilbydde b\u00e5de United og Fernandes svimlende summer og beskjeden fra United skal ha v\u00e6rt\u00a0\u00abvi \u00f8nsker at du blir, men stopper deg ikke om du vil dra\u00bb.\u00a0 Etter mange rykter og massevis av spekulasjon landet Bruno Fernandes p\u00e5 \u00e5 bli v\u00e6rende.\u00a0<\/p>\n<p class=\"font-weight-bold m-font-weight-bold\" data-lab-font_weight=\"font-weight-bold\">Denne sesongen har han v\u00e6rt str\u00e5lende og st\u00e5r med tre m\u00e5l og syv assists i ligaen. Ingen i Premier League har sl\u00e5tt flere m\u00e5lgivende pasninger og kun Erling Braut Haaland har v\u00e6rt direkte involvert i flere scoringer.\u00a0<\/p>\n<p>                <img decoding=\"async\" src=\"https:\/\/www.europesays.com\/no\/wp-content\/uploads\/2025\/12\/1407638.webp\" width=\"480\" height=\"274\" title=\"Bruno Fernandes har v\u00e6rt sv\u00e6rt m\u00e5lfarlig for United denne sesongen.\" alt=\"\" loading=\"lazy\" style=\"\"\/><\/p>\n<p>\n            Bruno Fernandes har v\u00e6rt sv\u00e6rt m\u00e5lfarlig for United denne sesongen.<br \/>\n            Alex Pantling\n        <\/p>\n<p class=\"font-weight-bold m-font-weight-bold\" data-lab-font_weight=\"font-weight-bold\">&#8211; Jeg kunne ha dratt i sommer og jeg hadde tjent mye mer penger. Jeg skulle dra for \u00e9n sesong siden. Jeg vil ikke si hvor, men jeg hadde vunnet mange titler den sesongen. Jeg valgte \u00e5 bli p\u00e5 grunn av familien, men ogs\u00e5 fordi jeg virkelig elsker klubben. Samtalen med treneren fikk meg ogs\u00e5 til \u00e5 bli, siteres Bruno p\u00e5 av det portugisiske nettstedet <a href=\"https:\/\/maisfutebol.iol.pt\/made-in\/bruno-fernandes\/bruno-fernandes-al-hilal-magoa-me-um-bocado-o-united-queria-que-eu-fosse\" target=\"_blank\" rel=\"nofollow noopener\">Maisfutebol<\/a>.<\/p>\n<p>Sitatene har ogs\u00e5 blitt gjengitt av <a href=\"https:\/\/sportwitness.co.uk\/the-club-wanted-me-to-go-bruno-fernandes-believes-manchester-united-wanted-him-out\/\" target=\"_blank\" rel=\"nofollow noopener\">Sport Witness<\/a>.<\/p>\n<p>N\u00e5r han sier\u00a0\u00abskulle dra for \u00e9n sesong siden\u00bb er det ikke helt enkelt \u00e5 vite om han snakker om sommeren 2024 eller sommeren 2025.\u00a0<\/p>\n<p>I sistnevnte sommer var han som nevnt \u00f8nsket av styrtrike Al Hilal, mens han sommeren f\u00f8r ble hyppig koblet til Bayern M\u00fcnchen.\u00a0<\/p>\n<p>Uansett virker ikke Bruno Fernandes \u00e5 v\u00e6re helt forn\u00f8yd med klubbens respons p\u00e5 det hele.\u00a0<\/p>\n<p class=\"font-weight-bold m-font-weight-bold\" data-lab-font_weight=\"font-weight-bold\">&#8211; Fra klubbens side f\u00f8ltes det som de sa\u00a0\u00abdet er ikke s\u00e5 ille for oss om du drar\u00bb. Det s\u00e5ret meg litt. Og det er mer enn s\u00e5rt, det gj\u00f8r meg trist fordi jeg er en spiller de (United-ledelsen) ikke kan kritisere, sier Fernandes, og begrunner:\u00a0<\/p>\n<p class=\"font-weight-bold m-font-weight-bold\" data-lab-font_weight=\"font-weight-bold\">&#8211; Jeg er alltid tilgjengelig. Jeg spiller alltid, enten det g\u00e5r bra eller d\u00e5rlig. Jeg gj\u00f8r mitt beste. Og s\u00e5 ser du ting rundt deg, spillere som ikke verdsetter klubben like mye eller forsvarer klubben like mye &#8230; Det gj\u00f8r deg trist.\u00a0<\/p>\n<p>                <img decoding=\"async\" src=\"https:\/\/www.europesays.com\/no\/wp-content\/uploads\/2025\/12\/1407043.webp\" width=\"480\" height=\"274\" title=\"- Det s\u00e5ret meg litt\" alt=\"Casemiro og Bruno Fernandes ser fortvilt ut etter 1-1 mot West Ham p\u00e5 Old Trafford, 4. desember 2025.\" loading=\"lazy\" style=\"\"\/><\/p>\n<p>            Alex Livesey\n        <\/p>\n<p>Mer konkret om Al Hilal-interessen fra i sommer sier han:<\/p>\n<p>&#8211; Personen som snakket med meg var Al Hilals president. Han ringte meg direkte. R\u00faben Neves sendte meg en melding og sa han ville snakke med meg. De ville at jeg skulle v\u00e6re med til klubb-VM, forteller Bruno, og fortsetter:\u00a0<\/p>\n<p>&#8211; Jeg kan ikke klage. Jeg tjener veldig bra, men forskjellen er naturligvis enorm. Men det var aldri det som styrte meg. Om jeg en dag m\u00e5 spille i Saudi-Arabia s\u00e5 gj\u00f8r jeg det. Det vil v\u00e6re en helt annen livsstil og barna mine sitt liv vil v\u00e6re fullt av solskinn etter seks \u00e5r med kulde og regn i Manchester. Jeg kan spille i en voksende liga med anerkjente spillere. Jeg kunne dratt s\u00e5nn som mange gj\u00f8r og sagt at jeg vil dra og at jeg ikke vil trene.<\/p>\n<p class=\"font-weight-bold m-font-weight-bold\" data-lab-font_weight=\"font-weight-bold\">&#8211; Men jeg gjorde aldri det. Jeg f\u00f8lte aldri at jeg kunne det p\u00e5 grunn av kj\u00e6rligheten jeg har til klubben (United).\u00a0<\/p>\n<p>                <img decoding=\"async\" src=\"https:\/\/www.europesays.com\/no\/wp-content\/uploads\/2025\/12\/1396712.webp\" width=\"480\" height=\"274\" title=\"- Det s\u00e5ret meg litt\" alt=\"\" loading=\"lazy\" style=\"\"\/><\/p>\n<p>            James Gill &#8211; Danehouse\n        <\/p>\n<p class=\"font-weight-bold m-font-weight-bold\" data-lab-font_weight=\"font-weight-bold\">&#8211; Klubben ville at jeg skulle dra. Det har jeg i bakhodet. Jeg sa det til direkt\u00f8rene, men jeg tror ikke de hadde motet til \u00e5 ta den avgj\u00f8relsen fordi manageren \u00f8nsket at jeg skulle bli. Hadde jeg sagt at jeg \u00f8nsket \u00e5 dra hadde de latt meg dra. Det kommer til et punkt der penger, for dem (klubben), er viktigere enn alt annet, siteres Fernandes p\u00e5.\u00a0<\/p>\n<p>Det har v\u00e6rt flere rapporter om at dette kan v\u00e6re Bruno Fernandes&#8217; siste sesong som Manchester United-spiller. Portugiseren er 31 \u00e5r n\u00e5 og fyller 32 neste \u00e5r. Kontrakten hans utl\u00f8per sommeren 2027, men klubben har mulighet til \u00e5 forlenge med ytterligere ett \u00e5r.\u00a0<\/p>\n<p>BBC-journalist Simon Stone melder p\u00e5 <a href=\"https:\/\/x.com\/sistoney67\/status\/2000907007113748729\" target=\"_blank\" rel=\"nofollow\">X<\/a> at Bruno Fernandes fortsatt har ting han \u00f8nsker \u00e5 oppn\u00e5 med Manchester United, men at han er avhengig av \u00e5 f\u00f8le at United er i en posisjon til \u00e5 oppn\u00e5 disse tingene.\u00a0<\/p>\n<p>Stone og flere andre britiske journalister melder tirsdag ettermiddag at Bruno Fernandes ikke er til salgs og at United ser p\u00e5 ham som en viktig brikke p\u00e5 b\u00e5de kort og lang sikt.\u00a0<\/p>\n<p>Han har v\u00e6rt United-spiller siden januar 2020, har spilt 307 kamper, scoret 103 m\u00e5l og sl\u00e5tt 93 m\u00e5lgivende pasninger.\u00a0<\/p>\n","protected":false},"excerpt":{"rendered":"&#8211; Problemet med lojalitet er at det ikke blir sett p\u00e5 s\u00e5nn som det en gang ble.\u00a0 Det&hellip;\n","protected":false},"author":2,"featured_media":116099,"comment_status":"","ping_status":"","sticky":false,"template":"","format":"standard","meta":{"footnotes":""},"categories":[59],"tags":[30,28,29,83,82],"class_list":{"0":"post-116098","1":"post","2":"type-post","3":"status-publish","4":"format-standard","5":"has-post-thumbnail","7":"category-sport","8":"tag-no","9":"tag-norge","10":"tag-norway","11":"tag-sport","12":"tag-sports"},"share_on_mastodon":{"url":"https:\/\/pubeurope.com\/@no\/115738616082529693","error":""},"_links":{"self":[{"href":"https:\/\/www.europesays.com\/no\/wp-json\/wp\/v2\/posts\/116098","targetHints":{"allow":["GET"]}}],"collection":[{"href":"https:\/\/www.europesays.com\/no\/wp-json\/wp\/v2\/posts"}],"about":[{"href":"https:\/\/www.europesays.com\/no\/wp-json\/wp\/v2\/types\/post"}],"author":[{"embeddable":true,"href":"https:\/\/www.europesays.com\/no\/wp-json\/wp\/v2\/users\/2"}],"replies":[{"embeddable":true,"href":"https:\/\/www.europesays.com\/no\/wp-json\/wp\/v2\/comments?post=116098"}],"version-history":[{"count":0,"href":"https:\/\/www.europesays.com\/no\/wp-json\/wp\/v2\/posts\/116098\/revisions"}],"wp:featuredmedia":[{"embeddable":true,"href":"https:\/\/www.europesays.com\/no\/wp-json\/wp\/v2\/media\/116099"}],"wp:attachment":[{"href":"https:\/\/www.europesays.com\/no\/wp-json\/wp\/v2\/media?parent=116098"}],"wp:term":[{"taxonomy":"category","embeddable":true,"href":"https:\/\/www.europesays.com\/no\/wp-json\/wp\/v2\/categories?post=116098"},{"taxonomy":"post_tag","embeddable":true,"href":"https:\/\/www.europesays.com\/no\/wp-json\/wp\/v2\/tags?post=116098"}],"curies":[{"name":"wp","href":"https:\/\/api.w.org\/{rel}","templated":true}]}}